{"id":529186,"date":"2025-11-12T13:49:10","date_gmt":"2025-11-12T13:49:10","guid":{"rendered":"https:\/\/www.europesays.com\/fr\/529186\/"},"modified":"2025-11-12T13:49:10","modified_gmt":"2025-11-12T13:49:10","slug":"comment-esperer-les-observer-dans-les-bouches-du-rhone","status":"publish","type":"post","link":"https:\/\/www.europesays.com\/fr\/529186\/","title":{"rendered":"comment esp\u00e9rer les observer dans les Bouches-du-Rh\u00f4ne\u00a0?"},"content":{"rendered":"<p>            Par<br \/>\n        <strong><br \/>\n            <a href=\"https:\/\/actu.fr\/auteur\/fabien-binacchi\" title=\"Consulter tous les articles de Fabien Binacchi\" target=\"_blank\" rel=\"noopener\">Fabien Binacchi<\/a><br \/>\n        <\/strong><\/p>\n<p>        Publi\u00e9 le<\/p>\n<p>            12 nov. 2025 \u00e0 14h30        <\/p>\n<p>Priv\u00e9s de spectacle c\u00e9leste. Alors que de nombreux Fran\u00e7ais ont pu observer d\u2019<strong>impressionnantes aurores bor\u00e9ales,<\/strong> ce matin du mercredi 12\u00a0novembre 2025, un ciel bouch\u00e9 a emp\u00each\u00e9 les habitants de <a href=\"https:\/\/actu.fr\/marseille\/\" target=\"_blank\" rel=\"noopener\">Marseille<\/a> et des <a href=\"https:\/\/actu.fr\/provence-alpes-cote-d-azur\/bouches-du-rhone_13\" target=\"_blank\" rel=\"noopener\">Bouches-du-Rh\u00f4ne<\/a> de les admirer. Mais tout n\u2019est pas perdu\u2009: une nouvelle \u00e9ruption solaire est en approche pour la fin de la journ\u00e9e.<\/p>\n<p class=\" wall-content\">Voil\u00e0 comment esp\u00e9rer (enfin) en profiter dans le d\u00e9partement.<\/p>\n<p>La plus forte \u00e9ruption enregistr\u00e9e cette ann\u00e9e<\/p>\n<p class=\" wall-content\">Les l\u00e8ve-t\u00f4t de Marseille n\u2019ont pas vraiment pu profiter du ph\u00e9nom\u00e8ne, pourtant visible ailleurs en France entre 3h et 5h ce mercredi 12\u00a0novembre\u2009: \u00ab\u2009Les <strong>nuages bas<\/strong> \u00e9taient tr\u00e8s pr\u00e9sents r\u00e9duisant fortement son observation\u2009\u00bb, explique le m\u00e9t\u00e9orologue Paul Marquis.<\/p>\n<p class=\" wall-content\">Que ces amateurs se rassurent\u2009: \u00ab\u2009Une nouvelle \u00e9ruption solaire est en approche d\u2019<strong>une puissance de X5.2<\/strong>\u2009\u00bb, la plus forte enregistr\u00e9e cette ann\u00e9e, et elle est \u00ab\u2009dirig\u00e9e vers nous\u2009\u00bb, s\u2019enthousiasme le sp\u00e9cialiste du ciel, fondateur de <a href=\"https:\/\/www.facebook.com\/lameteodu13\" target=\"_blank\" rel=\"noopener\">La M\u00e9t\u00e9o du 13.<\/a><\/p>\n<p>Regarder vers le Nord d\u00e8s 19h<\/p>\n<p class=\" wall-content\">L\u2019horaire pr\u00e9sum\u00e9 de ces nouvelles aurores bor\u00e9ales, dont rien ne peut garantir qu\u2019elles appara\u00eetront forc\u00e9ment, s\u2019annonce plus pratique\u2009: cette nouvelle salve \u00ab\u2009devrait impacter la terre <strong>entre la fin d\u2019apr\u00e8s-midi et le d\u00e9but de nuit<\/strong>\u2009\u00bb ce mercredi, pr\u00e9cise-t-il encore. Il faudra donc commencer \u00e0 lever la t\u00eate vers le Nord \u00e0 partir de 19h.<\/p>\n<p>    <a href=\"https:\/\/www.facebook.com\/plugins\/post.php?href=https%3A%2F%2Fwww.facebook.com%2Flameteodu13%2Fposts%2Fpfbid0mZU2Mykssywbc75LDvSCpLaqiKzWUU9KRXnHvFgetvXQNsShBFMQciyYLaQy9Uc8l&amp;show_text=true&amp;width=350\" title=\"Ouvrie le lien\" target=\"_blank\" rel=\"noopener\">Cliquez ici pour visualiser le contenu<\/a><\/p>\n<p class=\" wall-content\">En revanche, il va encore falloir composer avec un ciel partiellement voil\u00e9. Paul Marquis appelle \u00e0 \u00ab\u2009\u00e9viter les nuages bas <strong>du littoral et de l\u2019Ouest<\/strong>\u2009\u00bb du d\u00e9partement des Bouches-du-Rh\u00f4ne. L\u2019id\u00e9al, pour les amateurs les plus motiv\u00e9s, serait m\u00eame de \u00ab\u2009monter plus haut dans les Alpes-de-Haute-Provence ou les Hautes-Alpes\u2009\u00bb, pr\u00e9cise-t-il \u00e0 actu Marseille.<\/p>\n<p>Votre r\u00e9gion, votre actu !<\/p>\n<p>Recevez chaque jour les infos qui comptent pour vous.<\/p>\n<p>\t<a href=\"https:\/\/actu.fr\/newsletter\" class=\"ac-btn ac-btn--corner ac-btn--medium ac-btn--blue800\" target=\"_blank\" rel=\"noopener\">S&rsquo;incrire<\/a><\/p>\n<blockquote class=\"ac-article-quote wall-content\">\n<p>Il faut \u00e9galement s&rsquo;\u00e9loigner des villes et de la pollution lumineuse.<\/p>\n<p>    <strong>Paul Marquis<\/strong>\n            <\/p><\/blockquote>\n<p>D\u00e9j\u00e0 bien visibles dans les Alpes-Maritimes<\/p>\n<p class=\" wall-content\">Dans tous les cas, le spectacle vaut quelques sacrifices. Dans les Alpes-Maritimes, ceux qui ont pu y assister ou tous ceux qui ont profit\u00e9 des photos, a posteriori, en sont quittes pour des \u00e9toiles plein les yeux. \u00ab\u2009Waouh\u2009\u00bb, \u00ab\u2009Splendide\u2009\u00bb, \u00ab\u2009Un spectacle incroyable\u2009\u00bb\u2026 Les commentaires ne manquent pas sur les r\u00e9seaux sociaux, comme le relate <a href=\"https:\/\/actu.fr\/provence-alpes-cote-d-azur\/la-gaude_06065\/aurores-boreales-pres-de-nice-un-spectacle-incroyable-dans-le-ciel-de-la-cote-d-azur-les-images_63425679.html\" target=\"_blank\" rel=\"noopener\">actu Nice.<\/a><\/p>\n<p class=\" wall-content\">Ces aurores bor\u00e9ales, qui <strong>ont color\u00e9 la nuit noire d\u2019un rose vibrant,<\/strong> \u00e9taient visibles \u00e0 plusieurs endroits du d\u00e9partement. Notamment dans des communes limitrophes de la capitale azur\u00e9enne, o\u00f9 le ciel \u00e9tait bien plus d\u00e9gag\u00e9.<\/p>\n<p class=\" wall-content\">Personnalisez votre actualit\u00e9 en ajoutant vos villes et m\u00e9dias en favori avec <a href=\"https:\/\/moncompte.actu.fr\" title=\"D\u00e9couvez Mon Actu\" rel=\"nofollow noopener\" data-trk=\"{&quot;cta&quot;:{&quot;action&quot;:&quot;https:\\\/\\\/moncompte.actu.fr&quot;,&quot;category&quot;:&quot;mon compte&quot;,&quot;from&quot;:&quot;article footer&quot;,&quot;name&quot;:&quot;Mon actu&quot;,&quot;type&quot;:&quot;cta&quot;}}\" target=\"_blank\">Mon Actu<\/a>.<\/p>\n","protected":false},"excerpt":{"rendered":"Par Fabien Binacchi Publi\u00e9 le 12 nov. 2025 \u00e0 14h30 Priv\u00e9s de spectacle c\u00e9leste. Alors que de nombreux&hellip;\n","protected":false},"author":2,"featured_media":529187,"comment_status":"","ping_status":"","sticky":false,"template":"","format":"standard","meta":{"footnotes":""},"categories":[2814],"tags":[1111,11,64821,1777,674,1011,27,884,2357,12,882,25,2631],"class_list":{"0":"post-529186","1":"post","2":"type-post","3":"status-publish","4":"format-standard","5":"has-post-thumbnail","7":"category-marseille","8":"tag-actu","9":"tag-actualites","10":"tag-aurores-boreales","11":"tag-eu","12":"tag-europe","13":"tag-fr","14":"tag-france","15":"tag-marseille","16":"tag-meteo-france","17":"tag-news","18":"tag-provence-alpes-cote-dazur","19":"tag-republique-francaise","20":"tag-sciences-technologie"},"share_on_mastodon":{"url":"https:\/\/pubeurope.com\/@fr\/115537049231794981","error":""},"_links":{"self":[{"href":"https:\/\/www.europesays.com\/fr\/wp-json\/wp\/v2\/posts\/529186","targetHints":{"allow":["GET"]}}],"collection":[{"href":"https:\/\/www.europesays.com\/fr\/wp-json\/wp\/v2\/posts"}],"about":[{"href":"https:\/\/www.europesays.com\/fr\/wp-json\/wp\/v2\/types\/post"}],"author":[{"embeddable":true,"href":"https:\/\/www.europesays.com\/fr\/wp-json\/wp\/v2\/users\/2"}],"replies":[{"embeddable":true,"href":"https:\/\/www.europesays.com\/fr\/wp-json\/wp\/v2\/comments?post=529186"}],"version-history":[{"count":0,"href":"https:\/\/www.europesays.com\/fr\/wp-json\/wp\/v2\/posts\/529186\/revisions"}],"wp:featuredmedia":[{"embeddable":true,"href":"https:\/\/www.europesays.com\/fr\/wp-json\/wp\/v2\/media\/529187"}],"wp:attachment":[{"href":"https:\/\/www.europesays.com\/fr\/wp-json\/wp\/v2\/media?parent=529186"}],"wp:term":[{"taxonomy":"category","embeddable":true,"href":"https:\/\/www.europesays.com\/fr\/wp-json\/wp\/v2\/categories?post=529186"},{"taxonomy":"post_tag","embeddable":true,"href":"https:\/\/www.europesays.com\/fr\/wp-json\/wp\/v2\/tags?post=529186"}],"curies":[{"name":"wp","href":"https:\/\/api.w.org\/{rel}","templated":true}]}}