{"id":529190,"date":"2025-11-12T13:55:21","date_gmt":"2025-11-12T13:55:21","guid":{"rendered":"https:\/\/www.europesays.com\/fr\/529190\/"},"modified":"2025-11-12T13:55:21","modified_gmt":"2025-11-12T13:55:21","slug":"frappe-et-enleve-par-quatre-hommes-cagoules-il-est-retrouve-denude-et-blesse-quelques-heures-plus-tard","status":"publish","type":"post","link":"https:\/\/www.europesays.com\/fr\/529190\/","title":{"rendered":"frapp\u00e9 et enlev\u00e9 par quatre hommes cagoul\u00e9s, il est retrouv\u00e9 d\u00e9nud\u00e9 et bless\u00e9 quelques heures plus tard"},"content":{"rendered":"<p>\n    Un trentenaire a \u00e9t\u00e9 victime d\u2019un enl\u00e8vement violent lundi \u00e0 Oullins-Pierre-B\u00e9nite, au sud de Lyon. Il a \u00e9t\u00e9 retrouv\u00e9 bless\u00e9 quelques heures plus tard dans la m\u00eame commune.<\/p>\n<p class=\"fig-paragraph\">Une enqu\u00eate a \u00e9t\u00e9 ouverte apr\u00e8s la d\u00e9couverte, lundi dans la soir\u00e9e, \u00e0\u00a0<a href=\"http:\/\/www.lefigaro.fr\/lyon\/au-sud-de-lyon-l-opposition-a-la-fusion-des-communes-d-oullins-et-pierre-benite-s-organise-pour-un-referendum-20230302\" data-fig-type=\"Article\" data-gtm-custom-categorie=\"navigation\" data-gtm-custom-action=\"crossclick\" data-gtm-custom-label=\"Contextuel\" data-gtm-event=\"customEventSPE\" data-fig-domain=\"LEFIGARO\" target=\"_blank\" rel=\"noopener\">Oullins-Pierre-B\u00e9nite<\/a>\u00a0(m\u00e9tropole de Lyon) d\u2019un homme \u00e2g\u00e9 d\u2019une trentaine d\u2019ann\u00e9es d\u00e9nud\u00e9 dans le quartier des Hautes-Roches. Selon une information de\u00a0<a href=\"https:\/\/www.bfmtv.com\/lyon\/un-homme-retrouve-blesse-et-denude-apres-avoir-ete-enleve-a-oullins-un-lien-potentiel-avec-le-trafic-de-stupefiants_AN-202511110473.html\" target=\"_blank\" rel=\"sponsored noopener\" data-gtm-custom-categorie=\"navigation\" data-gtm-custom-action=\"crossclick\" data-gtm-custom-label=\"Contextuel\" data-gtm-event=\"customEventSPE\">BFM Lyon<\/a>, confirm\u00e9e au Figaro, la victime\u00a0<a href=\"https:\/\/video.lefigaro.fr\/figaro\/faits-divers\/des-individus-encagoules-et-deguises-en-faux-policiers-tentent-d-enlever-une-personne-en-pleine-rue-au-bourget-20251107\" data-fig-type=\"Video\" data-gtm-custom-categorie=\"navigation\" data-gtm-custom-action=\"crossclick\" data-gtm-custom-label=\"Contextuel\" data-gtm-event=\"customEventSPE\" data-fig-domain=\"LEFIGARO\" target=\"_blank\" rel=\"noopener\">a \u00e9t\u00e9 frapp\u00e9e et enlev\u00e9e par quatre hommes cagoul\u00e9s<\/a>\u00a0vers 19 heures dans le quartier de la Saulaie.<\/p>\n<p class=\"fig-paragraph\">Plusieurs t\u00e9moins de la sc\u00e8ne ont contact\u00e9 les forces de l\u2019ordre apr\u00e8s cette agression qui a eu lieu dans une zone connue pour abriter plusieurs points de deal. Finalement, le trentenaire a \u00e9t\u00e9 retrouv\u00e9 partiellement d\u00e9nud\u00e9 et bless\u00e9 au visage le soir m\u00eame. S\u2019il a \u00e9t\u00e9 hospitalis\u00e9 pour des plaies au visage et plusieurs fractures, ses jours ne sont pas en danger d\u2019apr\u00e8s les informations de nos confr\u00e8res. Une enqu\u00eate est en cours pour comprendre les raisons de cet enl\u00e8vement.<\/p>\n","protected":false},"excerpt":{"rendered":"Un trentenaire a \u00e9t\u00e9 victime d\u2019un enl\u00e8vement violent lundi \u00e0 Oullins-Pierre-B\u00e9nite, au sud de Lyon. Il a \u00e9t\u00e9&hellip;\n","protected":false},"author":2,"featured_media":529191,"comment_status":"","ping_status":"","sticky":false,"template":"","format":"standard","meta":{"footnotes":""},"categories":[1889],"tags":[1111,11,2430,2716,1777,674,1011,27,2428,12,25,887],"class_list":{"0":"post-529190","1":"post","2":"type-post","3":"status-publish","4":"format-standard","5":"has-post-thumbnail","7":"category-lyon","8":"tag-actu","9":"tag-actualites","10":"tag-auvergne-rhone-alpes","11":"tag-enlevement","12":"tag-eu","13":"tag-europe","14":"tag-fr","15":"tag-france","16":"tag-lyon","17":"tag-news","18":"tag-republique-francaise","19":"tag-trafic-de-drogue"},"share_on_mastodon":{"url":"https:\/\/pubeurope.com\/@fr\/115537072812739308","error":""},"_links":{"self":[{"href":"https:\/\/www.europesays.com\/fr\/wp-json\/wp\/v2\/posts\/529190","targetHints":{"allow":["GET"]}}],"collection":[{"href":"https:\/\/www.europesays.com\/fr\/wp-json\/wp\/v2\/posts"}],"about":[{"href":"https:\/\/www.europesays.com\/fr\/wp-json\/wp\/v2\/types\/post"}],"author":[{"embeddable":true,"href":"https:\/\/www.europesays.com\/fr\/wp-json\/wp\/v2\/users\/2"}],"replies":[{"embeddable":true,"href":"https:\/\/www.europesays.com\/fr\/wp-json\/wp\/v2\/comments?post=529190"}],"version-history":[{"count":0,"href":"https:\/\/www.europesays.com\/fr\/wp-json\/wp\/v2\/posts\/529190\/revisions"}],"wp:featuredmedia":[{"embeddable":true,"href":"https:\/\/www.europesays.com\/fr\/wp-json\/wp\/v2\/media\/529191"}],"wp:attachment":[{"href":"https:\/\/www.europesays.com\/fr\/wp-json\/wp\/v2\/media?parent=529190"}],"wp:term":[{"taxonomy":"category","embeddable":true,"href":"https:\/\/www.europesays.com\/fr\/wp-json\/wp\/v2\/categories?post=529190"},{"taxonomy":"post_tag","embeddable":true,"href":"https:\/\/www.europesays.com\/fr\/wp-json\/wp\/v2\/tags?post=529190"}],"curies":[{"name":"wp","href":"https:\/\/api.w.org\/{rel}","templated":true}]}}