{"id":529192,"date":"2025-11-12T13:57:17","date_gmt":"2025-11-12T13:57:17","guid":{"rendered":"https:\/\/www.europesays.com\/fr\/529192\/"},"modified":"2025-11-12T13:57:17","modified_gmt":"2025-11-12T13:57:17","slug":"epide-et-geiq-sunissent-pour-linsertion-professionnelle-des-jeunes","status":"publish","type":"post","link":"https:\/\/www.europesays.com\/fr\/529192\/","title":{"rendered":"EPIDE et GEIQ s&rsquo;unissent pour l&rsquo;insertion professionnelle des jeunes"},"content":{"rendered":"<p><img loading=\"lazy\" decoding=\"async\" alt=\"\u00a9 Shutterstock - Renouvellement d'un partenariat entre EPIDE et GEIQ pour l\u2019insertion des jeunes.\" data-zoom-src=\"https:\/\/www.europesays.com\/fr\/wp-content\/uploads\/2025\/11\/initial-bretigny-sur-orge-epide-geiq.jpg\" data-zoomable=\"\" height=\"702\" src=\"https:\/\/www.europesays.com\/fr\/wp-content\/uploads\/2025\/11\/initial-bretigny-sur-orge-epide-geiq.jpg\" width=\"1248\"\/>  <\/p>\n<p class=\"article-desc\">\u00a9 Shutterstock &#8211; Renouvellement d&rsquo;un partenariat entre EPIDE et GEIQ pour l\u2019insertion des jeunes. <\/p>\n<p>Une nouvelle \u00e9tape a \u00e9t\u00e9 franchie ce 12 novembre dans le partenariat entre les <strong>Groupements d&rsquo;Employeurs pour l&rsquo;Insertion et la Qualification (GEIQ)<\/strong> et l\u2019<a href=\"https:\/\/mesinfos.fr\/77450-montry\/montry-l-insertion-professionnelle-des-jeunes-soutenue-par-une-convention-190493.html\" rel=\"noopener nofollow\" target=\"_blank\">EPIDE<\/a>, avec la signature d\u2019une <strong>convention de renouvellement<\/strong> \u00e0 Br\u00e9tigny-sur-Orge. <\/p>\n<p>L\u2019\u00e9v\u00e9nement a r\u00e9uni <strong>Francis Levy<\/strong>, D\u00e9l\u00e9gu\u00e9 G\u00e9n\u00e9ral de la F\u00e9d\u00e9ration Fran\u00e7aise des GEIQ, et <strong>Camille Tubiana<\/strong>, Directrice g\u00e9n\u00e9rale de l\u2019EPIDE. Cette convention t\u00e9moigne d\u2019un engagement commun pour <strong>favoriser l\u2019insertion professionnelle des jeunes et des publics \u00e9loign\u00e9s de l\u2019emploi<\/strong>. <\/p>\n<p>\u00ab\u00a0Ce partenariat strat\u00e9gique est un atout majeur pour l\u2019insertion des publics les plus fragiles et pour le soutien aux entreprises en qu\u00eate de solutions de recrutement efficaces et p\u00e9rennes\u00a0\u00bb, ont soulign\u00e9 Francis Levy et Camille Tubiana d\u2019une m\u00eame voix. Les deux responsables encouragent les entreprises \u00e0 saisir cette opportunit\u00e9 pour \u00ab\u00a0r\u00e9pondre aux enjeux de recrutement tout en contribuant \u00e0 une soci\u00e9t\u00e9 plus inclusive\u00a0\u00bb. <\/p>\n<p> Une dynamique inclusive <\/p>\n<p>Les <strong>GEIQ<\/strong> sont des acteurs cl\u00e9s de la <a href=\"https:\/\/mesinfos.fr\/93100-montreuil\/fete-des-metiers-et-de-l-alternance-le-medef-idf-veut-lever-les-freins-a-l-emploi-222689.html\" rel=\"noopener nofollow\" target=\"_blank\">formation en alternance<\/a> et de la <strong>qualification professionnelle<\/strong>. En reliant <strong>demandeurs d\u2019emploi<\/strong> et <strong>entreprises en difficult\u00e9 de recrutement<\/strong>, ils permettent \u00e0 chacun de trouver sa place sur le march\u00e9 du travail. Leurs formations, d\u2019une dur\u00e9e de <strong>6 \u00e0 24 mois<\/strong>, offrent une <strong>qualification reconnue<\/strong> et une <strong>exp\u00e9rience professionnelle concr\u00e8te<\/strong>, avec un <strong>accompagnement personnalis\u00e9<\/strong>. En 2024, les GEIQ ont accompagn\u00e9 <strong>16 642 personnes<\/strong>, enregistrant <strong>92 % de r\u00e9ussite \u00e0 l\u2019examen<\/strong> et <strong>70 % de sorties vers l\u2019emploi<\/strong>, dont <strong>55 % en emploi durable<\/strong>.<\/p>\n<p>Le partenariat avec l\u2019<strong>EPIDE<\/strong>, qui accompagne des <strong>jeunes adultes en difficult\u00e9 d\u2019insertion<\/strong>, renforce cette dynamique inclusive. Gr\u00e2ce \u00e0 cette collaboration, les <strong>volontaires des 20 centres EPIDE en France<\/strong> acc\u00e8dent \u00e0 des <strong>formations en alternance<\/strong> dans des secteurs en tension tels que le <strong>BTP<\/strong>, l\u2019<strong>industrie<\/strong>, le <strong>num\u00e9rique<\/strong> ou encore le <strong>m\u00e9dico-social<\/strong>. <\/p>\n<p>Le partenariat <strong>EPIDE-GEIQ<\/strong> repose sur <strong>quatre axes majeurs<\/strong> : <\/p>\n<ul type=\"disc\">\n<li>l\u2019<strong>orientation des jeunes<\/strong> vers des parcours en alternance, <\/li>\n<li>la <strong>valorisation des GEIQ<\/strong> comme tremplin de d\u00e9couverte des m\u00e9tiers, <\/li>\n<li>l\u2019<strong>optimisation des interactions<\/strong> entre les deux r\u00e9seaux, <\/li>\n<li>et la <strong>d\u00e9clinaison locale<\/strong> de la convention nationale.<\/li>\n<\/ul>\n","protected":false},"excerpt":{"rendered":"\u00a9 Shutterstock &#8211; Renouvellement d&rsquo;un partenariat entre EPIDE et GEIQ pour l\u2019insertion des jeunes. Une nouvelle \u00e9tape a&hellip;\n","protected":false},"author":2,"featured_media":529193,"comment_status":"","ping_status":"","sticky":false,"template":"","format":"standard","meta":{"footnotes":""},"categories":[1592],"tags":[1111,11,1777,674,1119,1011,27,662,12,626,25],"class_list":{"0":"post-529192","1":"post","2":"type-post","3":"status-publish","4":"format-standard","5":"has-post-thumbnail","7":"category-ile-de-france","8":"tag-actu","9":"tag-actualites","10":"tag-eu","11":"tag-europe","12":"tag-formation","13":"tag-fr","14":"tag-france","15":"tag-ile-de-france","16":"tag-news","17":"tag-paris","18":"tag-republique-francaise"},"share_on_mastodon":{"url":"https:\/\/pubeurope.com\/@fr\/115537081276071570","error":""},"_links":{"self":[{"href":"https:\/\/www.europesays.com\/fr\/wp-json\/wp\/v2\/posts\/529192","targetHints":{"allow":["GET"]}}],"collection":[{"href":"https:\/\/www.europesays.com\/fr\/wp-json\/wp\/v2\/posts"}],"about":[{"href":"https:\/\/www.europesays.com\/fr\/wp-json\/wp\/v2\/types\/post"}],"author":[{"embeddable":true,"href":"https:\/\/www.europesays.com\/fr\/wp-json\/wp\/v2\/users\/2"}],"replies":[{"embeddable":true,"href":"https:\/\/www.europesays.com\/fr\/wp-json\/wp\/v2\/comments?post=529192"}],"version-history":[{"count":0,"href":"https:\/\/www.europesays.com\/fr\/wp-json\/wp\/v2\/posts\/529192\/revisions"}],"wp:featuredmedia":[{"embeddable":true,"href":"https:\/\/www.europesays.com\/fr\/wp-json\/wp\/v2\/media\/529193"}],"wp:attachment":[{"href":"https:\/\/www.europesays.com\/fr\/wp-json\/wp\/v2\/media?parent=529192"}],"wp:term":[{"taxonomy":"category","embeddable":true,"href":"https:\/\/www.europesays.com\/fr\/wp-json\/wp\/v2\/categories?post=529192"},{"taxonomy":"post_tag","embeddable":true,"href":"https:\/\/www.europesays.com\/fr\/wp-json\/wp\/v2\/tags?post=529192"}],"curies":[{"name":"wp","href":"https:\/\/api.w.org\/{rel}","templated":true}]}}