{"id":529200,"date":"2025-11-12T14:03:26","date_gmt":"2025-11-12T14:03:26","guid":{"rendered":"https:\/\/www.europesays.com\/fr\/529200\/"},"modified":"2025-11-12T14:03:26","modified_gmt":"2025-11-12T14:03:26","slug":"fluorescence-bioluminescence-incandescence-a-paris-une-expo-nocturne-devoile-les-lumieres-cachees-de-la-nature-liberation","status":"publish","type":"post","link":"https:\/\/www.europesays.com\/fr\/529200\/","title":{"rendered":"Fluorescence, bioluminescence, incandescence\u2026 A Paris, une expo nocturne d\u00e9voile les lumi\u00e8res cach\u00e9es de la nature \u2013 Lib\u00e9ration"},"content":{"rendered":"<p class=\"sc-cPiKLX AiZTS text-element\">Il n\u2019est pas encore tout \u00e0 fait 18 heures et la nuit tombe d\u00e9j\u00e0 sur la capitale\u2026 L\u2019automne est bien avanc\u00e9. Dans les rues du Ve arrondissement de Paris, la clart\u00e9 d\u00e9clinante du ciel est compens\u00e9e par l\u2019allumage des lampadaires, les enseignes et les vitrines. Mais derri\u00e8re les grilles du <a href=\"https:\/\/www.liberation.fr\/environnement\/agriculture\/on-a-limpression-de-crier-dans-le-vide-au-jardin-des-plantes-les-scientifiques-alertent-sur-la-crise-de-la-biodiversite-20230304_JNPHNCXARZCVBOKVKHTKNR7YZU\/\" target=\"_blank\" rel=\"noopener\" title=\"https:\/\/www.liberation.fr\/environnement\/agriculture\/on-a-limpression-de-crier-dans-le-vide-au-jardin-des-plantes-les-scientifiques-alertent-sur-la-crise-de-la-biodiversite-20230304_JNPHNCXARZCVBOKVKHTKNR7YZU\/\">Jardin des plantes<\/a>, le noir s\u2019installe vraiment. Bient\u00f4t, on ne voit plus nos pieds. Les seules lueurs qui vont d\u00e9sormais accompagner notre d\u00e9ambulation sont celles que produit la nature : le rougeoiement de la lave, le scintillement des lucioles, le flash des \u00e9clairs.<\/p>\n<p class=\"sc-cPiKLX AiZTS text-element\">Pour la septi\u00e8me fois depuis <a href=\"https:\/\/www.liberation.fr\/culture\/2018\/12\/24\/au-jardin-des-plantes-luminaires-betes_1698171\/\" target=\"_blank\" rel=\"noopener\" title=\"https:\/\/www.liberation.fr\/culture\/2018\/12\/24\/au-jardin-des-plantes-luminaires-betes_1698171\/\">2018<\/a>, le Mus\u00e9um national d\u2019histoire naturelle installe, \u00e0 partir de ce mercredi 12 novembre, son exposition \u00abEn voie d\u2019illumination\u00bb dans le c\u00e9l\u00e8bre jardin, pour \u00e9merveiller le public \u00e0 la nuit tomb\u00e9e, apr\u00e8s l\u2019avoir ins<\/p>\n","protected":false},"excerpt":{"rendered":"Il n\u2019est pas encore tout \u00e0 fait 18 heures et la nuit tombe d\u00e9j\u00e0 sur la capitale\u2026 L\u2019automne&hellip;\n","protected":false},"author":2,"featured_media":529201,"comment_status":"","ping_status":"","sticky":false,"template":"","format":"standard","meta":{"footnotes":""},"categories":[1888],"tags":[11,48,413,1777,674,1011,27,12,626,25],"class_list":{"0":"post-529200","1":"post","2":"type-post","3":"status-publish","4":"format-standard","5":"has-post-thumbnail","7":"category-paris","8":"tag-actualites","9":"tag-astronomie","10":"tag-ca-va-mieux-lisant","11":"tag-eu","12":"tag-europe","13":"tag-fr","14":"tag-france","15":"tag-news","16":"tag-paris","17":"tag-republique-francaise"},"share_on_mastodon":{"url":"https:\/\/pubeurope.com\/@fr\/115537104361481209","error":""},"_links":{"self":[{"href":"https:\/\/www.europesays.com\/fr\/wp-json\/wp\/v2\/posts\/529200","targetHints":{"allow":["GET"]}}],"collection":[{"href":"https:\/\/www.europesays.com\/fr\/wp-json\/wp\/v2\/posts"}],"about":[{"href":"https:\/\/www.europesays.com\/fr\/wp-json\/wp\/v2\/types\/post"}],"author":[{"embeddable":true,"href":"https:\/\/www.europesays.com\/fr\/wp-json\/wp\/v2\/users\/2"}],"replies":[{"embeddable":true,"href":"https:\/\/www.europesays.com\/fr\/wp-json\/wp\/v2\/comments?post=529200"}],"version-history":[{"count":0,"href":"https:\/\/www.europesays.com\/fr\/wp-json\/wp\/v2\/posts\/529200\/revisions"}],"wp:featuredmedia":[{"embeddable":true,"href":"https:\/\/www.europesays.com\/fr\/wp-json\/wp\/v2\/media\/529201"}],"wp:attachment":[{"href":"https:\/\/www.europesays.com\/fr\/wp-json\/wp\/v2\/media?parent=529200"}],"wp:term":[{"taxonomy":"category","embeddable":true,"href":"https:\/\/www.europesays.com\/fr\/wp-json\/wp\/v2\/categories?post=529200"},{"taxonomy":"post_tag","embeddable":true,"href":"https:\/\/www.europesays.com\/fr\/wp-json\/wp\/v2\/tags?post=529200"}],"curies":[{"name":"wp","href":"https:\/\/api.w.org\/{rel}","templated":true}]}}