{"id":529202,"date":"2025-11-12T14:04:13","date_gmt":"2025-11-12T14:04:13","guid":{"rendered":"https:\/\/www.europesays.com\/fr\/529202\/"},"modified":"2025-11-12T14:04:13","modified_gmt":"2025-11-12T14:04:13","slug":"cest-aujourdhui-a-leurope-de-pouvoir-y-repondre-avec-des-contre-outils-analyse-morgane-fert-malka","status":"publish","type":"post","link":"https:\/\/www.europesays.com\/fr\/529202\/","title":{"rendered":"\u00ab\u00a0C&rsquo;est aujourd&rsquo;hui \u00e0 l&rsquo;Europe de pouvoir y r\u00e9pondre avec des contre-outils\u00a0\u00bb, analyse Morgane Fert Malka"},"content":{"rendered":"<p>      lire plus tard<\/p>\n<p id=\"dialog__title\" class=\"dialog__title\">Pour sauvegarder cet article, connectez-vous ou cr\u00e9ez un compte franceinfo<\/p>\n<p class=\"dialog__description\">Sans paiement. Sans abonnement.<\/p>\n<p>        Fermer la fen\u00eatre d\u2019activation des notifications France Info<\/p>\n<p>      cr\u00e9er votre compte<\/p>\n<p>      se connecter<\/p>\n<p>        Fermer la fen\u00eatre de pr\u00e9sentation<\/p>\n<p>    Publi\u00e9 le 12\/11\/2025 14:37<\/p>\n<p>        Temps de lecture : 4min &#8211; vid\u00e9o : 10min<\/p>\n<p>    <img decoding=\"async\" class=\"francetv-player-wrapper__image\" alt=\"Morgane Fert Malka est invit\u00e9e mercredi 12 novembre du 11-13 sur France Info. Sp\u00e9cialiste du renseignement et de la Russie, elle revient sur les ing\u00e9rences russes en France et leurs cons\u00e9quences.\"  width=\"432\" height=\"243\" src=\"https:\/\/www.europesays.com\/fr\/wp-content\/uploads\/2025\/11\/itw-12h50-ftv-69148d0768f3c450280022.jpg\" fetchpriority=\"high\"\/><\/p>\n<p>              Morgane Fert Malka est invit\u00e9e mercredi 12 novembre du 11-13 sur France Info. Sp\u00e9cialiste du renseignement et de la Russie, elle revient sur les ing\u00e9rences russes en France et leurs cons\u00e9quences.<br \/>\n                    (Franceinfo)<\/p>\n<p>      10min<\/p>\n<p>\n  Morgane Fert Malka est invit\u00e9e mercredi 12 novembre du 11-13 sur France Info. Sp\u00e9cialiste du renseignement et de la Russie, elle revient sur les ing\u00e9rences russes en France et leurs cons\u00e9quences.\n<\/p>\n<p><strong>Ce texte correspond \u00e0 la retranscription d&rsquo;une partie de l&rsquo;interview ci-dessus. Cliquez sur la vid\u00e9o pour regarder l&rsquo;entretien en int\u00e9gralit\u00e9.<\/strong><\/p>\n<p><strong>Flore Mar\u00e9chal : Certes, on parle de la guerre hybride entre l&rsquo;Ukraine et la Russie. Y a-t-il une vraie strat\u00e9gie du c\u00f4t\u00e9 de la Russie de d\u00e9stabilisation de tout le continent europ\u00e9en ?<\/strong><\/p>\n<p><strong>Morgane Fert Malka :<\/strong> Oui, tout \u00e0 fait. Je pense que la d\u00e9stabilisation et ce qu&rsquo;on a appel\u00e9 la guerre hybride, c&rsquo;est une continuation de la guerre par d&rsquo;autres moyens, comme la guerre est une continuation de la politique par d&rsquo;autres moyens, donc la Russie boucle la boucle dans cette optique-l\u00e0. Je pense que la force de la Russie aujourd&rsquo;hui, c&rsquo;est qu&rsquo;elle a int\u00e9gr\u00e9 cette d\u00e9stabilisation dans sa doctrine normale, sa doctrine offensive globale, et donc c&rsquo;est quelque chose sur lequel elle a d\u00e9velopp\u00e9 des outils d\u00e9j\u00e0 qui sont peut-\u00eatre d\u00e9j\u00e0 bien identifi\u00e9s. Donc c&rsquo;est aujourd&rsquo;hui \u00e0 l&rsquo;Europe de pouvoir r\u00e9pondre avec des contre-outils.<\/p>\n<p><strong>Flore Mar\u00e9chal : Ces derniers temps, il y a eu ces t\u00eates de cochon d\u00e9couvertes devant neuf mosqu\u00e9es de la r\u00e9gion parisienne. On sait que la piste serbe, notamment, a \u00e9t\u00e9 explor\u00e9e. Il y avait les mains rouges au m\u00e9morial de la Shoah. Il y a eu les cercueils d\u00e9pos\u00e9s devant la tour Eiffel. Il y a eu plusieurs actions suspectes en France depuis le d\u00e9but de la guerre russe en Ukraine. Est-ce que vous y voyez la main de la Russie derri\u00e8re ?<\/strong><\/p>\n<p>Morgane Fert Malka : Je pense que dans certains cas, c&rsquo;est document\u00e9. Dans d&rsquo;autres cas, nous avons encore un doute ou un d\u00e9ni plausible, et le d\u00e9ni plausible est \u00e9videmment tr\u00e8s important, c&rsquo;est central dans ces op\u00e9rations, car si les Russes ne peuvent pas dire non, ce n&rsquo;est pas nous, il n&rsquo;y a pas de preuve, \u00e0 ce moment-l\u00e0, ce n&rsquo;est plus de la guerre hybride, c&rsquo;est d\u00e9j\u00e0 une attaque directe. Cela dit, je pense que ces op\u00e9rations-l\u00e0 sont peut-\u00eatre un petit peu&#8230; Je ne veux pas les minimiser, mais par rapport \u00e0 l&rsquo;ampleur de ce en quoi consiste la guerre hybride, ces op\u00e9rations-l\u00e0 peuvent sembler un peu anecdotiques pour des observateurs&#8230; Plus symboliques qu&rsquo;autre chose. Plus symboliques et aussi anecdotiques dans la mesure o\u00f9 finalement, c&rsquo;est le fait d&rsquo;en parler beaucoup qui leur donne l&rsquo;impact qu&rsquo;ils ont.<\/p>\n<p>Au-del\u00e0 de \u00e7a, l&rsquo;ing\u00e9rence, la d\u00e9stabilisation, c&rsquo;est quelque chose qui comprend l&rsquo;espionnage, qui comprend les sabotages d&rsquo;infrastructures critiques, qui comprend les brouillages GPS, les brouillages de r\u00e9seau, etc., et qui peuvent avoir des implications beaucoup plus graves que ces t\u00eates de cochon.<\/p>\n<p><strong>Flore Mar\u00e9chal : Mais d\u2019un point de vue symbolique, il y a eu aussi ces tags, on s&rsquo;en souvient, d&rsquo;\u00e9toiles de David, c&rsquo;\u00e9tait \u00e0 l&rsquo;automne 2023, et l\u00e0 on sait que derri\u00e8re c&rsquo;\u00e9tait le FSB, donc le renseignement int\u00e9rieur russe. Quand on dit la Russie est derri\u00e8re cela, de quoi parle-t-on ? Est-ce qu&rsquo;on parle du Kremlin ? Est-ce qu&rsquo;on parle du renseignement ? Est-ce qu&rsquo;on parle du minist\u00e8re des Affaires \u00e9trang\u00e8res russe ?<\/strong><\/p>\n<p><strong>Morgane Fert Malka :<\/strong> Alors la Russie reste un pays extr\u00eamement centralis\u00e9. Son syst\u00e8me s\u00e9curitaire, son appareil s\u00e9curitaire et son appareil de renseignement et d&rsquo;op\u00e9rations clandestines sont tr\u00e8s centralis\u00e9s avec une verticale pour les op\u00e9rations importantes qui remontent directement jusqu&rsquo;au pr\u00e9sident. Cela dit, il y a aussi, du fait m\u00eame de cette verticalit\u00e9, des initiatives venues d&rsquo;en bas de divers services qui peuvent vouloir se faire mousser aupr\u00e8s de leur grand chef. Et donc, on a parfois aussi des d\u00e9rapages, des bavures, des choses qui ne se passent pas exactement comme pr\u00e9vu, qui sont ensuite expliqu\u00e9es, plus ou moins justifi\u00e9es aupr\u00e8s du chef de l&rsquo;\u00c9tat. Donc, c&rsquo;est \u00e0 la fois tr\u00e8s centralis\u00e9 et aussi un petit peu parfois chaotique et manquant de contr\u00f4le.<\/p>\n<p><strong>Cliquez sur la vid\u00e9o pour regarder l&rsquo;entretien en int\u00e9gralit\u00e9.<\/strong><\/p>\n","protected":false},"excerpt":{"rendered":"lire plus tard Pour sauvegarder cet article, connectez-vous ou cr\u00e9ez un compte franceinfo Sans paiement. Sans abonnement. Fermer&hellip;\n","protected":false},"author":2,"featured_media":529203,"comment_status":"","ping_status":"","sticky":false,"template":"","format":"standard","meta":{"footnotes":""},"categories":[1591],"tags":[11,1887,12,1885,1886,132],"class_list":{"0":"post-529202","1":"post","2":"type-post","3":"status-publish","4":"format-standard","5":"has-post-thumbnail","7":"category-russie","8":"tag-actualites","9":"tag-federation-de-russie","10":"tag-news","11":"tag-russia","12":"tag-russian-federation","13":"tag-russie"},"share_on_mastodon":{"url":"https:\/\/pubeurope.com\/@fr\/115537108798731216","error":""},"_links":{"self":[{"href":"https:\/\/www.europesays.com\/fr\/wp-json\/wp\/v2\/posts\/529202","targetHints":{"allow":["GET"]}}],"collection":[{"href":"https:\/\/www.europesays.com\/fr\/wp-json\/wp\/v2\/posts"}],"about":[{"href":"https:\/\/www.europesays.com\/fr\/wp-json\/wp\/v2\/types\/post"}],"author":[{"embeddable":true,"href":"https:\/\/www.europesays.com\/fr\/wp-json\/wp\/v2\/users\/2"}],"replies":[{"embeddable":true,"href":"https:\/\/www.europesays.com\/fr\/wp-json\/wp\/v2\/comments?post=529202"}],"version-history":[{"count":0,"href":"https:\/\/www.europesays.com\/fr\/wp-json\/wp\/v2\/posts\/529202\/revisions"}],"wp:featuredmedia":[{"embeddable":true,"href":"https:\/\/www.europesays.com\/fr\/wp-json\/wp\/v2\/media\/529203"}],"wp:attachment":[{"href":"https:\/\/www.europesays.com\/fr\/wp-json\/wp\/v2\/media?parent=529202"}],"wp:term":[{"taxonomy":"category","embeddable":true,"href":"https:\/\/www.europesays.com\/fr\/wp-json\/wp\/v2\/categories?post=529202"},{"taxonomy":"post_tag","embeddable":true,"href":"https:\/\/www.europesays.com\/fr\/wp-json\/wp\/v2\/tags?post=529202"}],"curies":[{"name":"wp","href":"https:\/\/api.w.org\/{rel}","templated":true}]}}