{"id":529204,"date":"2025-11-12T14:07:27","date_gmt":"2025-11-12T14:07:27","guid":{"rendered":"https:\/\/www.europesays.com\/fr\/529204\/"},"modified":"2025-11-12T14:07:27","modified_gmt":"2025-11-12T14:07:27","slug":"operation-midas-que-sait-on-du-vaste-scandale-de-corruption-qui-secoue-lukraine","status":"publish","type":"post","link":"https:\/\/www.europesays.com\/fr\/529204\/","title":{"rendered":"\u00ab\u00a0Op\u00e9ration Midas\u00a0\u00bb : que sait-on du vaste scandale de corruption qui secoue l&rsquo;Ukraine ?"},"content":{"rendered":"<ul class=\"jsx-862013697 ArticleChapo__List\">\n<li class=\"jsx-862013697 ArticleChapo__List_Item flex\">Kiev a annonc\u00e9 avoir d\u00e9mantel\u00e9 un syst\u00e8me de corruption dans le secteur \u00e9nerg\u00e9tique du pays.<\/li>\n<li class=\"jsx-862013697 ArticleChapo__List_Item flex\">Celui-ci, qui porte sur 100 millions de dollars de fonds d\u00e9tourn\u00e9s, aurait \u00e9t\u00e9 orchestr\u00e9 par un proche de Volodymyr Zelensky.<\/li>\n<li class=\"jsx-862013697 ArticleChapo__List_Item flex\">Le ministre de la Justice et ex-ministre de l&rsquo;\u00c9nergie Guerman Galouchtchenko a \u00e9t\u00e9 suspendu de ses fonctions.<\/li>\n<\/ul>\n<p data-module=\"article-paragraph\" class=\"jsx-3046738180 Paragraph\">C&rsquo;est l&rsquo;un des plus importants <a href=\"https:\/\/www.tf1info.fr\/international\/en-direct-guerre-en-ukraine-russie-donald-trump-deploie-des-sous-marins-nucleaires-la-russie-poursuit-ses-operations-les-informations-samedi-3-juin-2025-2386572.html\" target=\"_blank\" rel=\"noopener\">scandales de corruption<\/a> au sein du pouvoir ukrainien depuis le d\u00e9but de l&rsquo;invasion russe de ce pays en f\u00e9vrier 2022. Lundi 10 novembre, l&rsquo;Agence nationale anticorruption (NABU) a annonc\u00e9 avoir d\u00e9mantel\u00e9 <a href=\"https:\/\/www.tf1info.fr\/international\/ukraine-un-proche-de-zelensky-soupconne-d-etre-a-l-origine-d-une-corruption-de-100-millions-de-dollars-2406137.html\" target=\"_blank\" rel=\"noopener\">un syst\u00e8me de corruption dans le secteur \u00e9nerg\u00e9tique du pays<\/a> portant sur 100 millions de dollars de fonds blanchis. Plusieurs personnes ont \u00e9t\u00e9 interpell\u00e9es et inculp\u00e9es dans le cadre de cette op\u00e9ration \u00ab\u00a0Midas\u00a0\u00bb. \u00ab\u00a0Le travail accompli a permis d&rsquo;obtenir des milliers d&rsquo;heures d&rsquo;enregistrements audio, qui constituent des preuves des activit\u00e9s d&rsquo;une organisation criminelle de haut niveau op\u00e9rant dans les secteurs de l&rsquo;\u00e9nergie et de la d\u00e9fense\u00a0\u00bb, a expliqu\u00e9 l&rsquo;Agence dans un communiqu\u00e9.<\/p>\n<p data-module=\"article-paragraph\" class=\"jsx-3046738180 Paragraph Paragraph__End\">L&rsquo;op\u00e9ration \u00ab\u00a0Midas\u00a0\u00bb, men\u00e9e apr\u00e8s 15 mois d&rsquo;enqu\u00eate en collaboration avec le Parquet sp\u00e9cialis\u00e9 anticorruption (SAPO), a abouti \u00e0 \u00ab\u00a070 perquisitions\u00a0\u00bb selon le NABU. Elle a mis au jour un syst\u00e8me criminel qui extorquait des fonds \u00e0 des sous-traitants de l\u2019entreprise publique du nucl\u00e9aire Energoatom. Energoatom a confirm\u00e9 avoir fait l&rsquo;objet d&rsquo;une perquisition et a dit coop\u00e9rer \u00e0 l&rsquo;enqu\u00eate, sans commenter les accusations de corruption.\u00a0<\/p>\n<p>Le ministre de la Justice suspendu de ses fonctions<\/p>\n<p data-module=\"article-paragraph\" class=\"jsx-3046738180 Paragraph\">Cette affaire \u00e9clabousse des hauts responsables ukrainiens. Le ministre de la Justice et ex-ministre de l&rsquo;\u00c9nergie &#8211; pendant quatre ans &#8211; Guerman Galouchtchenko a \u00e9t\u00e9 suspendu de ses fonctions ce mercredi, a annonc\u00e9 la Premi\u00e8re ministre Ioulia Svyrydenko sur les r\u00e9seaux sociaux. Une vice-ministre de la Justice, Lioudmyla Sougak, assurera l&rsquo;int\u00e9rim, a-t-elle indiqu\u00e9. La veille, le parquet national anticorruption avait accus\u00e9 Guerman Galouchtchenko d&rsquo;avoir per\u00e7u des \u00ab\u00a0avantages personnels\u00a0\u00bb de Timour Minditch dans cette affaire en \u00e9change du contr\u00f4le sur les flux financiers du secteur \u00e9nerg\u00e9tique.\u00a0<\/p>\n<p data-module=\"article-paragraph\" class=\"jsx-3046738180 Paragraph Paragraph__End\">Proche de Volodymyr Zelensky, Timour Minditch est accus\u00e9 par des enqu\u00eateurs ukrainiens d&rsquo;avoir orchestr\u00e9 ce vaste syst\u00e8me de corruption, notamment autour de l&rsquo;op\u00e9rateur nucl\u00e9aire national Energoatom. Timour Minditch est copropri\u00e9taire de la soci\u00e9t\u00e9 de production audiovisuelle Kvartal 95, fond\u00e9e par le pr\u00e9sident ukrainien, qui \u00e9tait un humoriste vedette avant de se lancer en politique. \u00ab\u00a0Timour Minditch exer\u00e7ait un contr\u00f4le sur l&rsquo;accumulation, la distribution et la l\u00e9galisation de fonds d&rsquo;origine criminelle dans le secteur \u00e9nerg\u00e9tique\u00a0\u00bb, a d\u00e9clar\u00e9 un procureur du SAPO devant la justice. Le suspect a profit\u00e9 de ses \u00ab\u00a0relations privil\u00e9gi\u00e9es avec le pr\u00e9sident ukrainien\u00a0\u00bb pour ses activit\u00e9s criminelles, a-t-il ajout\u00e9. Selon des m\u00e9dias, son domicile a \u00e9t\u00e9 perquisitionn\u00e9.<\/p>\n<p><a href=\"https:\/\/www.tf1info.fr\/international\/guerre-en-ukraine-la-corruption-ce-fleau-historique-auquel-s-attaque-le-president-volodymyr-zelensky-2268605.html\" rel=\"noopener\" class=\"jsx-3308031228 Link flex\" target=\"_blank\"><img decoding=\"async\" src=\"https:\/\/www.europesays.com\/fr\/wp-content\/uploads\/2025\/11\/zelensky-copenhague-21-aout-2023-0ed50c-1@1x.jpeg\" alt=\"AFP\" loading=\"lazy\" importance=\"low\" fetchpriority=\"low\" class=\"\" aria-hidden=\"true\"\/><\/p>\n<p class=\"jsx-3657663356 ReadMoreArticle__Title\">Lire aussi<\/p>\n<p class=\"jsx-3657663356\">Ukraine : la corruption, ce fl\u00e9au historique auquel s&rsquo;attaque Zelensky<\/p>\n<p><\/a><\/p>\n<p data-module=\"article-paragraph\" class=\"jsx-3046738180 Paragraph\">De son c\u00f4t\u00e9, Guerman Galouchtchenko a r\u00e9agi peu apr\u00e8s l\u2019annonce de la suspension de son poste en disant \u00eatre \u00ab\u00a0d&rsquo;accord\u00a0\u00bb avec cette d\u00e9cision. C&rsquo;est \u00ab\u00a0un sc\u00e9nario civilis\u00e9 et correct. Je me d\u00e9fendrai devant le tribunal\u00a0\u00bb, a \u00e9crit le ministre de la Justice sur les r\u00e9seaux sociaux. Selon des m\u00e9dias ukrainiens, son domicile a \u00e9galement \u00e9t\u00e9 perquisitionn\u00e9.<\/p>\n<p data-module=\"article-paragraph\" class=\"jsx-3046738180 Paragraph Paragraph__End\">Le gouvernement a par ailleurs limog\u00e9 mardi le conseil de surveillance d&rsquo;Energoatom, consid\u00e9r\u00e9 comme un \u00e9l\u00e9ment central du syst\u00e8me de corruption selon les enqu\u00eateurs. Cette d\u00e9cision, conjugu\u00e9e \u00e0 un audit d&rsquo;urgence men\u00e9 par l&rsquo;\u00c9tat, a \u00e9t\u00e9 qualifi\u00e9e par Ioulia Svyrydenko de \u00ab\u00a0premi\u00e8res mesures pour la relance d&rsquo;Energoatom\u00a0\u00bb.\u00a0<\/p>\n<p>La r\u00e9action de Zelensky<\/p>\n<p data-module=\"article-paragraph\" class=\"jsx-3046738180 Paragraph Paragraph__End\">Apr\u00e8s les perquisitions de lundi, Volodymyr Zelensky a pour sa part d\u00e9clar\u00e9 que toutes les actions contre la corruption \u00e9taient \u00ab\u00a0absolument n\u00e9cessaires\u00a0\u00bb, encourageant les responsables \u00e0 coop\u00e9rer avec les organismes anticorruption. \u00ab\u00a0La transparence au sein de l&rsquo;entreprise (Energoatom) est une priorit\u00e9\u00a0\u00bb, a affirm\u00e9 le dirigeant ukrainien. \u00ab\u00a0Des sanctions doivent \u00eatre prises. Et les repr\u00e9sentants du gouvernement doivent collaborer avec le NABU et les forces de l&rsquo;ordre, selon les besoins, pour obtenir des r\u00e9sultats.\u00a0\u00bb<\/p>\n<p><a href=\"https:\/\/www.tf1info.fr\/international\/video-document-enquete-lci-guerre-ukraine-russie-enquete-ces-soldats-ukrainiens-qui-desertent-pour-fuir-la-corruption-2319422.html\" rel=\"noopener\" class=\"jsx-3308031228 Link flex\" target=\"_blank\"><img decoding=\"async\" src=\"https:\/\/www.europesays.com\/fr\/wp-content\/uploads\/2025\/11\/document-lci-deserteurs-a577aa-0@1x.jpeg\" alt=\"LCI\" loading=\"lazy\" importance=\"low\" fetchpriority=\"low\" class=\"\" aria-hidden=\"true\"\/><\/p>\n<p class=\"jsx-3657663356 ReadMoreArticle__Title\">Lire aussi<\/p>\n<p class=\"jsx-3657663356\">ENQU\u00caTE LCI &#8211; Guerre en Ukraine : ces soldats qui d\u00e9sertent pour fuir la corruption<\/p>\n<p><\/a><\/p>\n<p data-module=\"article-paragraph\" class=\"jsx-3046738180 Paragraph Paragraph__End\">La ministre de l&rsquo;\u00c9nergie, Svitlana Grintchouk, a d\u00e9clar\u00e9 de son c\u00f4t\u00e9 que le secteur \u00e9nerg\u00e9tique public se soumettrait aux enqu\u00eates, tout en se pr\u00e9parant \u00e0 un nouvel hiver sous les frappes russes. \u00ab\u00a0Il est tr\u00e8s important que les enqu\u00eates soient men\u00e9es de mani\u00e8re transparente\u00a0\u00bb, a-t-elle dit. \u00ab\u00a0Dans le m\u00eame temps, je veux vous rappeler que notre syst\u00e8me \u00e9nerg\u00e9tique est soumis \u00e0 des attaques s\u00e9v\u00e8res et que, naturellement, tout \u00e9v\u00e9nement chez Energoatom est scrut\u00e9 par chacun avec attention\u00a0\u00bb, a-t-elle ajout\u00e9.<\/p>\n<p>Une corruption end\u00e9mique<\/p>\n<p data-module=\"article-paragraph\" class=\"jsx-3046738180 Paragraph\">Ces r\u00e9v\u00e9lations interviennent au moment o\u00f9 l&rsquo;Ukraine est confront\u00e9e \u00e0 une grave crise \u00e9nerg\u00e9tique. <a href=\"https:\/\/www.tf1info.fr\/international\/en-direct-guerre-ukraine-russie-nouvelle-attaque-russe-massive-contre-les-infrastructures-energetiques-une-femme-tuee-les-dernieres-informations-samedi-8-novembre-2025-2405495.html\" target=\"_blank\" rel=\"noopener\">Le pays est pilonn\u00e9 par des bombardements russes<\/a> sur des structures \u00e9nerg\u00e9tiques, qui provoquent de vastes coupures de courant dans le pays \u00e0 l&rsquo;approche de l&rsquo;hiver. Le secteur \u00e9nerg\u00e9tique ukrainien est consid\u00e9r\u00e9 comme particuli\u00e8rement strat\u00e9gique.<\/p>\n<p data-module=\"article-paragraph\" class=\"jsx-3046738180 Paragraph Paragraph__End\">L&rsquo;Ukraine souffre, comme la Russie et d&rsquo;autres pays de l&rsquo;ex-URSS, d&rsquo;une corruption end\u00e9mique. Fin octobre, l&rsquo;ex-directeur de la compagnie \u00e9nerg\u00e9tique publique Ukrenergo, Volodymyr Koudrytsky, a \u00e9t\u00e9 accus\u00e9 d&rsquo;avoir particip\u00e9 au d\u00e9tournement d&rsquo;environ 283.000 euros en 2018 et bri\u00e8vement plac\u00e9 en d\u00e9tention. Une affaire motiv\u00e9e selon lui par des raisons politiques.<\/p>\n<p><a href=\"https:\/\/www.tf1info.fr\/international\/au-premier-qui-craquera-les-frappes-sur-les-infrastructures-energetiques-la-cle-de-la-fin-de-la-guerre-en-ukraine-2405893.html\" rel=\"noopener\" class=\"jsx-3308031228 Link flex\" target=\"_blank\"><img decoding=\"async\" src=\"https:\/\/www.europesays.com\/fr\/wp-content\/uploads\/2025\/11\/ukraine-sans-electricite-4c2a37-0@1x.jpeg\" alt=\"Un Ukrainien pendant une coupure d'\u00e9lectricit\u00e9, en novembre 2025.\" loading=\"lazy\" importance=\"low\" fetchpriority=\"low\" class=\"\" aria-hidden=\"true\"\/><\/p>\n<p class=\"jsx-3657663356 ReadMoreArticle__Title\">Lire aussi<\/p>\n<p class=\"jsx-3657663356\">\u00ab\u00a0Au premier qui craquera\u00a0\u00bb : les frappes sur les infrastructures \u00e9nerg\u00e9tiques, la cl\u00e9 de la fin de la guerre en Ukraine ?<\/p>\n<p><\/a><\/p>\n<p data-module=\"article-paragraph\" class=\"jsx-3046738180 Paragraph Paragraph__End\">L&rsquo;\u00e9radication de la corruption est l&rsquo;une des principales conditions d&rsquo;adh\u00e9sion de l&rsquo;Ukraine \u00e0 l&rsquo;Union europ\u00e9enne (UE). <a href=\"https:\/\/www.tf1info.fr\/international\/loi-anticorruption-en-ukraine-fragilise-par-des-manifestations-inedites-volodymyr-zelensky-retropedale-2384882.html\" target=\"_blank\" rel=\"noopener\">Volodymyr Zelensky<\/a> a essuy\u00e9 cet \u00e9t\u00e9 de vives critiques de son opinion publique et de Bruxelles quand il a tent\u00e9 de placer le NABU et le SAPO, deux organismes anticorruption ind\u00e9pendants du pouvoir, sous le contr\u00f4le du gouvernement. Ils avaient tous deux \u00e9t\u00e9 la cible d&rsquo;une loi port\u00e9e par le gouvernement et promulgu\u00e9e en juillet 2025, qui pr\u00e9voyait donc de les placer sous la tutelle directe du procureur g\u00e9n\u00e9ral, lui-m\u00eame nomm\u00e9 par le Pr\u00e9sident. Face \u00e0 la contestation, le gouvernement avait finalement annonc\u00e9 qu&rsquo;il allait \u00ab\u00a0corriger\u00a0\u00bb cette loi.<\/p>\n<p>Julien CHABROUT avec AFP<\/p>\n","protected":false},"excerpt":{"rendered":"Kiev a annonc\u00e9 avoir d\u00e9mantel\u00e9 un syst\u00e8me de corruption dans le secteur \u00e9nerg\u00e9tique du pays. Celui-ci, qui porte&hellip;\n","protected":false},"author":2,"featured_media":529205,"comment_status":"","ping_status":"","sticky":false,"template":"","format":"standard","meta":{"footnotes":""},"categories":[1590],"tags":[1111,11,1921,4427,1777,674,1922,12,220,364,133,1920,134],"class_list":{"0":"post-529204","1":"post","2":"type-post","3":"status-publish","4":"format-standard","5":"has-post-thumbnail","7":"category-ukraine","8":"tag-actu","9":"tag-actualites","10":"tag-article-video","11":"tag-energies","12":"tag-eu","13":"tag-europe","14":"tag-info","15":"tag-news","16":"tag-ukraine","17":"tag-union-europeenne","18":"tag-video","19":"tag-video-international","20":"tag-volodymyr-zelensky"},"share_on_mastodon":{"url":"https:\/\/pubeurope.com\/@fr\/115537120614272241","error":""},"_links":{"self":[{"href":"https:\/\/www.europesays.com\/fr\/wp-json\/wp\/v2\/posts\/529204","targetHints":{"allow":["GET"]}}],"collection":[{"href":"https:\/\/www.europesays.com\/fr\/wp-json\/wp\/v2\/posts"}],"about":[{"href":"https:\/\/www.europesays.com\/fr\/wp-json\/wp\/v2\/types\/post"}],"author":[{"embeddable":true,"href":"https:\/\/www.europesays.com\/fr\/wp-json\/wp\/v2\/users\/2"}],"replies":[{"embeddable":true,"href":"https:\/\/www.europesays.com\/fr\/wp-json\/wp\/v2\/comments?post=529204"}],"version-history":[{"count":0,"href":"https:\/\/www.europesays.com\/fr\/wp-json\/wp\/v2\/posts\/529204\/revisions"}],"wp:featuredmedia":[{"embeddable":true,"href":"https:\/\/www.europesays.com\/fr\/wp-json\/wp\/v2\/media\/529205"}],"wp:attachment":[{"href":"https:\/\/www.europesays.com\/fr\/wp-json\/wp\/v2\/media?parent=529204"}],"wp:term":[{"taxonomy":"category","embeddable":true,"href":"https:\/\/www.europesays.com\/fr\/wp-json\/wp\/v2\/categories?post=529204"},{"taxonomy":"post_tag","embeddable":true,"href":"https:\/\/www.europesays.com\/fr\/wp-json\/wp\/v2\/tags?post=529204"}],"curies":[{"name":"wp","href":"https:\/\/api.w.org\/{rel}","templated":true}]}}