{"id":529206,"date":"2025-11-12T14:08:10","date_gmt":"2025-11-12T14:08:10","guid":{"rendered":"https:\/\/www.europesays.com\/fr\/529206\/"},"modified":"2025-11-12T14:08:10","modified_gmt":"2025-11-12T14:08:10","slug":"etats-unis-epstein-donald-trump-savait-a-propos-des-filles","status":"publish","type":"post","link":"https:\/\/www.europesays.com\/fr\/529206\/","title":{"rendered":"\u00c9tats-Unis: Epstein: \u00abDonald Trump savait \u00e0 propos des filles\u00bb"},"content":{"rendered":"<p>Le d\u00e9linquant sexuel am\u00e9ricain Jeffrey Epstein a affirm\u00e9 que Donald Trump \u00absavait \u00e0 propos des filles\u00bb dans un email de 2019 attribu\u00e9 au financier new-yorkais mort en prison la m\u00eame ann\u00e9e, et rendu public mercredi par des parlementaires d\u00e9mocrates.<\/p>\n<p>\u00abTrump a dit qu\u2019il voulait que je renonce\u00bb \u00e0 la carte de membre de Mar-a-Lago, la r\u00e9sidence de Floride du pr\u00e9sident am\u00e9ricain, affirme Jeffrey Epstein, qui pr\u00e9cise n\u2019en avoir jamais \u00e9t\u00e9 membre et ajoute: \u00abbien s\u00fbr, il savait \u00e0 propos des filles, comme il a demand\u00e9 \u00e0 Ghislaine d\u2019arr\u00eater\u00bb. Ghislaine Maxwell, complice et ancienne compagne de Jeffrey Epstein, purge actuellement une peine de 20 ans de prison pour exploitation sexuelle.<\/p>\n","protected":false},"excerpt":{"rendered":"Le d\u00e9linquant sexuel am\u00e9ricain Jeffrey Epstein a affirm\u00e9 que Donald Trump \u00absavait \u00e0 propos des filles\u00bb dans un&hellip;\n","protected":false},"author":2,"featured_media":529207,"comment_status":"","ping_status":"","sticky":false,"template":"","format":"standard","meta":{"footnotes":""},"categories":[1589],"tags":[11,73,1866,12,1864,1865,1863,308],"class_list":{"0":"post-529206","1":"post","2":"type-post","3":"status-publish","4":"format-standard","5":"has-post-thumbnail","7":"category-etats-unis","8":"tag-actualites","9":"tag-etats-unis","10":"tag-etats-unis-damerique","11":"tag-news","12":"tag-united-states","13":"tag-united-states-of-america","14":"tag-us","15":"tag-usa"},"share_on_mastodon":{"url":"https:\/\/pubeurope.com\/@fr\/115537123915668393","error":""},"_links":{"self":[{"href":"https:\/\/www.europesays.com\/fr\/wp-json\/wp\/v2\/posts\/529206","targetHints":{"allow":["GET"]}}],"collection":[{"href":"https:\/\/www.europesays.com\/fr\/wp-json\/wp\/v2\/posts"}],"about":[{"href":"https:\/\/www.europesays.com\/fr\/wp-json\/wp\/v2\/types\/post"}],"author":[{"embeddable":true,"href":"https:\/\/www.europesays.com\/fr\/wp-json\/wp\/v2\/users\/2"}],"replies":[{"embeddable":true,"href":"https:\/\/www.europesays.com\/fr\/wp-json\/wp\/v2\/comments?post=529206"}],"version-history":[{"count":0,"href":"https:\/\/www.europesays.com\/fr\/wp-json\/wp\/v2\/posts\/529206\/revisions"}],"wp:featuredmedia":[{"embeddable":true,"href":"https:\/\/www.europesays.com\/fr\/wp-json\/wp\/v2\/media\/529207"}],"wp:attachment":[{"href":"https:\/\/www.europesays.com\/fr\/wp-json\/wp\/v2\/media?parent=529206"}],"wp:term":[{"taxonomy":"category","embeddable":true,"href":"https:\/\/www.europesays.com\/fr\/wp-json\/wp\/v2\/categories?post=529206"},{"taxonomy":"post_tag","embeddable":true,"href":"https:\/\/www.europesays.com\/fr\/wp-json\/wp\/v2\/tags?post=529206"}],"curies":[{"name":"wp","href":"https:\/\/api.w.org\/{rel}","templated":true}]}}