{"id":529209,"date":"2025-11-12T14:12:14","date_gmt":"2025-11-12T14:12:14","guid":{"rendered":"https:\/\/www.europesays.com\/fr\/529209\/"},"modified":"2025-11-12T14:12:14","modified_gmt":"2025-11-12T14:12:14","slug":"la-grippe-aviaire-atteint-un-niveau-record-en-allemagne-depuis-trois-ans-sans-perspective-damelioration","status":"publish","type":"post","link":"https:\/\/www.europesays.com\/fr\/529209\/","title":{"rendered":"La grippe aviaire atteint un niveau record en Allemagne depuis trois ans, \u00ab sans perspective d&rsquo;am\u00e9lioration \u00bb"},"content":{"rendered":"<p>L&rsquo;Allemagne a d\u00e9j\u00e0 enregistr\u00e9 en 2025 son plus grand nombre de foyers de grippe aviaire depuis trois ans, sans qu&rsquo;aucune am\u00e9lioration ne se profile, a indiqu\u00e9 l&rsquo;Institut Friedrich Loeffler pour les maladies animales, alors que l&rsquo;Europe conna\u00eet une r\u00e9surgence marqu\u00e9e de cette maladie mortelle.<\/p>\n<p>La propagation de la grippe aviaire hautement pathog\u00e8ne, commun\u00e9ment appel\u00e9e grippe aviaire, inqui\u00e8te les gouvernements et l&rsquo;industrie avicole en raison des ravages qu&rsquo;elle peut causer dans les \u00e9levages, du risque de restrictions commerciales et de la menace d&rsquo;une nouvelle pand\u00e9mie.<\/p>\n<p>Le virus a \u00e9t\u00e9 d\u00e9tect\u00e9 dans 122 exploitations agricoles et 1\u00a0125 cas d&rsquo;infections chez des oiseaux sauvages au 11 novembre, selon le FLI. Ce chiffre est plus du double des 46 cas recens\u00e9s sur l&rsquo;ensemble de l&rsquo;ann\u00e9e 2024, et se compare aux 208 foyers enregistr\u00e9s sur toute l&rsquo;ann\u00e9e 2022.<\/p>\n<p>La grippe aviaire est une maladie saisonni\u00e8re v\u00e9hicul\u00e9e par les oiseaux migrateurs. Les foyers apparaissent g\u00e9n\u00e9ralement au d\u00e9but de l&rsquo;automne, augmentent fortement jusqu&rsquo;\u00e0 la fin de l&rsquo;ann\u00e9e et atteignent leur pic au printemps.<\/p>\n<p>Plus d&rsquo;un million de volailles ont d\u00e9j\u00e0 \u00e9t\u00e9 abattues en Allemagne \u00e0 ce jour. Si d&rsquo;autres pays europ\u00e9ens ont \u00e9galement connu une hausse du nombre de foyers cette saison, l&rsquo;Allemagne reste de loin le pays le plus touch\u00e9.<\/p>\n<p>\u00ab En Allemagne, une forte augmentation des foyers dans les \u00e9levages de volailles a \u00e9t\u00e9 constat\u00e9e ces derni\u00e8res semaines \u00bb, a indiqu\u00e9 le FLI dans sa derni\u00e8re \u00e9valuation des risques.<\/p>\n<p>\u00ab Le nombre de cas chez les oiseaux sauvages a \u00e9galement augment\u00e9 de mani\u00e8re tr\u00e8s significative, des d\u00e9tections exceptionnellement fr\u00e9quentes sont actuellement observ\u00e9es chez les grues, dont la migration automnale a contribu\u00e9 \u00e0 la diffusion g\u00e9n\u00e9ralis\u00e9e du virus \u00bb, pr\u00e9cise l&rsquo;institut.<\/p>\n<p>L&rsquo;organisme souligne qu&rsquo;\u00ab aucune am\u00e9lioration n&rsquo;est en vue \u00bb, le niveau de risque actuel \u00e9tant qualifi\u00e9 de \u00ab \u00e9lev\u00e9 \u00bb, soulignant les d\u00e9fis pos\u00e9s par les migrations d&rsquo;oiseaux et les efforts de confinement locaux.<\/p>\n<p>Cependant, les analystes allemands ne rel\u00e8vent pas d&rsquo;impact significatif sur les prix des oeufs ou de la viande de volaille, citant une population avicole nationale d&rsquo;environ 200 millions de t\u00eates.<\/p>\n<p>Si l&rsquo;Allemagne n&rsquo;a pas impos\u00e9 de confinement g\u00e9n\u00e9ralis\u00e9, plusieurs autorit\u00e9s locales ont ordonn\u00e9 l&rsquo;enfermement des volailles. Dans certaines r\u00e9gions, les mesures de protection des grues ont \u00e9t\u00e9 assouplies, permettant leur abattage dans les zones \u00e0 haut risque afin de limiter la propagation du virus.<\/p>\n<p>(Reportage de Michael Hogan, r\u00e9daction de Sybille de La Hamaide, \u00e9dition par Louise Heavens)<\/p>\n<p><\/p>\n","protected":false},"excerpt":{"rendered":"L&rsquo;Allemagne a d\u00e9j\u00e0 enregistr\u00e9 en 2025 son plus grand nombre de foyers de grippe aviaire depuis trois ans,&hellip;\n","protected":false},"author":2,"featured_media":529210,"comment_status":"","ping_status":"","sticky":false,"template":"","format":"standard","meta":{"footnotes":""},"categories":[1587],"tags":[11,672,340,1804,1805,1803,1777,674,1801,12,1802],"class_list":{"0":"post-529209","1":"post","2":"type-post","3":"status-publish","4":"format-standard","5":"has-post-thumbnail","7":"category-allemagne","8":"tag-actualites","9":"tag-allemagne","10":"tag-bourse","11":"tag-bundesrepublik-deutschland","12":"tag-de","13":"tag-deutschland","14":"tag-eu","15":"tag-europe","16":"tag-germany","17":"tag-news","18":"tag-republique-federale-dallemagne"},"share_on_mastodon":{"url":"https:\/\/pubeurope.com\/@fr\/115537139807025675","error":""},"_links":{"self":[{"href":"https:\/\/www.europesays.com\/fr\/wp-json\/wp\/v2\/posts\/529209","targetHints":{"allow":["GET"]}}],"collection":[{"href":"https:\/\/www.europesays.com\/fr\/wp-json\/wp\/v2\/posts"}],"about":[{"href":"https:\/\/www.europesays.com\/fr\/wp-json\/wp\/v2\/types\/post"}],"author":[{"embeddable":true,"href":"https:\/\/www.europesays.com\/fr\/wp-json\/wp\/v2\/users\/2"}],"replies":[{"embeddable":true,"href":"https:\/\/www.europesays.com\/fr\/wp-json\/wp\/v2\/comments?post=529209"}],"version-history":[{"count":0,"href":"https:\/\/www.europesays.com\/fr\/wp-json\/wp\/v2\/posts\/529209\/revisions"}],"wp:featuredmedia":[{"embeddable":true,"href":"https:\/\/www.europesays.com\/fr\/wp-json\/wp\/v2\/media\/529210"}],"wp:attachment":[{"href":"https:\/\/www.europesays.com\/fr\/wp-json\/wp\/v2\/media?parent=529209"}],"wp:term":[{"taxonomy":"category","embeddable":true,"href":"https:\/\/www.europesays.com\/fr\/wp-json\/wp\/v2\/categories?post=529209"},{"taxonomy":"post_tag","embeddable":true,"href":"https:\/\/www.europesays.com\/fr\/wp-json\/wp\/v2\/tags?post=529209"}],"curies":[{"name":"wp","href":"https:\/\/api.w.org\/{rel}","templated":true}]}}