{"id":52921,"date":"2025-04-25T23:13:12","date_gmt":"2025-04-25T23:13:12","guid":{"rendered":"https:\/\/www.europesays.com\/fr\/52921\/"},"modified":"2025-04-25T23:13:12","modified_gmt":"2025-04-25T23:13:12","slug":"j32-interview-dapres-match-sc-bastia","status":"publish","type":"post","link":"https:\/\/www.europesays.com\/fr\/52921\/","title":{"rendered":"J32 &#8211; Interview d&rsquo;apr\u00e8s match : SC Bastia"},"content":{"rendered":"<\/p>\n<p>Retrouvez les interviews d\u2019apr\u00e8s match de la 32\u00e8me journ\u00e9e de Ligue 2 SC Bastia \u2013 Grenoble Foot 38 2-3 de Zakaria Ariss, Tom Ducrocq et Lamine Ciss\u00e9.<\/p>\n<p>00:00 D\u00e9but<\/p>\n<p>00:05 Zakaria Ariss<\/p>\n<p>03:05 Tom Ducrocq<\/p>\n<p>08:47 Lamine Ciss\u00e9<\/p>\n<p>Retrouvez nous sur nos r\u00e9seaux sociaux :<\/p>\n<p>Facebook : NRJ Corse et A Corsica TV<\/p>\n<p>Abonnez vous et activez la cloche pour ne rien manquer de l\u2019actualit\u00e9 en Corse !<\/p>\n","protected":false},"excerpt":{"rendered":"Retrouvez les interviews d\u2019apr\u00e8s match de la 32\u00e8me journ\u00e9e de Ligue 2 SC Bastia \u2013 Grenoble Foot 38&hellip;\n","protected":false},"author":2,"featured_media":52922,"comment_status":"","ping_status":"","sticky":false,"template":"","format":"standard","meta":{"footnotes":""},"categories":[9566],"tags":[1111,11,2430,1777,674,1011,27,2731,12,25,14335,517],"class_list":{"0":"post-52921","1":"post","2":"type-post","3":"status-publish","4":"format-standard","5":"has-post-thumbnail","7":"category-grenoble","8":"tag-actu","9":"tag-actualites","10":"tag-auvergne-rhone-alpes","11":"tag-eu","12":"tag-europe","13":"tag-fr","14":"tag-france","15":"tag-grenoble","16":"tag-news","17":"tag-republique-francaise","18":"tag-s-c-b","19":"tag-sport"},"share_on_mastodon":{"url":"https:\/\/pubeurope.com\/@fr\/114401142548951369","error":""},"_links":{"self":[{"href":"https:\/\/www.europesays.com\/fr\/wp-json\/wp\/v2\/posts\/52921","targetHints":{"allow":["GET"]}}],"collection":[{"href":"https:\/\/www.europesays.com\/fr\/wp-json\/wp\/v2\/posts"}],"about":[{"href":"https:\/\/www.europesays.com\/fr\/wp-json\/wp\/v2\/types\/post"}],"author":[{"embeddable":true,"href":"https:\/\/www.europesays.com\/fr\/wp-json\/wp\/v2\/users\/2"}],"replies":[{"embeddable":true,"href":"https:\/\/www.europesays.com\/fr\/wp-json\/wp\/v2\/comments?post=52921"}],"version-history":[{"count":0,"href":"https:\/\/www.europesays.com\/fr\/wp-json\/wp\/v2\/posts\/52921\/revisions"}],"wp:featuredmedia":[{"embeddable":true,"href":"https:\/\/www.europesays.com\/fr\/wp-json\/wp\/v2\/media\/52922"}],"wp:attachment":[{"href":"https:\/\/www.europesays.com\/fr\/wp-json\/wp\/v2\/media?parent=52921"}],"wp:term":[{"taxonomy":"category","embeddable":true,"href":"https:\/\/www.europesays.com\/fr\/wp-json\/wp\/v2\/categories?post=52921"},{"taxonomy":"post_tag","embeddable":true,"href":"https:\/\/www.europesays.com\/fr\/wp-json\/wp\/v2\/tags?post=52921"}],"curies":[{"name":"wp","href":"https:\/\/api.w.org\/{rel}","templated":true}]}}