{"id":529211,"date":"2025-11-12T14:13:14","date_gmt":"2025-11-12T14:13:14","guid":{"rendered":"https:\/\/www.europesays.com\/fr\/529211\/"},"modified":"2025-11-12T14:13:14","modified_gmt":"2025-11-12T14:13:14","slug":"podcast-proteger-lunion-la-strategie-europeenne-face-a-la-menace-terroriste","status":"publish","type":"post","link":"https:\/\/www.europesays.com\/fr\/529211\/","title":{"rendered":"[Podcast] Prot\u00e9ger l\u2019Union : la strat\u00e9gie europ\u00e9enne face \u00e0 la menace terroriste"},"content":{"rendered":"<p>\t[Podcast] Prot\u00e9ger l\u2019Union : la strat\u00e9gie europ\u00e9enne face \u00e0 la menace terroriste &#8211; Touteleurope.eu<\/p>\n<p>\t\t<img decoding=\"async\" alt=\"fermer\" class=\"close-info\" src=\"https:\/\/www.touteleurope.eu\/wp-content\/themes\/toute_leurope\/assets\/images\/close-picto-blue.svg\"\/><\/p>\n<p>Touteleurope.eu est le site p\u00e9dagogique de r\u00e9f\u00e9rence sur les questions europ\u00e9ennes : <a href=\"https:\/\/www.touteleurope.eu\/qui-sommes-nous\/\" target=\"_blank\" rel=\"noopener nofollow\">Qui sommes-nous ?<\/a><\/p>\n<p><img decoding=\"async\" class=\"logo-pdf\" alt=\"Toute L'Europe \u2013 Comprendre l'Europe\" src=\"data:image\/svg+xml,%3Csvg%20xmlns=\" http:=\"\" data-lazy-src=\"https:\/\/www.touteleurope.eu\/wp-content\/themes\/toute_leurope\/assets\/images\/logo-ttl.svg\"\/><\/p>\n","protected":false},"excerpt":{"rendered":"[Podcast] Prot\u00e9ger l\u2019Union : la strat\u00e9gie europ\u00e9enne face \u00e0 la menace terroriste &#8211; Touteleurope.eu Touteleurope.eu est le site&hellip;\n","protected":false},"author":2,"featured_media":529212,"comment_status":"","ping_status":"","sticky":false,"template":"","format":"standard","meta":{"footnotes":""},"categories":[1586],"tags":[11,23846,1777,674,1011,27,12,4125,21376,25,656,104,1254],"class_list":{"0":"post-529211","1":"post","2":"type-post","3":"status-publish","4":"format-standard","5":"has-post-thumbnail","7":"category-europe","8":"tag-actualites","9":"tag-attentats","10":"tag-eu","11":"tag-europe","12":"tag-fr","13":"tag-france","14":"tag-news","15":"tag-numerique","16":"tag-paix-et-securite","17":"tag-republique-francaise","18":"tag-securite","19":"tag-societe","20":"tag-terrorisme"},"share_on_mastodon":{"url":"https:\/\/pubeurope.com\/@fr\/115537144356869718","error":""},"_links":{"self":[{"href":"https:\/\/www.europesays.com\/fr\/wp-json\/wp\/v2\/posts\/529211","targetHints":{"allow":["GET"]}}],"collection":[{"href":"https:\/\/www.europesays.com\/fr\/wp-json\/wp\/v2\/posts"}],"about":[{"href":"https:\/\/www.europesays.com\/fr\/wp-json\/wp\/v2\/types\/post"}],"author":[{"embeddable":true,"href":"https:\/\/www.europesays.com\/fr\/wp-json\/wp\/v2\/users\/2"}],"replies":[{"embeddable":true,"href":"https:\/\/www.europesays.com\/fr\/wp-json\/wp\/v2\/comments?post=529211"}],"version-history":[{"count":0,"href":"https:\/\/www.europesays.com\/fr\/wp-json\/wp\/v2\/posts\/529211\/revisions"}],"wp:featuredmedia":[{"embeddable":true,"href":"https:\/\/www.europesays.com\/fr\/wp-json\/wp\/v2\/media\/529212"}],"wp:attachment":[{"href":"https:\/\/www.europesays.com\/fr\/wp-json\/wp\/v2\/media?parent=529211"}],"wp:term":[{"taxonomy":"category","embeddable":true,"href":"https:\/\/www.europesays.com\/fr\/wp-json\/wp\/v2\/categories?post=529211"},{"taxonomy":"post_tag","embeddable":true,"href":"https:\/\/www.europesays.com\/fr\/wp-json\/wp\/v2\/tags?post=529211"}],"curies":[{"name":"wp","href":"https:\/\/api.w.org\/{rel}","templated":true}]}}