{"id":529218,"date":"2025-11-12T14:21:12","date_gmt":"2025-11-12T14:21:12","guid":{"rendered":"https:\/\/www.europesays.com\/fr\/529218\/"},"modified":"2025-11-12T14:21:12","modified_gmt":"2025-11-12T14:21:12","slug":"france-denonce-les-operations-militaires-americaines-dans-les-caraibes-et-reaffirme-sa-lutte-contre-le-trafic-de-drogue","status":"publish","type":"post","link":"https:\/\/www.europesays.com\/fr\/529218\/","title":{"rendered":"France d\u00e9nonce les op\u00e9rations militaires am\u00e9ricaines dans les Cara\u00efbes et r\u00e9affirme sa lutte contre le trafic de drogue"},"content":{"rendered":"<p>AA \/ Istanbul \/ Mariem Njeh<\/p>\n<p>Le ministre fran\u00e7ais des Affaires \u00e9trang\u00e8res, Jean-No\u00ebl Barrot, a critiqu\u00e9 les op\u00e9rations militaires men\u00e9es par les \u00c9tats-Unis dans les Cara\u00efbes, avertissant qu&rsquo;elles pourraient exacerber les tensions dans une r\u00e9gion d\u00e9j\u00e0 fragile, alors que les ministres des Affaires \u00e9trang\u00e8res du G7 se r\u00e9unissaient dans le sud de l&rsquo;Ontario.<\/p>\n<p>Barrot a d\u00e9clar\u00e9 mardi qu&rsquo;il \u00e9tait essentiel de pr\u00e9venir \u00ab l&rsquo;instabilit\u00e9 caus\u00e9e par d&rsquo;\u00e9ventuelles escalades \u00bb, suite aux avertissements du Venezuela selon lesquels les r\u00e9cents d\u00e9ploiements am\u00e9ricains risquent de d\u00e9clencher un conflit ouvert, a rapport\u00e9 France 24.<\/p>\n<p>\u00ab Nous avons observ\u00e9 avec inqui\u00e9tude les op\u00e9rations militaires dans la r\u00e9gion des Cara\u00efbes car elles bafouent le droit international \u00bb, a d\u00e9clar\u00e9 Barrot aux journalistes lors de l&rsquo;ouverture des discussions pr\u00e8s des chutes du Niagara. Barrot a soulign\u00e9 que les pays du G7 doivent \u00ab agir de concert \u00bb pour lutter contre le trafic de stup\u00e9fiants tout en pr\u00e9servant la stabilit\u00e9 r\u00e9gionale, ajoutant que plus d&rsquo;un million de Fran\u00e7ais r\u00e9sidant dans les Cara\u00efbes pourraient \u00eatre directement touch\u00e9s par tout trouble.<\/p>\n<p>Ces commentaires, formul\u00e9s lors de la r\u00e9union pr\u00e8s des chutes du Niagara, sont intervenus apr\u00e8s que l&rsquo;USS Gerald R. Ford, le plus grand porte-avions du monde, soit entr\u00e9 dans une zone sous le contr\u00f4le du commandement am\u00e9ricaine SOUTHCOM, qui englobe l&rsquo;Am\u00e9rique latine et les Cara\u00efbes.<\/p>\n<p>Depuis des mois, Trump intensifie les op\u00e9rations militaires am\u00e9ricaines en Am\u00e9rique latine, d\u00e9ployant des Marines, des navires de guerre, des avions de chasse et des bombardiers, des sous-marins et des drones. Le porte-avions USS Gerald Ford se dirigerait vers les Cara\u00efbes dans le cadre de ce renforcement.<\/p>\n<p>Le ministre a aussi redit sa \u00ab pr\u00e9occupation \u00bb face \u00e0 la situation tendue dans la r\u00e9gion apr\u00e8s le d\u00e9ploiement militaire ordonn\u00e9 en ao\u00fbt par le pr\u00e9sident am\u00e9ricain Donald Trump, et les frappes sur des embarcations soup\u00e7onn\u00e9es de narcotrafic qui ont fait des dizaines de morts dans les Cara\u00efbes et le Pacifique.<\/p>\n<p>Ces derniers mois, l&rsquo;arm\u00e9e am\u00e9ricaine a \u00e9galement d\u00e9truit plusieurs bateaux de p\u00eache v\u00e9n\u00e9zu\u00e9liens soup\u00e7onn\u00e9s de transporter de la drogue, bien qu&rsquo;aucune preuve publique n&rsquo;ait \u00e9t\u00e9 fournie. Trump a par ailleurs menac\u00e9 de poursuites le pr\u00e9sident v\u00e9n\u00e9zu\u00e9lien Nicolas Maduro, l&rsquo;accusant d&rsquo;implication dans le trafic de drogue.<\/p>\n<p>Tout en d\u00e9non\u00e7ant les op\u00e9rations militaires am\u00e9ricaines dans les Cara\u00efbes qu\u2019il juge susceptibles d\u2019aggraver les tensions r\u00e9gionales, Jean-No\u00ebl Barrot a r\u00e9affirm\u00e9 samedi \u00e0 l\u2019AFP la d\u00e9termination de la France \u00e0 combattre le trafic de drogue en forte expansion en Europe, notamment par la cr\u00e9ation d\u2019une acad\u00e9mie d\u00e9di\u00e9e en Am\u00e9rique latine.<\/p>\n<p>Le ministre fran\u00e7ais des Affaires \u00e9trang\u00e8res, Jean-No\u00ebl Barrot, a r\u00e9affirm\u00e9 samedi \u00e0 l\u2019AFP la volont\u00e9 de la France de lutter contre le trafic de drogue en forte expansion en Europe, notamment par la cr\u00e9ation d\u2019une acad\u00e9mie d\u00e9di\u00e9e en Am\u00e9rique latine.<\/p>\n<p>\u00ab Nous sommes d\u00e9termin\u00e9s \u00e0 contrer tous types de trafics, pas seulement le narcotrafic, qui posent des enjeux de sant\u00e9 publique mais aussi de s\u00e9curit\u00e9 pour les Fran\u00e7ais \u00bb, a d\u00e9clar\u00e9 le ministre depuis Puerto Antioquia, un terminal portuaire de la c\u00f4te carib\u00e9enne dans le nord-ouest de la Colombie, r\u00e9gion o\u00f9 op\u00e8re le puissant cartel du Clan del Golfo.<\/p>\n<p>                            &#13;<br \/>\n                                <a href=\"https:\/\/www.aa.com.tr\/fr\/p\/abonnement\/1001\" target=\"_blank\" style=\"font-size:12px; color:#444; text-decoration:none;\" rel=\"nofollow noopener\">&#13;<br \/>\n                                    Seulement une partie des d\u00e9p\u00eaches, que l&rsquo;Agence Anadolu diffuse \u00e0 ses abonn\u00e9s via le Syst\u00e8me de Diffusion interne (HAS), est diffus\u00e9e sur le site de l&rsquo;AA, de mani\u00e8re r\u00e9sum\u00e9e. <b style=\"color:#1897F7\">Contactez-nous s&rsquo;il vous pla\u00eet pour vous abonner.<\/b>&#13;<br \/>\n                                <\/a>&#13;<\/p>\n","protected":false},"excerpt":{"rendered":"AA \/ Istanbul \/ Mariem Njeh Le ministre fran\u00e7ais des Affaires \u00e9trang\u00e8res, Jean-No\u00ebl Barrot, a critiqu\u00e9 les op\u00e9rations&hellip;\n","protected":false},"author":2,"featured_media":529219,"comment_status":"","ping_status":"","sticky":false,"template":"","format":"standard","meta":{"footnotes":""},"categories":[4],"tags":[11,1785,46536,1052,1011,27,12,25],"class_list":{"0":"post-529218","1":"post","2":"type-post","3":"status-publish","4":"format-standard","5":"has-post-thumbnail","7":"category-france","8":"tag-actualites","9":"tag-anadolu-ajansi","10":"tag-carabes","11":"tag-drogue","12":"tag-fr","13":"tag-france","14":"tag-news","15":"tag-republique-francaise"},"share_on_mastodon":{"url":"","error":""},"_links":{"self":[{"href":"https:\/\/www.europesays.com\/fr\/wp-json\/wp\/v2\/posts\/529218","targetHints":{"allow":["GET"]}}],"collection":[{"href":"https:\/\/www.europesays.com\/fr\/wp-json\/wp\/v2\/posts"}],"about":[{"href":"https:\/\/www.europesays.com\/fr\/wp-json\/wp\/v2\/types\/post"}],"author":[{"embeddable":true,"href":"https:\/\/www.europesays.com\/fr\/wp-json\/wp\/v2\/users\/2"}],"replies":[{"embeddable":true,"href":"https:\/\/www.europesays.com\/fr\/wp-json\/wp\/v2\/comments?post=529218"}],"version-history":[{"count":0,"href":"https:\/\/www.europesays.com\/fr\/wp-json\/wp\/v2\/posts\/529218\/revisions"}],"wp:featuredmedia":[{"embeddable":true,"href":"https:\/\/www.europesays.com\/fr\/wp-json\/wp\/v2\/media\/529219"}],"wp:attachment":[{"href":"https:\/\/www.europesays.com\/fr\/wp-json\/wp\/v2\/media?parent=529218"}],"wp:term":[{"taxonomy":"category","embeddable":true,"href":"https:\/\/www.europesays.com\/fr\/wp-json\/wp\/v2\/categories?post=529218"},{"taxonomy":"post_tag","embeddable":true,"href":"https:\/\/www.europesays.com\/fr\/wp-json\/wp\/v2\/tags?post=529218"}],"curies":[{"name":"wp","href":"https:\/\/api.w.org\/{rel}","templated":true}]}}