{"id":529220,"date":"2025-11-12T14:24:21","date_gmt":"2025-11-12T14:24:21","guid":{"rendered":"https:\/\/www.europesays.com\/fr\/529220\/"},"modified":"2025-11-12T14:24:21","modified_gmt":"2025-11-12T14:24:21","slug":"adrien-saddier-et-martin-couvra-a-dubai-oscar-couilleau-17-ans-engage-sur-son-premier-tournoi-sur-le-pga-tour-lequipe","status":"publish","type":"post","link":"https:\/\/www.europesays.com\/fr\/529220\/","title":{"rendered":"Adrien Saddier et Martin Couvra \u00e0 Duba\u00ef, Oscar Couilleau, 17 ans, engag\u00e9 sur son premier tournoi sur le PGA Tour &#8211; L&#039;\u00c9quipe"},"content":{"rendered":"<ol>\n<li><a href=\"https:\/\/news.google.com\/rss\/articles\/CBMi7AFBVV95cUxPZGdNWlZZcmdLUXlVcnhNTzBuSDlraU15WWxDNlItRmVObzVnelNjRmFkNU84dmFJWVU2Zlh3RFhrQmhZU2lOMTAxLXlLeFVCdTZRNWdvQ08yMjVIZkV5NEdXbmgxcjl5bzZKOURHSWlLeXJwdE5BYlAyYUxPYmUxT1kzX284WEdFcmxhVENQLS1nWjJyNnZwNGNLRFV4R0cxVlUzX3locW45cmU1b0FNeE5NalU5aGd0Rmh1SWtMQnF3WUFmakk5eHVBRkl5TmNVUk14bWFuYnJ3WTNhNDhLSnlwOE1BVEJBRm5oNw?oc=5\" target=\"_blank\" rel=\"nofollow noopener\">Adrien Saddier et Martin Couvra \u00e0 Duba\u00ef, Oscar Couilleau, 17 ans, engag\u00e9 sur son premier tournoi sur le PGA Tour<\/a>&nbsp;&nbsp;L&rsquo;\u00c9quipe<\/li>\n<li><a href=\"https:\/\/news.google.com\/rss\/articles\/CBMiwwFBVV95cUxPZjlKbUtlUkdBTk5sNG5oUHZXS2ZselBnLU1QT0VJX2tnSFV6QmplS1llREV0cm9BeDBGTktmZmtaOV9EbTNuZ3JQY0MxNkg1T2ZlWnpsMzlvT1JyRlJDdlZDZ2o0MXJGWjlLS0pxTHYzMmtDN1phX0RPRGU0ZVdUQk1hWVpfMVFvRFlTNklyVTJJTGxNTy1hOWhxLUNEN0VXaFktTlB2aW5JQ25ORkVvaHhtLXBES2xramJCNUlJZnEwWlE?oc=5\" target=\"_blank\" rel=\"nofollow noopener\">Pourquoi chaque place du top 10 de la Race to Duba\u00ef va compter et peut rapporter gros<\/a>&nbsp;&nbsp;Golf Plan\u00e8te<\/li>\n<li><a href=\"https:\/\/news.google.com\/rss\/articles\/CBMitwFBVV95cUxQVEpwcUV2RWJfMnBwcjhsb0w2TEdfbkxqRS1oeWpua2pnaE1XLXRVbzl6RUtWQjBXZFdTMFZpX0tXZ2dYYzlDWUxlOFkwNVVmcFI3RzFGaFpNakwwU3FDWGlNdU9KVlNWMG5JekVNV3FVdmZzR1dsZXFDUEdEZzVQWkZqNHBWaXBYT08xMkswRTlmeVRXdmlPSVdFYlZjcHpkSzJVS0tJYjViVEZOYXVsT2hoSks2QU0?oc=5\" target=\"_blank\" rel=\"nofollow noopener\">Martin Couvra imitera-t-il Matthieu Pavon et Antoine Rozner ?<\/a>&nbsp;&nbsp;F\u00e9d\u00e9ration fran\u00e7aise de golf (ffgolf)<\/li>\n<li><a href=\"https:\/\/news.google.com\/rss\/articles\/CBMivAFBVV95cUxQdWdXOWhNWWtwcnM2cnJDNGxBY3dIdWJTSDlvb3A1Z21Ubm1pWENPSWhjUWxld0RHeXJDbG1pSzFnN2lCUHBQUE9LeFZmcEl2NDROSlF2TXp1c1hBN1hNSmZNbFV2UEhjTm1OTUpWNlFSanBiX0x5aVlqbXZxM2lTbW53c2FGV2xFM3RmNC05OWNEZy10cFJ4Mk8xT3JFakVhWHRCVjg0c2tibURYai1GRS10QVlxWkRPelBhUw?oc=5\" target=\"_blank\" rel=\"nofollow noopener\">Golf : La jeune p\u00e9pite fran\u00e7aise Martin Couvra r\u00eave d\u2019accompagner Adrien Saddier sur le circuit am\u00e9ricain<\/a>&nbsp;&nbsp;Le Figaro Golf<\/li>\n<li><a href=\"https:\/\/news.google.com\/rss\/articles\/CBMiggJBVV95cUxOWVpQZUtsSFlDalhEVWFWRzdTMVJGTjNEUmU5N2pWd2cxVl9rNWw4TWlXVXJiOFNaUFY4OG9EWU1ObEloTEk5UXpKcGQ2NFFZd3lZOGJ3RnBiMV84bFFyUFpacGNPeGtjWXFqUHB5ano0dU9MTHpBelNyMVVpTm84ZzN5b2FqOUxjSEptdTlWUVBuUml4N1ZYY0lPak5KNDF1dFNuclVmb3lSRHhYZ3NaUGdNQml6UlBXYVZzQ2hDMlJYQ0daSWRkb3JXc21hTmF5MW13dndaUUdReFdTUmRGajkxR21QZ2lsQkVXYWRKVlBsWVF6RXBwSS1IZFRTZDl5ZVE?oc=5\" target=\"_blank\" rel=\"nofollow noopener\">Golf. Les Directs de la semaine: La finale du DPW Tour, suite de la Fedex Fall et Q-School de l\u2019Alps<\/a>&nbsp;&nbsp;Ouest-France<\/li>\n<\/ol>\n","protected":false},"excerpt":{"rendered":"Adrien Saddier et Martin Couvra \u00e0 Duba\u00ef, Oscar Couilleau, 17 ans, engag\u00e9 sur son premier tournoi sur le&hellip;\n","protected":false},"author":2,"featured_media":529221,"comment_status":"","ping_status":"","sticky":false,"template":"","format":"standard","meta":{"footnotes":""},"categories":[1418],"tags":[1011,27,1472,60],"class_list":{"0":"post-529220","1":"post","2":"type-post","3":"status-publish","4":"format-standard","5":"has-post-thumbnail","7":"category-golf","8":"tag-fr","9":"tag-france","10":"tag-golf","11":"tag-sports"},"share_on_mastodon":{"url":"https:\/\/pubeurope.com\/@fr\/115537186846226976","error":""},"_links":{"self":[{"href":"https:\/\/www.europesays.com\/fr\/wp-json\/wp\/v2\/posts\/529220","targetHints":{"allow":["GET"]}}],"collection":[{"href":"https:\/\/www.europesays.com\/fr\/wp-json\/wp\/v2\/posts"}],"about":[{"href":"https:\/\/www.europesays.com\/fr\/wp-json\/wp\/v2\/types\/post"}],"author":[{"embeddable":true,"href":"https:\/\/www.europesays.com\/fr\/wp-json\/wp\/v2\/users\/2"}],"replies":[{"embeddable":true,"href":"https:\/\/www.europesays.com\/fr\/wp-json\/wp\/v2\/comments?post=529220"}],"version-history":[{"count":0,"href":"https:\/\/www.europesays.com\/fr\/wp-json\/wp\/v2\/posts\/529220\/revisions"}],"wp:featuredmedia":[{"embeddable":true,"href":"https:\/\/www.europesays.com\/fr\/wp-json\/wp\/v2\/media\/529221"}],"wp:attachment":[{"href":"https:\/\/www.europesays.com\/fr\/wp-json\/wp\/v2\/media?parent=529220"}],"wp:term":[{"taxonomy":"category","embeddable":true,"href":"https:\/\/www.europesays.com\/fr\/wp-json\/wp\/v2\/categories?post=529220"},{"taxonomy":"post_tag","embeddable":true,"href":"https:\/\/www.europesays.com\/fr\/wp-json\/wp\/v2\/tags?post=529220"}],"curies":[{"name":"wp","href":"https:\/\/api.w.org\/{rel}","templated":true}]}}