{"id":529222,"date":"2025-11-12T14:26:14","date_gmt":"2025-11-12T14:26:14","guid":{"rendered":"https:\/\/www.europesays.com\/fr\/529222\/"},"modified":"2025-11-12T14:26:14","modified_gmt":"2025-11-12T14:26:14","slug":"toulouse-et-bordeaux-prets-a-soffrir-jean-kleyn-munster","status":"publish","type":"post","link":"https:\/\/www.europesays.com\/fr\/529222\/","title":{"rendered":"Toulouse et Bordeaux pr\u00eats \u00e0 s&rsquo;offrir Jean Kleyn (Munster) ?"},"content":{"rendered":"<p>En fin de contrat avec le Munster, le deuxi\u00e8me ligne sud-africain Jean Kleyn (32 ans) pourrait quitter la province \u00e0 l\u2019issue de la saison. L\u2019UBB et le Stade Toulousain seraient sur les rangs.<br \/>\n<img data-recalc-dims=\"1\" fetchpriority=\"high\" decoding=\"async\" width=\"696\" height=\"348\" src=\"data:image\/svg+xml,%3Csvg%20xmlns=\" http:=\"\" alt=\"\" class=\"wp-image-7105\" style=\"width:984px;height:auto\" data-lazy- data-lazy- data-lazy-src=\"https:\/\/www.europesays.com\/fr\/wp-content\/uploads\/2025\/11\/Jean-Kleyn.jpg\"\/>Jean Kleyn serait, selon les m\u00e9dias irlandais, dans le viseur de Toulouse et Bordeaux-B\u00e8gles \u2013 \u00a9 <a href=\"https:\/\/www.sarugby.co.za\/news-features\/articles\/2024\/11\/20\/kleyn-on-wales-a-dog-in-the-corner-is-always-dangerous\/\" target=\"_blank\" rel=\"noreferrer noopener nofollow\">SA Rugby<\/a><\/p>\n<p>C\u2019est une information r\u00e9v\u00e9l\u00e9e par le journaliste de RT\u00c9 Sport, Caol\u00e0n Scully : Jean Kleyn pourrait bien vivre ses derniers mois sous le maillot du Munster. \u00c0 32 ans, l\u2019international irlandais (5 s\u00e9lections) et Sud-Africain (7 s\u00e9lections), ancien champion d\u2019Europe avec la province de Limerick envisagerait un nouveau d\u00e9fi \u00e0 l\u2019\u00e9tranger.<\/p>\n<p>Le solide deuxi\u00e8me ligne (2,03 m pour 122 kg), pass\u00e9 par les Stormers avant de rejoindre l\u2019Irlande en 2016, est l\u2019une des figures du pack munst\u00e9rien depuis plusieurs saisons. Mais selon le journaliste irlandais, un d\u00e9part \u00e0 la fin de la saison semble d\u00e9sormais probable, la France \u00e9tant la destination la plus s\u00e9rieusement envisag\u00e9e.<\/p>\n<blockquote class=\"twitter-tweet\" data-width=\"550\" data-dnt=\"true\">\n<p lang=\"en\" dir=\"ltr\">EXCLUSIVE \ud83d\udea8<\/p>\n<p>It is believed that Munster lock Jean Kleyn could be set to depart the province at the end of the season.<\/p>\n<p>France is the most likely destination should he set sail, with European heavyweights UBB and Toulouse among those vying for the 32-year-olds signature <a href=\"https:\/\/t.co\/qseopw94Qk\" rel=\"nofollow\">pic.twitter.com\/qseopw94Qk<\/a><\/p>\n<p>\u2014 Caol\u00e1n Scully (@Caolan_Scully) <a href=\"https:\/\/twitter.com\/Caolan_Scully\/status\/1988527182298153085?ref_src=twsrc%5Etfw\" target=\"_blank\" rel=\"noopener nofollow\">November 12, 2025<\/a><\/p><\/blockquote>\n<p>L\u2019UBB et Toulouse seraient sur le coup<\/p>\n<p>Toujours selon le journaliste de RT\u00c9 Sport, deux clubs fran\u00e7ais auraient manifest\u00e9 un int\u00e9r\u00eat concret pour s\u2019attacher ses services : l\u2019<a href=\"https:\/\/www.rugbyscope.fr\/tag\/union-bordeaux-begles\" rel=\"nofollow noopener\" target=\"_blank\">Union Bordeaux-B\u00e8gles<\/a> et le <a href=\"https:\/\/www.rugbyscope.fr\/tag\/stade-toulousain\" target=\"_blank\" rel=\"noreferrer noopener nofollow\">Stade Toulousain<\/a>. Deux poids lourds du Top 14, tous deux qualifi\u00e9s pour la Champions Cup et derniers finalistes du championnat.<\/p>\n<p>Pour l\u2019UBB, la piste Kleyn s\u2019inscrirait dans une logique de renforcement d\u2019un pack d\u00e9j\u00e0 international, tandis que Toulouse, toujours attentif aux opportunit\u00e9s sur le march\u00e9, verrait en lui un profil d\u2019exp\u00e9rience et de puissance capable d\u2019apporter de la profondeur \u00e0 la rotation, notamment en p\u00e9riode internationale. Rien n\u2019est encore sign\u00e9, mais le dossier Kleyn devrait rapidement animer le march\u00e9 des transferts dans les semaines \u00e0 venir. Un nouveau d\u00e9part d\u2019un cadre du Munster, qui confirmerait la tendance d\u2019un exode progressif vers le Top 14.<\/p>\n<p>\nSimilaire\n<\/p>\n<p><script async src=\"https:\/\/platform.twitter.com\/widgets.js\" charset=\"utf-8\"><\/script><\/p>\n","protected":false},"excerpt":{"rendered":"En fin de contrat avec le Munster, le deuxi\u00e8me ligne sud-africain Jean Kleyn (32 ans) pourrait quitter la&hellip;\n","protected":false},"author":2,"featured_media":529223,"comment_status":"","ping_status":"","sticky":false,"template":"","format":"standard","meta":{"footnotes":""},"categories":[1416],"tags":[1011,27,479,1468,60],"class_list":{"0":"post-529222","1":"post","2":"type-post","3":"status-publish","4":"format-standard","5":"has-post-thumbnail","7":"category-rugby","8":"tag-fr","9":"tag-france","10":"tag-rugby","11":"tag-rugby-football","12":"tag-sports"},"share_on_mastodon":{"url":"https:\/\/pubeurope.com\/@fr\/115537194720973092","error":""},"_links":{"self":[{"href":"https:\/\/www.europesays.com\/fr\/wp-json\/wp\/v2\/posts\/529222","targetHints":{"allow":["GET"]}}],"collection":[{"href":"https:\/\/www.europesays.com\/fr\/wp-json\/wp\/v2\/posts"}],"about":[{"href":"https:\/\/www.europesays.com\/fr\/wp-json\/wp\/v2\/types\/post"}],"author":[{"embeddable":true,"href":"https:\/\/www.europesays.com\/fr\/wp-json\/wp\/v2\/users\/2"}],"replies":[{"embeddable":true,"href":"https:\/\/www.europesays.com\/fr\/wp-json\/wp\/v2\/comments?post=529222"}],"version-history":[{"count":0,"href":"https:\/\/www.europesays.com\/fr\/wp-json\/wp\/v2\/posts\/529222\/revisions"}],"wp:featuredmedia":[{"embeddable":true,"href":"https:\/\/www.europesays.com\/fr\/wp-json\/wp\/v2\/media\/529223"}],"wp:attachment":[{"href":"https:\/\/www.europesays.com\/fr\/wp-json\/wp\/v2\/media?parent=529222"}],"wp:term":[{"taxonomy":"category","embeddable":true,"href":"https:\/\/www.europesays.com\/fr\/wp-json\/wp\/v2\/categories?post=529222"},{"taxonomy":"post_tag","embeddable":true,"href":"https:\/\/www.europesays.com\/fr\/wp-json\/wp\/v2\/tags?post=529222"}],"curies":[{"name":"wp","href":"https:\/\/api.w.org\/{rel}","templated":true}]}}