{"id":529224,"date":"2025-11-12T14:29:21","date_gmt":"2025-11-12T14:29:21","guid":{"rendered":"https:\/\/www.europesays.com\/fr\/529224\/"},"modified":"2025-11-12T14:29:21","modified_gmt":"2025-11-12T14:29:21","slug":"musetti-encore-une-tuile-pour-litalie","status":"publish","type":"post","link":"https:\/\/www.europesays.com\/fr\/529224\/","title":{"rendered":"Musetti, encore une tuile pour l&rsquo;Italie ?"},"content":{"rendered":"<p><strong>Actuellement \u00e0 Turin pour<br \/>\ndisputer le Masters, Lorenzo Musetti pourrait ensuite d\u00e9clarer<br \/>\nforfait pour la phase finale de la Coupe Davis, d&rsquo;apr\u00e8s les<br \/>\ninformations de Sky Sport Italia.<\/strong><\/p>\n<p>Nouveau coup dur \u00e0 venir pour l\u2019Italie ? En effet, d\u00e9j\u00e0 priv\u00e9s<br \/>\nde l\u2019actuel num\u00e9ro 1 mondial, Jannik Sinner, les Italiens,<br \/>\nvainqueurs des deux derni\u00e8res \u00e9ditions de la Coupe Davis,<br \/>\npourraient devoir \u00e9galement faire sans Lorenzo Musetti. En effet,<br \/>\nd\u2019apr\u00e8s Sky Sport Italia, le natif de Carrare pourrait d\u00e9clarer<br \/>\nforfait pour la phase finale de la comp\u00e9tition, qui se d\u00e9roulera du<br \/>\n18 au 23 novembre \u00e0 Bologne.<\/p>\n<p>Il faut dire que le r\u00e9cent vainqueur d\u2019Alex de Minaur a beaucoup<br \/>\njou\u00e9 ces derniers temps, lui qui avait l\u2019objectif de se qualifier<br \/>\npour le Masters. Le 9e mondial a ainsi encha\u00een\u00e9 \u00e0 Bruxelles,<br \/>\nViennes, Paris et Ath\u00e8nes. \u00ab Ce fut un match difficile, dans lequel<br \/>\nj\u2019ai d\u00fb repousser mes limites physiques. (\u2026) Dans le 3e set ?<br \/>\nHonn\u00eatement, j\u2019\u00e9tais \u00e9puis\u00e9 physiquement \u00bb, a-t-il d\u2019ailleurs<br \/>\nreconnu apr\u00e8s avoir remport\u00e9 sa premi\u00e8re victoire lors des Finales<br \/>\nATP, mardi soir.<\/p>\n<p><strong>La femme de Musetti doit<br \/>\naccoucher prochainement<\/strong><\/p>\n<p>Apr\u00e8s avoir perdu sa premi\u00e8re rencontre contre Taylor Fritz,<br \/>\nMusetti ne cachait pas ne pas \u00eatre au mieux physiquement. \u00ab Le fait<br \/>\nde jouer imm\u00e9diatement apr\u00e8s la finale \u00e0 Ath\u00e8nes (samedi), ce<br \/>\nn\u2019\u00e9tait pas \u00e9vident. Je savais que je ne serais pas \u00e0 100 %,<br \/>\n\u00e9videmment. Surtout physiquement. Parce que, mentalement, je suis<br \/>\ntr\u00e8s heureux d\u2019\u00eatre ici. (\u2026) Je sentais mes jambes lourdes, je me<br \/>\ntrouvais lent sur le court \u00bb, avait alors d\u00e9clar\u00e9 l\u2019Italien.<\/p>\n<p>Pr\u00e9sent ce mercredi en conf\u00e9rence de presse, Filippo Volandri a<br \/>\n\u00e9voqu\u00e9 la situation de ce dernier. \u00ab Ce sera une d\u00e9cision que nous<br \/>\nprendrons ensemble, en tenant compte de nombreux facteurs \u00bb, a-t-il<br \/>\ndans un premier temps expliqu\u00e9. \u00ab Musetti et moi avons convenu<br \/>\nd\u2019attendre la fin du Masters. (\u2026) Il est fatigu\u00e9, \u00e7a ne fait aucun<br \/>\ndoute. Et puis il y a aussi sa femme Veronica, dont la date<br \/>\nd\u2019accouchement est pr\u00e9vue juste pendant la semaine de Davis \u00bb, a<br \/>\npar la suite poursuivi le s\u00e9lectionneur italien, aupr\u00e8s de Sky<br \/>\nSport Italia. En cas d\u2019absence de l\u2019actuel 9e mondial, Lorenzo<br \/>\nSonego pourrait le suppl\u00e9er et disputer avec Flavio Cobolli, Matteo<br \/>\nBerrettini, Andrea Vavassori et Simone Bolelli le Final 8 de la<br \/>\nCoupe Davis.<\/p>\n","protected":false},"excerpt":{"rendered":"Actuellement \u00e0 Turin pour disputer le Masters, Lorenzo Musetti pourrait ensuite d\u00e9clarer forfait pour la phase finale de&hellip;\n","protected":false},"author":2,"featured_media":529225,"comment_status":"","ping_status":"","sticky":false,"template":"","format":"standard","meta":{"footnotes":""},"categories":[1415],"tags":[4178,1011,27,27964,64832,57681,60,1467],"class_list":{"0":"post-529224","1":"post","2":"type-post","3":"status-publish","4":"format-standard","5":"has-post-thumbnail","7":"category-tennis","8":"tag-coupe-davis","9":"tag-fr","10":"tag-france","11":"tag-musetti","12":"tag-sonego","13":"tag-sport365-fr","14":"tag-sports","15":"tag-tennis"},"share_on_mastodon":{"url":"https:\/\/pubeurope.com\/@fr\/115537206546127783","error":""},"_links":{"self":[{"href":"https:\/\/www.europesays.com\/fr\/wp-json\/wp\/v2\/posts\/529224","targetHints":{"allow":["GET"]}}],"collection":[{"href":"https:\/\/www.europesays.com\/fr\/wp-json\/wp\/v2\/posts"}],"about":[{"href":"https:\/\/www.europesays.com\/fr\/wp-json\/wp\/v2\/types\/post"}],"author":[{"embeddable":true,"href":"https:\/\/www.europesays.com\/fr\/wp-json\/wp\/v2\/users\/2"}],"replies":[{"embeddable":true,"href":"https:\/\/www.europesays.com\/fr\/wp-json\/wp\/v2\/comments?post=529224"}],"version-history":[{"count":0,"href":"https:\/\/www.europesays.com\/fr\/wp-json\/wp\/v2\/posts\/529224\/revisions"}],"wp:featuredmedia":[{"embeddable":true,"href":"https:\/\/www.europesays.com\/fr\/wp-json\/wp\/v2\/media\/529225"}],"wp:attachment":[{"href":"https:\/\/www.europesays.com\/fr\/wp-json\/wp\/v2\/media?parent=529224"}],"wp:term":[{"taxonomy":"category","embeddable":true,"href":"https:\/\/www.europesays.com\/fr\/wp-json\/wp\/v2\/categories?post=529224"},{"taxonomy":"post_tag","embeddable":true,"href":"https:\/\/www.europesays.com\/fr\/wp-json\/wp\/v2\/tags?post=529224"}],"curies":[{"name":"wp","href":"https:\/\/api.w.org\/{rel}","templated":true}]}}