{"id":529226,"date":"2025-11-12T14:33:11","date_gmt":"2025-11-12T14:33:11","guid":{"rendered":"https:\/\/www.europesays.com\/fr\/529226\/"},"modified":"2025-11-12T14:33:11","modified_gmt":"2025-11-12T14:33:11","slug":"faire-payer-lacces-aux-etapes-le-president-de-lunion-cycliste-internationale-ne-dit-pas-non","status":"publish","type":"post","link":"https:\/\/www.europesays.com\/fr\/529226\/","title":{"rendered":"faire payer l\u2019acc\u00e8s aux \u00e9tapes, le pr\u00e9sident de l\u2019Union cycliste internationale ne dit pas non"},"content":{"rendered":"<p>\n    David Lappartient ne ferme pas compl\u00e8tement la porte \u00e0 une tarification pour acc\u00e9der \u00e0 certaines \u00e9tapes afin d\u2019aider au financement des \u00e9quipes mais souligne malgr\u00e9 tout les obstacles \u00e0 surmonter.<\/p>\n<p class=\"fig-paragraph\">Face \u00e0 l\u2019inflation budg\u00e9taire inqui\u00e9tante ces derni\u00e8res ann\u00e9es dans le v\u00e9lo, tir\u00e9e par les \u00e9quipes sponsoris\u00e9es par des \u00c9tats (UAE Team Emirates, Bahrain Victorious&#8230;) et \u00e0 la\u00a0<a href=\"http:\/\/www.lefigaro.fr\/sports\/cyclisme\/cyclisme-le-mauvais-moment-pour-tenter-de-sauver-notre-peau-pourquoi-l-equipe-arkea-met-la-cle-sous-la-porte-20251015\" data-fig-type=\"Article\" data-gtm-custom-categorie=\"navigation\" data-gtm-custom-action=\"crossclick\" data-gtm-custom-label=\"Contextuel\" data-gtm-event=\"customEventSPE\" data-fig-domain=\"LEFIGARO\" target=\"_blank\" rel=\"noopener\">difficult\u00e9 pour des formations moins riches de survivre dans le peloton<\/a>, des voix r\u00e9clament une meilleure r\u00e9partition des revenus. Les pistes de r\u00e9flexion existent comme l\u2019instauration d\u2019un plafond budg\u00e9taire, une meilleure r\u00e9partition des revenus issus des droits t\u00e9l\u00e9 ou une r\u00e9flexion sur le syst\u00e8me de r\u00e9tribution en fonction du classement World Tour.<\/p>\n<p class=\"fig-paragraph\">Certaines figures du monde du cyclisme comme J\u00e9r\u00f4me Pineau, ancien patron de l\u2019\u00e9quipe B &amp; B H\u00f4tels\u00a0<a href=\"http:\/\/www.lefigaro.fr\/sports\/cyclisme\/cyclisme-l-avenir-de-l-equipe-b-b-hotels-de-plus-en-plus-menace-20221202\" data-fig-type=\"NewsFlash\" data-gtm-custom-categorie=\"navigation\" data-gtm-custom-action=\"crossclick\" data-gtm-custom-label=\"Contextuel\" data-gtm-event=\"customEventSPE\" data-fig-domain=\"LEFIGARO\" target=\"_blank\" rel=\"noopener\">contraint de mettre la cl\u00e9 sous la porte en 2022 en raison de probl\u00e8mes financiers,<\/a>\u00a0soutiennent l\u2019id\u00e9e d\u2019une billetterie, sur le Tour de France notamment, pour acc\u00e9der \u00e0 certaines parties d\u2019une \u00e9tape.<\/p>\n<p>                                    <a class=\"fig-a11y-skip a11y-hidden\" href=\"#fig-a11y-skip-main-inarticle\"><br \/>\n        Passer la publicit\u00e9<br \/>\n    <\/a><\/p>\n<p class=\"fig-paragraph\">Pr\u00e9sident de l\u2019Union cycliste internationale, le Fran\u00e7ais David Lappartient n\u2019est pas compl\u00e8tement oppos\u00e9 \u00e0 ce projet qui existe d\u00e9j\u00e0 sur certaines courses. Il avait lui-m\u00eame instaur\u00e9 une tarification dans la c\u00f4te de Cadoudal lorsqu\u2019il organisait le Grand Prix de Plumelec. Mais le dirigeant souligne malgr\u00e9 tout les obstacles\u00a0<a href=\"https:\/\/www.ouest-france.fr\/sport\/cyclisme\/entretien-david-lappartient-si-vous-voulez-faire-payer-sur-le-tour-de-france-vous-netes-pas-rendu-858d9ce4-bec4-11f0-a083-858f2b6e92c2\" target=\"_blank\" rel=\"sponsored noopener\" data-gtm-custom-categorie=\"navigation\" data-gtm-custom-action=\"crossclick\" data-gtm-custom-label=\"Contextuel\" data-gtm-event=\"customEventSPE\">dans un entretien accord\u00e9 \u00e0 Ouest-France<\/a>\u00a0: \u00abLa billetterie c\u2019est un peu compliqu\u00e9 dans le Tour de France parce que l\u00e0, on va toucher un d\u00e9bat national. Les d\u00e9partements, r\u00e9gions, communes qui financent vont dire \u00ab\u00a0Oui je veux bien le Tour mais je veux que les gens puissent venir gratuitement chez moi\u00a0\u00bb.\u00bb<\/p>\n<blockquote class=\"fig-quote&#10;    \">\n<p class=\"fig-quote__text\">Ce n\u2019est pas dans le domaine de l\u2019impossible, ce sera quand m\u00eame une r\u00e9volution<\/p>\n<p>            David Lappartient\n    <\/p><\/blockquote>\n<p class=\"fig-paragraph\">J\u00e9r\u00f4me Pineau, qui a d\u00e9nonc\u00e9 sur RMC un cyclisme devenu \u00abun syst\u00e8me d\u2019ultra-riches\u00bb propose par exemple de faire payer l\u2019acc\u00e8s aux cinq derniers kilom\u00e8tres de l\u2019Alpe d\u2019Huez. Mais l\u00e0 encore, David Lappartient met en garde\u00a0! \u00abIl faut poser un cadre juridique, faire payer l\u2019espace public en France c\u2019est compliqu\u00e9. Et puis je pense que les gens vont vouloir quand m\u00eame que \u00e7a aille aux coureurs, in fine. Ce n\u2019est pas dans le domaine de l\u2019impossible, ce sera quand m\u00eame une r\u00e9volution par rapport \u00e0 ce qu\u2019on a l\u2019habitude d\u2019avoir. Et regardez, quand vous voulez bouger l\u2019\u00e2ge de la retraite&#8230; Alors si vous voulez faire payer sur le Tour de France, vous n\u2019\u00eates pas rendu.\u00bb<\/p>\n","protected":false},"excerpt":{"rendered":"David Lappartient ne ferme pas compl\u00e8tement la porte \u00e0 une tarification pour acc\u00e9der \u00e0 certaines \u00e9tapes afin d\u2019aider&hellip;\n","protected":false},"author":2,"featured_media":529227,"comment_status":"","ping_status":"","sticky":false,"template":"","format":"standard","meta":{"footnotes":""},"categories":[1411],"tags":[64833,1154,207,1011,27,60],"class_list":{"0":"post-529226","1":"post","2":"type-post","3":"status-publish","4":"format-standard","5":"has-post-thumbnail","7":"category-cyclisme","8":"tag-alpe-dhuez","9":"tag-cycling","10":"tag-cyclisme","11":"tag-fr","12":"tag-france","13":"tag-sports"},"share_on_mastodon":{"url":"https:\/\/pubeurope.com\/@fr\/115537222271682855","error":""},"_links":{"self":[{"href":"https:\/\/www.europesays.com\/fr\/wp-json\/wp\/v2\/posts\/529226","targetHints":{"allow":["GET"]}}],"collection":[{"href":"https:\/\/www.europesays.com\/fr\/wp-json\/wp\/v2\/posts"}],"about":[{"href":"https:\/\/www.europesays.com\/fr\/wp-json\/wp\/v2\/types\/post"}],"author":[{"embeddable":true,"href":"https:\/\/www.europesays.com\/fr\/wp-json\/wp\/v2\/users\/2"}],"replies":[{"embeddable":true,"href":"https:\/\/www.europesays.com\/fr\/wp-json\/wp\/v2\/comments?post=529226"}],"version-history":[{"count":0,"href":"https:\/\/www.europesays.com\/fr\/wp-json\/wp\/v2\/posts\/529226\/revisions"}],"wp:featuredmedia":[{"embeddable":true,"href":"https:\/\/www.europesays.com\/fr\/wp-json\/wp\/v2\/media\/529227"}],"wp:attachment":[{"href":"https:\/\/www.europesays.com\/fr\/wp-json\/wp\/v2\/media?parent=529226"}],"wp:term":[{"taxonomy":"category","embeddable":true,"href":"https:\/\/www.europesays.com\/fr\/wp-json\/wp\/v2\/categories?post=529226"},{"taxonomy":"post_tag","embeddable":true,"href":"https:\/\/www.europesays.com\/fr\/wp-json\/wp\/v2\/tags?post=529226"}],"curies":[{"name":"wp","href":"https:\/\/api.w.org\/{rel}","templated":true}]}}