{"id":529234,"date":"2025-11-12T14:42:13","date_gmt":"2025-11-12T14:42:13","guid":{"rendered":"https:\/\/www.europesays.com\/fr\/529234\/"},"modified":"2025-11-12T14:42:13","modified_gmt":"2025-11-12T14:42:13","slug":"nikos-aliagas-devoile-la-drole-dexigence-dune-pop-star-a-la-star-academy","status":"publish","type":"post","link":"https:\/\/www.europesays.com\/fr\/529234\/","title":{"rendered":"Nikos Aliagas d\u00e9voile la dr\u00f4le d\u2019exigence d\u2019une pop star \u00e0 la \u00ab\u00a0Star Academy\u00a0\u00bb"},"content":{"rendered":"<p>Nikos Aliagas a une grande exp\u00e9rience des stars, puisqu\u2019il en a re\u00e7u de nombreuses sur le plateau de la <a href=\"https:\/\/www.20minutes.fr\/arts-stars\/television\/4184417-20251108-star-academy-2025-tetanise-concurrence-star-is-born-candidate-fait-unanimite-prime\" rel=\"nofollow noopener\" target=\"_blank\" class=\"c-link c-link--is-underlined\">Star Academy<\/a>, comme C\u00e9line Dion, <a href=\"https:\/\/www.20minutes.fr\/people\/rihanna\/\" class=\"c-link c-link--is-underlined\" target=\"_blank\" rel=\"noopener\">Rihanna<\/a>, ou encore Stevie Wonder. Si certaines lui ont laiss\u00e9 des souvenirs marquants, d\u2019autres se sont distingu\u00e9es pour leurs demandes originales, comme il l\u2019a confi\u00e9 lundi sur le plateau de <a href=\"https:\/\/www.france.tv\/france-5\/c-a-vous-la-suite\/saison-17\/7665936-emission-du-lundi-10-novembre-2025.html\" rel=\"nofollow noopener\" target=\"_blank\" class=\"c-link c-link--is-underlined\">C \u00e0 vous<\/a>.<\/p>\n<p>L\u2019animateur de 56 ans, de retour depuis quelques semaines pour la treizi\u00e8me saison de la Star Academy, s\u2019est notamment rappel\u00e9 avec \u00e9motion le jour o\u00f9 Johnny Hallyday l\u2019avait pouss\u00e9 \u00e0 entonner en public Toute la musique que j\u2019aime, ou la fois o\u00f9 <a href=\"https:\/\/www.20minutes.fr\/arts-stars\/people\/4176673-20251002-pouvais-plus-madonna-revele-avoir-songe-mettre-fin-jours-apres-divorce\" rel=\"nofollow noopener\" target=\"_blank\" class=\"c-link c-link--is-underlined\">Madonna<\/a> avait jou\u00e9 le r\u00f4le d\u2019animatrice \u00e0 sa place. Mais la demande provenant de l\u2019\u00e9quipe d\u2019une autre invit\u00e9e de marque l\u2019a laiss\u00e9 tout \u00e0 fait incr\u00e9dule.<\/p>\n<p>Consignes drastiques<\/p>\n<p>Le \u00ab\u00a0staff\u00a0\u00bb de Britney Spears aurait en effet demand\u00e9 que l\u2019on ne regarde pas la chanteuse de Toxic dans les yeux. \u00ab\u00a0Ne la regardez pas dans le couloir, baissez les yeux\u00a0!\u00a0\u00bb, a r\u00e9p\u00e9t\u00e9 Nikos Aliagas. Une exigence qui ne lui a r\u00e9solument pas plu\u00a0: \u00ab\u00a0Je leur dis\u00a0: \u00ab\u00a0Comment \u00e7a, baissez les yeux\u00a0?\u00a0\u00bb\u00a0\u00bb. <a href=\"https:\/\/www.20minutes.fr\/arts-stars\/television\/4119533-20241104-star-academy-pourquoi-nikos-pleure-lors-dernier-prime\" rel=\"nofollow noopener\" target=\"_blank\" class=\"c-link c-link--is-underlined\">L\u2019animateur<\/a> ne s\u2019est donc pas laiss\u00e9 d\u00e9monter, pr\u00e9f\u00e9rant aller \u00e0 la rencontre de la star am\u00e9ricaine.<\/p>\n<p>\u00ab\u00a0Je vais la voir dans la loge et je dis\u00a0: \u00ab\u00a0Britney, how are you\u00a0?\u00a0\u00bb \u00c0 un moment, il faut \u00eatre un peu dingue sinon tu ne t\u2019en sors pas, tu ne peux pas travailler\u00a0\u00bb, a-t-il tranch\u00e9. Heureusement, l\u2019\u00e9mission s\u2019est bien d\u00e9roul\u00e9e, <a href=\"https:\/\/! https:\/\/www.20minutes.fr\/arts-stars\/people\/4183191-20251103-britney-spears-pourquoi-compte-instagram-star-pop-supprime\" rel=\"nofollow\" target=\"_blank\" class=\"c-link c-link--is-underlined\">Britney Spears<\/a> n\u2019ayant visiblement pas pris la mouche face \u00e0 la violation de cette consigne de son \u00e9quipe.<\/p>\n","protected":false},"excerpt":{"rendered":"Nikos Aliagas a une grande exp\u00e9rience des stars, puisqu\u2019il en a re\u00e7u de nombreuses sur le plateau de&hellip;\n","protected":false},"author":2,"featured_media":529235,"comment_status":"","ping_status":"","sticky":false,"template":"","format":"standard","meta":{"footnotes":""},"categories":[1356],"tags":[8719,58,59,1011,27,6239,10827,973,5095,252,199,1364,133],"class_list":{"0":"post-529234","1":"post","2":"type-post","3":"status-publish","4":"format-standard","5":"has-post-thumbnail","7":"category-television","8":"tag-britney-spears","9":"tag-divertissement","10":"tag-entertainment","11":"tag-fr","12":"tag-france","13":"tag-madonna","14":"tag-nikos-aliagas","15":"tag-people","16":"tag-star-academy","17":"tag-television","18":"tag-tf1","19":"tag-tv","20":"tag-video"},"share_on_mastodon":{"url":"https:\/\/pubeurope.com\/@fr\/115537257703482145","error":""},"_links":{"self":[{"href":"https:\/\/www.europesays.com\/fr\/wp-json\/wp\/v2\/posts\/529234","targetHints":{"allow":["GET"]}}],"collection":[{"href":"https:\/\/www.europesays.com\/fr\/wp-json\/wp\/v2\/posts"}],"about":[{"href":"https:\/\/www.europesays.com\/fr\/wp-json\/wp\/v2\/types\/post"}],"author":[{"embeddable":true,"href":"https:\/\/www.europesays.com\/fr\/wp-json\/wp\/v2\/users\/2"}],"replies":[{"embeddable":true,"href":"https:\/\/www.europesays.com\/fr\/wp-json\/wp\/v2\/comments?post=529234"}],"version-history":[{"count":0,"href":"https:\/\/www.europesays.com\/fr\/wp-json\/wp\/v2\/posts\/529234\/revisions"}],"wp:featuredmedia":[{"embeddable":true,"href":"https:\/\/www.europesays.com\/fr\/wp-json\/wp\/v2\/media\/529235"}],"wp:attachment":[{"href":"https:\/\/www.europesays.com\/fr\/wp-json\/wp\/v2\/media?parent=529234"}],"wp:term":[{"taxonomy":"category","embeddable":true,"href":"https:\/\/www.europesays.com\/fr\/wp-json\/wp\/v2\/categories?post=529234"},{"taxonomy":"post_tag","embeddable":true,"href":"https:\/\/www.europesays.com\/fr\/wp-json\/wp\/v2\/tags?post=529234"}],"curies":[{"name":"wp","href":"https:\/\/api.w.org\/{rel}","templated":true}]}}