{"id":529236,"date":"2025-11-12T14:43:15","date_gmt":"2025-11-12T14:43:15","guid":{"rendered":"https:\/\/www.europesays.com\/fr\/529236\/"},"modified":"2025-11-12T14:43:15","modified_gmt":"2025-11-12T14:43:15","slug":"clash-mbappe-orelsan-il-faut-que-je-reexplique-bien-le-concept-de-lalbum-assure-le-rappeur","status":"publish","type":"post","link":"https:\/\/www.europesays.com\/fr\/529236\/","title":{"rendered":"Clash Mbapp\u00e9 &#8211; Orelsan\u00a0: \u00ab\u00a0Il faut que je r\u00e9explique bien le concept de l\u2019album\u00a0\u00bb, assure le rappeur"},"content":{"rendered":"<p>Orelsan est sans doute beaucoup plus pr\u00e9occup\u00e9 par la dixi\u00e8me place du Stade Malherbe de Caen en National (le tout avec un match en plus) que par <a href=\"https:\/\/www.20minutes.fr\/sport\/football\/4184471-20251108-apres-clash-rate-orlesan-mbappe-devient-risee-reseaux-sociaux\" target=\"_blank\" class=\"c-link c-link--is-underlined\" rel=\"noopener\">la \u00ab\u00a0pol\u00e9mique\u00a0\u00bb avec Kylian Mbapp\u00e9<\/a>. Vendredi, l\u2019attaquant du Real Madrid avait d\u00e9nonc\u00e9 une punchline du Normand dans le titre La petite voix, o\u00f9 un double mal\u00e9fique du rappeur <a href=\"https:\/\/www.20minutes.fr\/arts-stars\/4184260-20251107-vas-faire-couler-ville-comme-mbappe-pourquoi-orelsan-clash-kyky\" target=\"_blank\" class=\"c-link c-link--is-underlined\" rel=\"noopener\">critiquait la gestion d\u00e9sastreuse de Malherbe par les Mbapp\u00e9<\/a>.<\/p>\n<p>\u00ab\u00a0Ouais, tu vas faire couler ta ville comme les Mbapp\u00e9\u00a0\u00bb, critiquait ainsi le morceau pr\u00e9sent dans<a href=\"https:\/\/www.20minutes.fr\/arts-stars\/culture\/4184685-20251110-fuite-avant-orelsan-realise-meilleur-demarrage-annee-france\" target=\"_blank\" class=\"c-link c-link--is-underlined\" rel=\"noopener\"> le nouvel album d\u2019Orelsan, La fuite en avant<\/a>. Des paroles pas du tout dig\u00e9r\u00e9es par l\u2019ancien buteur du Paris Saint-Germain\u00a0: \u00ab\u00a0T\u2019es le bienvenu pour &lsquo;sauver&rsquo; la ville que tu aimes tant Orelsan. PS\u00a0: le mec a fait que nous supplier pour entrer avec 1\u00a0% sans payer parce qu\u2019il a pas un rond mais pour avoir la bonne image du petit gars de Normandie.\u00a0\u00bb<\/p>\n<p class=\"mb-xxl@xs color-ultramarine font-weight-semi-bold@xs font-source-serif-pro heading-s@xs\">L\u2019acc\u00e8s \u00e0 ce contenu a \u00e9t\u00e9 bloqu\u00e9 afin de respecter votre choix de consentement<\/p>\n<p class=\"mb-m@xs text-l@xs\">En cliquant sur\u00ab J\u2019accepte \u00bb, vous acceptez le d\u00e9p\u00f4t de cookies par des services externes et aurez ainsi acc\u00e8s aux contenus de nos partenaires.<\/p>\n<p class=\"mb-xl@xs text-s@xs\">Plus d\u2019informations sur la page<a href=\"https:\/\/www.20minutes.fr\/gestion-cookies\" class=\"mx-xxs@xs color-ultramarine\" target=\"_blank\" rel=\"noopener\">Politique de gestion des cookies<\/a><\/p>\n<p>J\u2019accepte<\/p>\n<p>S\u2019il n\u2019a pas souhait\u00e9 vraiment r\u00e9agir aux dires de Mbapp\u00e9, Orelsan a quand m\u00eame tenu \u00e0 dire, ce mercredi sur Fun Radio, qu\u2019il fallait qu\u2019il \u00ab\u00a0r\u00e9explique bien le concept de l\u2019album et du film\u00a0\u00bb. \u00ab\u00a0Je n\u2019ai pas sp\u00e9cialement envie de parler de Mbapp\u00e9, je n\u2019ai pas vraiment envie de r\u00e9pondre, je suis toujours \u00e0 chaud, a tenu \u00e0 dire le rappeur. C\u2019est une incompr\u00e9hension.\u00a0\u00bb<\/p>\n","protected":false},"excerpt":{"rendered":"Orelsan est sans doute beaucoup plus pr\u00e9occup\u00e9 par la dixi\u00e8me place du Stade Malherbe de Caen en National&hellip;\n","protected":false},"author":2,"featured_media":529237,"comment_status":"","ping_status":"","sticky":false,"template":"","format":"standard","meta":{"footnotes":""},"categories":[1355],"tags":[58,59,63,1011,27,6477,1361,873,21953,3616,15104,517],"class_list":{"0":"post-529236","1":"post","2":"type-post","3":"status-publish","4":"format-standard","5":"has-post-thumbnail","7":"category-musique","8":"tag-divertissement","9":"tag-entertainment","10":"tag-football","11":"tag-fr","12":"tag-france","13":"tag-kylian-mbappe","14":"tag-music","15":"tag-musique","16":"tag-orelsan","17":"tag-rap","18":"tag-sm-caen","19":"tag-sport"},"share_on_mastodon":{"url":"https:\/\/pubeurope.com\/@fr\/115537261652939472","error":""},"_links":{"self":[{"href":"https:\/\/www.europesays.com\/fr\/wp-json\/wp\/v2\/posts\/529236","targetHints":{"allow":["GET"]}}],"collection":[{"href":"https:\/\/www.europesays.com\/fr\/wp-json\/wp\/v2\/posts"}],"about":[{"href":"https:\/\/www.europesays.com\/fr\/wp-json\/wp\/v2\/types\/post"}],"author":[{"embeddable":true,"href":"https:\/\/www.europesays.com\/fr\/wp-json\/wp\/v2\/users\/2"}],"replies":[{"embeddable":true,"href":"https:\/\/www.europesays.com\/fr\/wp-json\/wp\/v2\/comments?post=529236"}],"version-history":[{"count":0,"href":"https:\/\/www.europesays.com\/fr\/wp-json\/wp\/v2\/posts\/529236\/revisions"}],"wp:featuredmedia":[{"embeddable":true,"href":"https:\/\/www.europesays.com\/fr\/wp-json\/wp\/v2\/media\/529237"}],"wp:attachment":[{"href":"https:\/\/www.europesays.com\/fr\/wp-json\/wp\/v2\/media?parent=529236"}],"wp:term":[{"taxonomy":"category","embeddable":true,"href":"https:\/\/www.europesays.com\/fr\/wp-json\/wp\/v2\/categories?post=529236"},{"taxonomy":"post_tag","embeddable":true,"href":"https:\/\/www.europesays.com\/fr\/wp-json\/wp\/v2\/tags?post=529236"}],"curies":[{"name":"wp","href":"https:\/\/api.w.org\/{rel}","templated":true}]}}