{"id":529238,"date":"2025-11-12T14:44:14","date_gmt":"2025-11-12T14:44:14","guid":{"rendered":"https:\/\/www.europesays.com\/fr\/529238\/"},"modified":"2025-11-12T14:44:14","modified_gmt":"2025-11-12T14:44:14","slug":"cinema-france-une-histoire-damour-le-documentaire-de-yann-arthus-bertrand","status":"publish","type":"post","link":"https:\/\/www.europesays.com\/fr\/529238\/","title":{"rendered":"[CIN\u00c9MA] France, une histoire d\u2019amour, le documentaire de Yann Arthus-Bertrand"},"content":{"rendered":"<p>Ce sont des contraintes de planning qui nous ont conduit \u00e0 assister en avant-premi\u00e8re au dernier documentaire de Yann Arthus-Bertrand, France, une histoire d\u2019amour. Dans ce petit cin\u00e9ma bobo des Champs-\u00c9lys\u00e9es, le Balzac, connu pour sa programmation militante de gauche, \u00e0 mille lieues des convictions politiques de l\u2019\u00e9crivain dont il porte le nom, une foule de Parisiens friqu\u00e9s, d\u2019une moyenne d\u2019\u00e2ge de soixante ans, attendait joyeusement le c\u00e9l\u00e8bre photographe venu pr\u00e9senter son film. Une fois franchi les portes de la salle 1 aux trois cent quatre-vingts fauteuils rouge vif, remplie aux huit dixi\u00e8mes, le cin\u00e9aste-gourou de l\u2019\u00e9cologisme d\u00e9vot fut accueilli en un silence quasi religieux par son public de fid\u00e8les. Une ambiance qui fleurait bon l\u2019entre-soi, la connivence id\u00e9ologique et la fiert\u00e9 d\u2019appartenir collectivement au camp du Bien. S\u2019ensuivirent alors les sempiternels salamalecs entre l\u2019artiste et son \u00ab\u00a0courageux\u00a0\u00bb distributeur, heureux de pr\u00e9senter ce soir-l\u00e0 une France \u00ab\u00a0solidaire\u00a0\u00bb qui fait \u00ab\u00a0bouger les choses\u00a0\u00bb. Apr\u00e8s un spot rapide du Balzac vantant les m\u00e9rites des associations immigrationnistes (et pro-dumping social), le film put enfin d\u00e9buter\u2026<\/p>\n<p>Un pot-pourri de th\u00e9matiques diverses et vari\u00e9es<\/p>\n<p>R\u00e9alis\u00e9 en lien avec le d\u00e9mographe Herv\u00e9 Le Bras, <a href=\"https:\/\/www.bvoltaire.fr\/point-de-vue-h-le-bras-defenseur-de-ce-grand-remplacement-qui-nexiste-pas\/\" target=\"_blank\" rel=\"noopener nofollow\">dont on conna\u00eet bien les positions sur la question de l&rsquo;immigration<\/a>, par le tandem Yann Arthus-Bertrand et Michael Pitiot, qui signe l\u00e0 sa cinqui\u00e8me collaboration apr\u00e8s Plan\u00e8te Oc\u00e9an (2012), M\u00e9diterran\u00e9e, notre mer \u00e0 tous (2014), Terra (2015) et Le Maroc vu du ciel (2017), France, une histoire d\u2019amour se veut un documentaire pris sur le vif, tourn\u00e9 \u00e0 l&rsquo;iPhone Pro Max dans une soixantaine de lieux diff\u00e9rents (\u00cele-de-France, Hauts-de-France, Bretagne, Provence-Alpes-C\u00f4te d\u2019Azur et Bourgogne-Franche-Comt\u00e9), mettant \u00e0 l\u2019honneur des Fran\u00e7ais du quotidien qui se battent pour de \u00ab\u00a0justes causes\u00a0\u00bb. Parmi celles-ci, forc\u00e9ment, l\u2019accueil inconditionnel des clandestins (ou \u00ab\u00a0migrants\u00a0\u00bb, pour les plus po\u00e8tes d\u2019entre nous\u2026), avec un <a href=\"https:\/\/www.bvoltaire.fr\/edito-la-petite-tournee-dautomne-du-passeur-cedric-herrou\/\" target=\"_blank\" rel=\"noopener nofollow\">C\u00e9dric Herrou<\/a> hiss\u00e9 au rang de maquisard h\u00e9ro\u00efque du militantisme sans-fronti\u00e9riste, la transformation d\u2019un ancien McDo de Marseille en restaurant pour les pauvres, le combat pour l\u2019agriculture bio, la lutte d\u2019un maire contre les pesticides ou encore l\u2019endoctrinement de la jeunesse contre le r\u00e9chauffement climatique\u2026 Un gloubi-boulga de th\u00e9matiques diverses et vari\u00e9es qui traduit chez l\u2019artiste une pens\u00e9e confuse et ne fait pas l\u2019\u00e9conomie de positionnements contradictoires, le principe de libert\u00e9 de circulation des hommes ne faisant pas bon m\u00e9nage avec les pr\u00e9occupations \u00e9cologiques\u2026<\/p>\n<p>Postures et imposture<\/p>\n<p>Les sujets abord\u00e9s, en d\u00e9finitive, sont \u00e0 peine survol\u00e9s et ne d\u00e9passent jamais le stade du commentaire \u00e9logieux et humaniste. \u00c0 croire que ce road movie un peu facile et b\u00e2cl\u00e9 n\u2019a pour raison d\u2019\u00eatre que de c\u00e9l\u00e9brer l\u2019indignation s\u00e9lective de celui qui le porte. Un Yann Arthus-Bertrand tout faraud et ironique qui n\u2019h\u00e9site pas \u00e0 mettre en doute, face cam\u00e9ra, la parole d\u2019\u00e9leveurs chevronn\u00e9s lorsque ceux-ci, d\u00e9sempar\u00e9s, affirment p\u00e2tir de la r\u00e9introduction des loups dans leur r\u00e9gion et subir, de surcro\u00eet, des menaces de la part des militants d\u2019extr\u00eame gauche. Le photographe, de toute \u00e9vidence, est plus \u00e0 l\u2019aise sur les Champs-\u00c9lys\u00e9es que dans cette nature qu\u2019il pr\u00e9tend d\u00e9fendre\u2026<\/p>\n<p>\u00a0<\/p>\n<p>1 \u00e9toile sur 5<\/p>\n<p>\u00a0<\/p>\n<\/p>\n<p>                    <a href=\"#\" rel=\"nofollow\" onclick=\"window.print(); pfTrackEvent('[CIN\u00c9MA] &lt;i&gt;France, une histoire d\u2019amour&lt;\/i&gt;, le documentaire de Yann Arthus-Bertrand'); return false;\" title=\"Printer Friendly, PDF &amp; Email\"><br \/>\n                    <img decoding=\"async\" src=\"https:\/\/www.europesays.com\/fr\/wp-content\/uploads\/2025\/04\/printfriendly-icon-sm.png\" alt=\"Print Friendly, PDF &amp; Email\" class=\"pf-button-img\" style=\"width: 17px;height: 17px;\"\/>Imprimer, enregistrer en PDF cet article<br \/>\n                    <\/a><\/p>\n","protected":false},"excerpt":{"rendered":"Ce sont des contraintes de planning qui nous ont conduit \u00e0 assister en avant-premi\u00e8re au dernier documentaire de&hellip;\n","protected":false},"author":2,"featured_media":529239,"comment_status":"","ping_status":"","sticky":false,"template":"","format":"standard","meta":{"footnotes":""},"categories":[1354],"tags":[58,59,1346,1011,27,1360],"class_list":{"0":"post-529238","1":"post","2":"type-post","3":"status-publish","4":"format-standard","5":"has-post-thumbnail","7":"category-films","8":"tag-divertissement","9":"tag-entertainment","10":"tag-films","11":"tag-fr","12":"tag-france","13":"tag-movies"},"share_on_mastodon":{"url":"https:\/\/pubeurope.com\/@fr\/115537266122939677","error":""},"_links":{"self":[{"href":"https:\/\/www.europesays.com\/fr\/wp-json\/wp\/v2\/posts\/529238","targetHints":{"allow":["GET"]}}],"collection":[{"href":"https:\/\/www.europesays.com\/fr\/wp-json\/wp\/v2\/posts"}],"about":[{"href":"https:\/\/www.europesays.com\/fr\/wp-json\/wp\/v2\/types\/post"}],"author":[{"embeddable":true,"href":"https:\/\/www.europesays.com\/fr\/wp-json\/wp\/v2\/users\/2"}],"replies":[{"embeddable":true,"href":"https:\/\/www.europesays.com\/fr\/wp-json\/wp\/v2\/comments?post=529238"}],"version-history":[{"count":0,"href":"https:\/\/www.europesays.com\/fr\/wp-json\/wp\/v2\/posts\/529238\/revisions"}],"wp:featuredmedia":[{"embeddable":true,"href":"https:\/\/www.europesays.com\/fr\/wp-json\/wp\/v2\/media\/529239"}],"wp:attachment":[{"href":"https:\/\/www.europesays.com\/fr\/wp-json\/wp\/v2\/media?parent=529238"}],"wp:term":[{"taxonomy":"category","embeddable":true,"href":"https:\/\/www.europesays.com\/fr\/wp-json\/wp\/v2\/categories?post=529238"},{"taxonomy":"post_tag","embeddable":true,"href":"https:\/\/www.europesays.com\/fr\/wp-json\/wp\/v2\/tags?post=529238"}],"curies":[{"name":"wp","href":"https:\/\/api.w.org\/{rel}","templated":true}]}}