{"id":529242,"date":"2025-11-12T14:50:25","date_gmt":"2025-11-12T14:50:25","guid":{"rendered":"https:\/\/www.europesays.com\/fr\/529242\/"},"modified":"2025-11-12T14:50:25","modified_gmt":"2025-11-12T14:50:25","slug":"condamne-pour-agression-sexuelle-luis-rubiales-lancien-president-de-la-federation-espagnole-crie-au-complot-de-lextreme-gauche","status":"publish","type":"post","link":"https:\/\/www.europesays.com\/fr\/529242\/","title":{"rendered":"condamn\u00e9 pour agression sexuelle, Luis Rubiales, l\u2019ancien pr\u00e9sident de la F\u00e9d\u00e9ration espagnole, crie au complot de \u00abl&rsquo;extr\u00eame gauche\u00bb"},"content":{"rendered":"<p>\n    Condamn\u00e9 pour un baiser impos\u00e9 \u00e0 la joueuse Jenni Hermoso, Luis Rubiales a r\u00e9p\u00e9t\u00e9 dans un entretien t\u00e9l\u00e9vis\u00e9 que ce baiser \u00e9tait \u00abconsenti\u00bb.<\/p>\n<p class=\"fig-paragraph\">L&rsquo;ex-pr\u00e9sident de la F\u00e9d\u00e9ration espagnole de football\u00a0<a href=\"http:\/\/www.lefigaro.fr\/sports\/football\/espagne\/affaire-du-baiser-force-ca-creera-un-precedent-important-se-felicite-hermoso-apres-la-condamnation-de-rubiales-20250222\" data-fig-type=\"NewsFlash\" data-gtm-custom-categorie=\"navigation\" data-gtm-custom-action=\"crossclick\" data-gtm-custom-label=\"Contextuel\" data-gtm-event=\"customEventSPE\" data-fig-domain=\"LEFIGARO\" target=\"_blank\" rel=\"noopener\">Luis Rubiales<\/a>, condamn\u00e9 pour agression sexuelle pour un baiser impos\u00e9 \u00e0 la joueuse Jenni Hermoso, a de nouveau minimis\u00e9 les faits dans un entretien t\u00e9l\u00e9vis\u00e9, estimant avoir \u00e9t\u00e9 victime d&rsquo;un complot \u00abde l&rsquo;extr\u00eame gauche\u00bb.<\/p>\n<p class=\"fig-paragraph\">Rubiales, condamn\u00e9 en premi\u00e8re instance puis en appel \u00e0 une amende de 10.800 euros pour avoir embrass\u00e9 de force la joueuse apr\u00e8s la finale du Mondial f\u00e9minin \u00e0 Sydney le 20 ao\u00fbt 2023, a de nouveau martel\u00e9 jeudi soir sur le plateau de l&rsquo;\u00e9mission El Chiringuito que ce baiser \u00e9tait \u00abconsenti\u00bb, ce qu&rsquo;avait d\u00e9menti Jenni Hermoso, suivie en cela par la justice espagnole.<\/p>\n<p>                                    <a class=\"fig-a11y-skip a11y-hidden\" href=\"#fig-a11y-skip-main-inarticle\"><br \/>\n        Passer la publicit\u00e9<br \/>\n    <\/a><\/p>\n<p class=\"fig-paragraph\">\u00abComme pr\u00e9sident, j&rsquo;aurais d\u00fb me comporter plus froidement, de mani\u00e8re plus institutionnelle. Mais non, je ne demande pas pardon \u00e0 Jenni Hermoso, parce que je lui ai demand\u00e9 si je pouvais l&#8217;embrasser et elle m&rsquo;a dit \u2019\u2019D&rsquo;accord\u2019\u2019\u00bb, a r\u00e9p\u00e9t\u00e9 l&rsquo;ex-homme fort du football espagnol, qui a \u00e9crit un livre pour d\u00e9noncer l&rsquo;\u00abassassinat public\u00bb dont il aurait \u00e9t\u00e9 victime.<\/p>\n<p class=\"fig-paragraph\">\u00abQuand il y a un jugement, nous avons tous l&rsquo;obligation de le respecter, mais l&rsquo;\u00c9tat de droit nous permet de le contester si nous ne sommes pas d&rsquo;accord et pensons effectivement que ce n&rsquo;est pas une agression sexuelle\u00bb, a poursuivi Rubiales, dont l&rsquo;avocate avait affirm\u00e9 \u00e0 l&rsquo;AFP qu&rsquo;elle allait se pourvoir en cassation.<\/p>\n<p class=\"fig-paragraph\">Interrog\u00e9 sur le propos de son livre, intitul\u00e9 \u00abTuer Rubiales\u00bb, l&rsquo;ancien dirigeant de la RFEF a assur\u00e9, sans preuve, qu&rsquo;il avait \u00e9t\u00e9 victime d&rsquo;un \u00abmouvement soudain de l&rsquo;extr\u00eame gauche\u00bb ayant cr\u00e9\u00e9 une \u00abr\u00e9alit\u00e9 parall\u00e8le\u00bb pour s&#8217;emparer de cette affaire, d\u00e9non\u00e7ant un \u00ab\u00e9cran de fum\u00e9e\u00bb suppos\u00e9ment cr\u00e9\u00e9 pour prot\u00e9ger le Premier ministre socialiste Pedro Sanchez.<\/p>\n<p class=\"fig-paragraph\">Depuis une r\u00e9forme du Code p\u00e9nal espagnol, un baiser non consenti peut \u00eatre consid\u00e9r\u00e9 comme une agression sexuelle, cat\u00e9gorie p\u00e9nale regroupant tous les types de violence sexuelle.<\/p>\n<p class=\"fig-paragraph\">Luis Rubiales est par ailleurs poursuivi dans une autre affaire, de corruption cette fois-ci, autour du contrat de d\u00e9localisation de la Supercoupe d&rsquo;Espagne en Arabie saoudite.<\/p>\n<p>                                    <a class=\"fig-a11y-skip a11y-hidden\" href=\"#fig-a11y-skip-main-inarticle_mtf\"><br \/>\n        Passer la publicit\u00e9<br \/>\n    <\/a><\/p>\n<p class=\"fig-paragraph\">L&rsquo;enqu\u00eate porte sur une s\u00e9rie de contrats irr\u00e9guliers conclus par la F\u00e9d\u00e9ration espagnole de football (RFEF) pendant son mandat de pr\u00e9sident, entre 2018 et 2023.<\/p>\n<p class=\"fig-paragraph\">Luis Rubiales a ni\u00e9 avoir re\u00e7u de l&rsquo;argent de mani\u00e8re \u00abirr\u00e9guli\u00e8re\u00bb dans cette autre proc\u00e9dure qui met en cause plusieurs dirigeants et ex-collaborateurs de la RFEF et avait pouss\u00e9 le gouvernement espagnol \u00e0 mettre l&rsquo;instance sous tutelle \u00abdans l&rsquo;int\u00e9r\u00eat\u00bb du pays, futur co-organisateur du Mondial-2030 avec le Maroc et le Portugal.<\/p>\n","protected":false},"excerpt":{"rendered":"Condamn\u00e9 pour un baiser impos\u00e9 \u00e0 la joueuse Jenni Hermoso, Luis Rubiales a r\u00e9p\u00e9t\u00e9 dans un entretien t\u00e9l\u00e9vis\u00e9&hellip;\n","protected":false},"author":2,"featured_media":529243,"comment_status":"","ping_status":"","sticky":false,"template":"","format":"standard","meta":{"footnotes":""},"categories":[9],"tags":[15007,525,3233,1981,15006,814,123,5695,15008,2257,63,1011,27,453,955,15009,4790,1980,60],"class_list":{"0":"post-529242","1":"post","2":"type-post","3":"status-publish","4":"format-standard","5":"has-post-thumbnail","7":"category-sports","8":"tag-atletico","9":"tag-calendrier","10":"tag-championnat","11":"tag-classement","12":"tag-coupe-du-roi","13":"tag-direct","14":"tag-espagne","15":"tag-fc-barcelone","16":"tag-fc-valence","17":"tag-foot","18":"tag-football","19":"tag-fr","20":"tag-france","21":"tag-liga","22":"tag-match","23":"tag-messi","24":"tag-real-madrid","25":"tag-resultats","26":"tag-sports"},"share_on_mastodon":{"url":"https:\/\/pubeurope.com\/@fr\/115537289104550520","error":""},"_links":{"self":[{"href":"https:\/\/www.europesays.com\/fr\/wp-json\/wp\/v2\/posts\/529242","targetHints":{"allow":["GET"]}}],"collection":[{"href":"https:\/\/www.europesays.com\/fr\/wp-json\/wp\/v2\/posts"}],"about":[{"href":"https:\/\/www.europesays.com\/fr\/wp-json\/wp\/v2\/types\/post"}],"author":[{"embeddable":true,"href":"https:\/\/www.europesays.com\/fr\/wp-json\/wp\/v2\/users\/2"}],"replies":[{"embeddable":true,"href":"https:\/\/www.europesays.com\/fr\/wp-json\/wp\/v2\/comments?post=529242"}],"version-history":[{"count":0,"href":"https:\/\/www.europesays.com\/fr\/wp-json\/wp\/v2\/posts\/529242\/revisions"}],"wp:featuredmedia":[{"embeddable":true,"href":"https:\/\/www.europesays.com\/fr\/wp-json\/wp\/v2\/media\/529243"}],"wp:attachment":[{"href":"https:\/\/www.europesays.com\/fr\/wp-json\/wp\/v2\/media?parent=529242"}],"wp:term":[{"taxonomy":"category","embeddable":true,"href":"https:\/\/www.europesays.com\/fr\/wp-json\/wp\/v2\/categories?post=529242"},{"taxonomy":"post_tag","embeddable":true,"href":"https:\/\/www.europesays.com\/fr\/wp-json\/wp\/v2\/tags?post=529242"}],"curies":[{"name":"wp","href":"https:\/\/api.w.org\/{rel}","templated":true}]}}