{"id":529248,"date":"2025-11-12T14:55:12","date_gmt":"2025-11-12T14:55:12","guid":{"rendered":"https:\/\/www.europesays.com\/fr\/529248\/"},"modified":"2025-11-12T14:55:12","modified_gmt":"2025-11-12T14:55:12","slug":"energie-essor-rapide-des-renouvelables-la-demande-de-petrole-se-stabilise-vers-2030-selon-laie-actualites","status":"publish","type":"post","link":"https:\/\/www.europesays.com\/fr\/529248\/","title":{"rendered":"Energie: essor rapide des renouvelables, la demande de p\u00e9trole se stabilise \u00ab\u00a0vers 2030\u00a0\u00bb, selon l&rsquo;AIE : Actualit\u00e9s"},"content":{"rendered":"<p class=\"lead \">Les renouvelables se d\u00e9ploient au niveau mondial plus vite que les \u00e9nergies fossiles, malgr\u00e9 le changement de politique aux Etats-Unis, indique mercredi l&rsquo;Agence internationale de l&rsquo;\u00e9nergie (AIE) qui, dans son sc\u00e9nario m\u00e9dian, voit la demande de p\u00e9trole \u00ab\u00a0se stabiliser vers 2030\u00a0\u00bb.<\/p>\n<p class=\"lead \">Les renouvelables, tir\u00e9es par l&rsquo;\u00e9lectricit\u00e9 solaire, voient leur demande cro\u00eetre \u00ab\u00a0plus rapidement que toute autre source majeure d&rsquo;\u00e9nergie, dans tous les sc\u00e9narios\u00a0\u00bb pr\u00e9sent\u00e9s par l&rsquo;AIE dans son rapport annuel sur les perspectives \u00e9nerg\u00e9tiques mondiales (WEO 2025).<\/p>\n<p class=\"lead \">Dans ce rapport tr\u00e8s attendu, publi\u00e9 au moment o\u00f9 se tient la conf\u00e9rence de l&rsquo;ONU sur le climat COP30 \u00e0 Belem, l&rsquo;AIE pr\u00e9sente trois sc\u00e9narios sur le futur de l&rsquo;\u00e9nergie: l&rsquo;un bas\u00e9 sur les politiques actuelles des pays, d\u00e9clinant une vision \u00ab\u00a0prudente\u00a0\u00bb du rythme de la transition \u00e9nerg\u00e9tique; un autre incluant les mesures \u00e0 adopter pour atteindre la neutralit\u00e9 carbone en 2050, et un sc\u00e9nario m\u00e9dian incluant les mesures d\u00e9j\u00e0 annonc\u00e9es par les Etats.<\/p>\n<p class=\"lead \">Dans ce dernier, les Etats-Unis &#8211; du fait des changements de politiques annonc\u00e9s &#8211; ont en 2035 35% de capacit\u00e9s renouvelables en moins par rapport aux pr\u00e9visions de 2024, \u00ab\u00a0mais au niveau mondial les renouvelables poursuivent leur expansion rapide\u00a0\u00bb.<\/p>\n<p class=\"lead \">La Chine en reste le premier march\u00e9 &#8211; et premier fabricant &#8211; assurant 45 \u00e0 60% du d\u00e9ploiement ces dix prochaines ann\u00e9es, dans tous les sc\u00e9narios.<\/p>\n<p class=\"lead \">Sur le partage des \u00e9nergies, les chemins en revanche divergent: dans le sc\u00e9nario m\u00e9dian, la demande de charbon atteint un pic et le p\u00e9trole se stabilise \u00ab\u00a0aux environs de 2030\u00a0\u00bb. En revanche, le gaz continue \u00e0 cro\u00eetre au cours des ann\u00e9es 2030 contrairement aux pr\u00e9c\u00e9dentes pr\u00e9visions, du fait de la nouvelle politique am\u00e9ricaine et de prix plus bas.<\/p>\n<p class=\"lead \">Il y a deux ans, l&rsquo;AIE avait \u00e9voqu\u00e9 un pic de la demande de tous les fossiles (p\u00e9trole, charbon, gaz) d\u00e8s cette d\u00e9cennie.<\/p>\n<p class=\"lead \">Dans le sc\u00e9nario bas\u00e9 sur les politiques actuelles &#8211; le plus conservateur -, la demande de charbon commence \u00e0 se replier avant la fin de cette d\u00e9cennie mais celle de p\u00e9trole et de gaz continue \u00e0 cro\u00eetre jusqu&rsquo;en 2050.<\/p>\n<p class=\"lead \">L&rsquo;AIE ressuscite ainsi ce sc\u00e9nario, abandonn\u00e9 en 2020 dans un contexte d&rsquo;\u00e9lan global de la transition \u00e9nerg\u00e9tique. <\/p>\n<p class=\"lead \">Son retour est abondamment comment\u00e9 par les d\u00e9fenseurs du climat dont certains y voient le signe d&rsquo;une \u00ab\u00a0pression\u00a0\u00bb am\u00e9ricaine sur l&rsquo;AIE. \u00ab\u00a0En r\u00e9sum\u00e9, l&rsquo;AIE r\u00e9gresse\u00a0\u00bb, a comment\u00e9 Stephan Singer, du r\u00e9seau CAN International.<\/p>\n<p class=\"lead \">Pour Rachel Cleetus, de l&rsquo;Union of Concerned Scientists, interrog\u00e9e \u00e0 Belem, ce scenario \u00ab\u00a0n&rsquo;est pas repr\u00e9sentatif de la r\u00e9alit\u00e9 de l&rsquo;acc\u00e9l\u00e9ration (de la transition) dans le monde, ses motivations sont politiques\u00a0\u00bb.<\/p>\n<p class=\"lead \">Du point de vue de l&rsquo;AIE, ces scenarios multiples tirent les cons\u00e9quences de changements de politiques et d&rsquo;incertitudes \u00e9conomiques, r\u00e9fl\u00e9tant aussi des \u00ab\u00a0visions des gouvernements concernant l&rsquo;avenir de l&rsquo;\u00e9nergie\u00a0\u00bb qui \u00ab\u00a0divergent largement\u00a0\u00bb, a indiqu\u00e9 le directeur de l&rsquo;agence Fatih Birol \u00e0 la presse.<\/p>\n<p class=\"lead \">&#8211; \u00ab\u00a0Deux sujets critiques\u00a0\u00bb &#8211;<\/p>\n<p class=\"lead \">Agence de l&rsquo;OCDE, l&rsquo;AIE est aujourd&rsquo;hui dans le collimateur de la pro-p\u00e9trole et climatosceptique administration Trump.<\/p>\n<p class=\"lead \">\u00ab\u00a0Nous r\u00e9formerons le fonctionnement de l&rsquo;AIE ou nous nous retirerons\u00a0\u00bb, avait averti en juillet le secr\u00e9taire am\u00e9ricain \u00e0 l&rsquo;Energie Chris Wright.<\/p>\n<p class=\"lead \">L&rsquo;institution, cr\u00e9\u00e9e en 1974 pour aider les pays riches \u00e0 affronter le choc p\u00e9trolier, a produit depuis les ann\u00e9es 2020 des sc\u00e9narios d\u00e9crivant un d\u00e9clin des \u00e9nergies fossiles et mod\u00e9lis\u00e9 le chemin \u00e0 suivre pour atteindre la neutralit\u00e9 carbone, condition pour endiguer le r\u00e9chauffement.<\/p>\n<p class=\"lead \">Le rapport, qui appelle \u00e0 la coop\u00e9ration et reconna\u00eet la pr\u00e9occupation des gouvernements d&rsquo;assurer la s\u00e9curit\u00e9 \u00e9nerg\u00e9tique, aborde de nombreux enjeux: boom de la demande d&rsquo;\u00e9nergie et notamment d&rsquo;\u00e9lectricit\u00e9, tir\u00e9e par la climatisation, les centres de donn\u00e9es et les v\u00e9hicules propres, et aussi les d\u00e9fis de l&rsquo;approvisionnement en m\u00e9taux critiques.<\/p>\n<p class=\"lead \">Et surtout, sur \u00ab\u00a0deux sujets critiques, le monde est en-de\u00e7a des objectifs qu&rsquo;il s&rsquo;est fix\u00e9s, insiste-t-il: l&rsquo;acc\u00e8s universel \u00e0 l&rsquo;\u00e9nergie et le changement climatique\u00a0\u00bb.<\/p>\n<p class=\"lead \">Les trois sc\u00e9narios entra\u00eeneront le monde au-del\u00e0 de 1,5\u00b0C de r\u00e9chauffement, et m\u00eame \u00e0 presque 3\u00b0C d&rsquo;ici 2100 pour le moins ambitieux. Seul le sc\u00e9nario \u00ab\u00a0neutralit\u00e9 carbone\u00a0\u00bb permettrait, \u00e0 plus long terme, de revenir sous ce seuil de 1,5\u00b0C, souligne l&rsquo;AIE, qui rel\u00e8ve que 2024 a \u00e9t\u00e9 l&rsquo;ann\u00e9e la plus chaude enregistr\u00e9e. <\/p>\n<p class=\"lead \">Dans ce scenario, synonyme de forte adoption des \u00e9nergies bas carbone, il n&rsquo;y aurait \u00ab\u00a0pas besoin, dans l&rsquo;ensemble, (d&rsquo;investissements) dans de nouveaux champs conventionnels\u00a0\u00bb pour satisfaire la demande en p\u00e9trole et gaz, a indiqu\u00e9 Tim Gould, chef \u00e9conomiste Energie de l&rsquo;AIE.<\/p>\n<p class=\"small font-weight-bold text-gray3 \"> publi\u00e9 le 12 novembre \u00e0 14h31, AFP<\/p>\n<p>                             Partager<\/p>\n","protected":false},"excerpt":{"rendered":"Les renouvelables se d\u00e9ploient au niveau mondial plus vite que les \u00e9nergies fossiles, malgr\u00e9 le changement de politique&hellip;\n","protected":false},"author":2,"featured_media":529249,"comment_status":"","ping_status":"","sticky":false,"template":"","format":"standard","meta":{"footnotes":""},"categories":[6],"tags":[21335,14427,21810,35,1129,33,34,73,1011,27,25007,64834,895],"class_list":{"0":"post-529248","1":"post","2":"type-post","3":"status-publish","4":"format-standard","5":"has-post-thumbnail","7":"category-economie","8":"tag-lectricit","9":"tag-nergie","10":"tag-olien","11":"tag-business","12":"tag-climat","13":"tag-economie","14":"tag-economy","15":"tag-etats-unis","16":"tag-fr","17":"tag-france","18":"tag-renouvelables","19":"tag-sciences-climat","20":"tag-solaire"},"share_on_mastodon":{"url":"https:\/\/pubeurope.com\/@fr\/115537308880034575","error":""},"_links":{"self":[{"href":"https:\/\/www.europesays.com\/fr\/wp-json\/wp\/v2\/posts\/529248","targetHints":{"allow":["GET"]}}],"collection":[{"href":"https:\/\/www.europesays.com\/fr\/wp-json\/wp\/v2\/posts"}],"about":[{"href":"https:\/\/www.europesays.com\/fr\/wp-json\/wp\/v2\/types\/post"}],"author":[{"embeddable":true,"href":"https:\/\/www.europesays.com\/fr\/wp-json\/wp\/v2\/users\/2"}],"replies":[{"embeddable":true,"href":"https:\/\/www.europesays.com\/fr\/wp-json\/wp\/v2\/comments?post=529248"}],"version-history":[{"count":0,"href":"https:\/\/www.europesays.com\/fr\/wp-json\/wp\/v2\/posts\/529248\/revisions"}],"wp:featuredmedia":[{"embeddable":true,"href":"https:\/\/www.europesays.com\/fr\/wp-json\/wp\/v2\/media\/529249"}],"wp:attachment":[{"href":"https:\/\/www.europesays.com\/fr\/wp-json\/wp\/v2\/media?parent=529248"}],"wp:term":[{"taxonomy":"category","embeddable":true,"href":"https:\/\/www.europesays.com\/fr\/wp-json\/wp\/v2\/categories?post=529248"},{"taxonomy":"post_tag","embeddable":true,"href":"https:\/\/www.europesays.com\/fr\/wp-json\/wp\/v2\/tags?post=529248"}],"curies":[{"name":"wp","href":"https:\/\/api.w.org\/{rel}","templated":true}]}}