{"id":529252,"date":"2025-11-12T14:57:12","date_gmt":"2025-11-12T14:57:12","guid":{"rendered":"https:\/\/www.europesays.com\/fr\/529252\/"},"modified":"2025-11-12T14:57:12","modified_gmt":"2025-11-12T14:57:12","slug":"le-budget-2026-du-departement-dans-le-rouge-86-millions-deuros-a-trouver","status":"publish","type":"post","link":"https:\/\/www.europesays.com\/fr\/529252\/","title":{"rendered":"Le budget 2026 du d\u00e9partement dans le rouge, 86\u00a0millions d\u2019euros \u00e0 trouver"},"content":{"rendered":"<p>Les habitants de la <a href=\"https:\/\/www.20minutes.fr\/dossier\/loire\" class=\"c-link c-link--is-underlined\" target=\"_blank\" rel=\"noopener\">Loire<\/a> vont conna\u00eetre les premiers effets r\u00e9els d\u2019une baisse drastique des d\u00e9penses publiques. Selon <a href=\"https:\/\/www.leprogres.fr\/economie\/2025\/11\/12\/il-manque-86-m-au-budget-du-departement-on-va-etre-obliges-de-grappiller-partout\" target=\"_blank\" class=\"c-link c-link--is-underlined\" rel=\"noopener\">Le Progr\u00e8s<\/a>, \u00e0 l\u2019heure de boucler le budget 2026, le pr\u00e9sident du conseil d\u00e9partemental, Georges Ziegler, fait un constat tr\u00e8s simple\u00a0: l\u2019argent manque. Pour faire voter le budget en mars\u00a0prochain, sans \u00ab\u00a0maquiller\u00a0\u00bb les chiffres, il va falloir r\u00e9aliser des \u00e9conomies dans tous les secteurs.<\/p>\n<p>\u00ab\u00a0Le d\u00e9partement de la Loire n\u2019a plus de marges de man\u0153uvre\u00a0\u00bb, avait \u00e9crit Georges Ziegler dans une p\u00e9tition sign\u00e9e par 200 \u00e9lus. Elle \u00e9tait adress\u00e9e au pr\u00e9sident de la R\u00e9publique pour l\u2019alerter sur la situation <a href=\"https:\/\/www.20minutes.fr\/dossier\/rigueur_budgetaire\" class=\"c-link c-link--is-underlined\" target=\"_blank\" rel=\"noopener\">budg\u00e9taire<\/a> catastrophique \u00e0 laquelle son territoire doit faire face.<\/p>\n<p>\u00ab\u00a0Une situation tr\u00e8s alarmante\u00a0\u00bb<\/p>\n<p>Le budget 2026 est pr\u00e9vu \u00e0 956\u00a0millions d\u2019euros, soit 10\u00a0millions de plus que l\u2019ann\u00e9e derni\u00e8re. Mais entre les contributions du d\u00e9partement et celles de l\u2019<a href=\"https:\/\/www.20minutes.fr\/dossier\/etat\" class=\"c-link c-link--is-underlined\" target=\"_blank\" rel=\"noopener\">\u00c9tat<\/a>, 86\u00a0millions d\u2019euros manquent \u00e0 l\u2019appel.<\/p>\n<p>\u00ab\u00a0On va \u00eatre oblig\u00e9s de grappiller partout, de regarder toutes les lignes budg\u00e9taires\u00a0\u00bb, avertit le pr\u00e9sident du conseil d\u00e9partemental. \u00ab\u00a0Partout\u00a0\u00bb, cela signifie les subventions pour les projets des communes rurales, le tourisme, la culture, le sport ou encore la scolarit\u00e9. Tous les secteurs possibles vont \u00eatre pass\u00e9s au peigne fin, et la moindre <a href=\"https:\/\/www.20minutes.fr\/economie\/\" class=\"c-link c-link--is-underlined\" target=\"_blank\" rel=\"noopener\">\u00e9conomie<\/a> envisageable sera r\u00e9alis\u00e9e.<\/p>\n<\/p>\n<p>Dans un contexte budg\u00e9taire national tendu, Georges Ziegler, malgr\u00e9 son appel \u00e0 l\u2019aide adress\u00e9 \u00e0 <a href=\"https:\/\/www.20minutes.fr\/politique\/emmanuel-macron\/\" class=\"c-link c-link--is-underlined\" target=\"_blank\" rel=\"noopener\">Emmanuel Macron<\/a>, sait pertinemment qu\u2019il ne pourra pas compter sur un soutien suppl\u00e9mentaire de l\u2019\u00c9tat\u00a0: \u00ab\u00a0Ce serait un malade qui viendrait aider un autre malade.\u00a0\u00bb L\u2019\u00e9lu se montre tr\u00e8s pessimiste pour l\u2019avenir, jugeant \u00ab\u00a0la situation tr\u00e8s alarmante\u00a0\u00bb.<\/p>\n","protected":false},"excerpt":{"rendered":"Les habitants de la Loire vont conna\u00eetre les premiers effets r\u00e9els d\u2019une baisse drastique des d\u00e9penses publiques. Selon&hellip;\n","protected":false},"author":2,"featured_media":529253,"comment_status":"","ping_status":"","sticky":false,"template":"","format":"standard","meta":{"footnotes":""},"categories":[4],"tags":[47,11,2430,1003,33,1011,27,3367,12,25,2431,104],"class_list":{"0":"post-529252","1":"post","2":"type-post","3":"status-publish","4":"format-standard","5":"has-post-thumbnail","7":"category-france","8":"tag-actualite","9":"tag-actualites","10":"tag-auvergne-rhone-alpes","11":"tag-budget","12":"tag-economie","13":"tag-fr","14":"tag-france","15":"tag-loire","16":"tag-news","17":"tag-republique-francaise","18":"tag-rhone-alpes","19":"tag-societe"},"share_on_mastodon":{"url":"https:\/\/pubeurope.com\/@fr\/115537316806885878","error":""},"_links":{"self":[{"href":"https:\/\/www.europesays.com\/fr\/wp-json\/wp\/v2\/posts\/529252","targetHints":{"allow":["GET"]}}],"collection":[{"href":"https:\/\/www.europesays.com\/fr\/wp-json\/wp\/v2\/posts"}],"about":[{"href":"https:\/\/www.europesays.com\/fr\/wp-json\/wp\/v2\/types\/post"}],"author":[{"embeddable":true,"href":"https:\/\/www.europesays.com\/fr\/wp-json\/wp\/v2\/users\/2"}],"replies":[{"embeddable":true,"href":"https:\/\/www.europesays.com\/fr\/wp-json\/wp\/v2\/comments?post=529252"}],"version-history":[{"count":0,"href":"https:\/\/www.europesays.com\/fr\/wp-json\/wp\/v2\/posts\/529252\/revisions"}],"wp:featuredmedia":[{"embeddable":true,"href":"https:\/\/www.europesays.com\/fr\/wp-json\/wp\/v2\/media\/529253"}],"wp:attachment":[{"href":"https:\/\/www.europesays.com\/fr\/wp-json\/wp\/v2\/media?parent=529252"}],"wp:term":[{"taxonomy":"category","embeddable":true,"href":"https:\/\/www.europesays.com\/fr\/wp-json\/wp\/v2\/categories?post=529252"},{"taxonomy":"post_tag","embeddable":true,"href":"https:\/\/www.europesays.com\/fr\/wp-json\/wp\/v2\/tags?post=529252"}],"curies":[{"name":"wp","href":"https:\/\/api.w.org\/{rel}","templated":true}]}}