{"id":529256,"date":"2025-11-12T14:59:11","date_gmt":"2025-11-12T14:59:11","guid":{"rendered":"https:\/\/www.europesays.com\/fr\/529256\/"},"modified":"2025-11-12T14:59:11","modified_gmt":"2025-11-12T14:59:11","slug":"loire-avec-182-gramme-dalcool-dans-le-sang-il-percute-des-voitures-en-stationnement","status":"publish","type":"post","link":"https:\/\/www.europesays.com\/fr\/529256\/","title":{"rendered":"Loire. Avec 1,82 gramme d\u2019alcool dans le sang, il percute des voitures en stationnement"},"content":{"rendered":"<p>Il \u00e9tait environ 22 heures ce lundi 10\u00a0novembre quand les forces de police ont \u00e9t\u00e9 pr\u00e9venues. Un peu plus t\u00f4t, un accident de la circulation venait de se produire dans le quartier de la M\u00e9tare \u00e0 Saint-Etienne. A leur arriv\u00e9e sur place, les fonctionnaires que le conducteur d\u2019un v\u00e9hicule de type Volkswagen Polo a percut\u00e9 plusieurs voitures en stationnement.<\/p>\n<p>  Pas titulaire du permis de conduire<\/p>\n<p>L\u2019homme pr\u00e9sente tous les signes de l\u2019ivresse et le d\u00e9pistage va se r\u00e9v\u00e9ler positif. En effet, ce St\u00e9phanois \u00e2g\u00e9 de 43 ans a \u00e9t\u00e9 contr\u00f4l\u00e9 avec 1,82 gramme d\u2019alcool par litre de sang. De plus, le quadrag\u00e9naire n\u2019est pas titulaire du permis de conduire. Plac\u00e9 dans un premier temps en cellule de d\u00e9grisement, il a pu ensuite \u00eatre auditionn\u00e9 sous le r\u00e9gime de la garde \u00e0 vue.<\/p>\n<p>\u00c0 l\u2019issue, il s\u2019est vu signifier une convocation devant le tribunal correctionnel de Saint-Etienne au cours des prochaines semaines. Il devra notamment r\u00e9pondre d\u2019une conduite sous l\u2019empire d\u2019un \u00e9tat alcoolique, d\u00e9faut de permis de conduire et conduite avec vitesse excessive.<\/p>\n<p class=\"note\">\u00c0 lire aussi\u00a0: <a href=\"https:\/\/www.leprogres.fr\/economie\/2025\/11\/12\/ils-tentent-de-voler-des-bouteilles-d-alcool-apres-avoir-degrade-la-porte-de-la-superette\" target=\"_blank\" rel=\"noopener\">Ils tentent de voler des bouteilles d\u2019alcool apr\u00e8s avoir d\u00e9grad\u00e9 la porte de la sup\u00e9rette<\/a><\/p>\n<p class=\"note\">\u00c0 lire aussi\u00a0: <a href=\"https:\/\/www.leprogres.fr\/faits-divers-justice\/2025\/11\/12\/deux-tracteurs-et-un-important-stock-de-bois-s-embrasent-en-surplomb-de-la-nationale-7\" target=\"_blank\" rel=\"noopener\">Deux tracteurs et un important stock de bois s\u2019embrasent en surplomb de la Nationale 7<\/a><\/p>\n","protected":false},"excerpt":{"rendered":"Il \u00e9tait environ 22 heures ce lundi 10\u00a0novembre quand les forces de police ont \u00e9t\u00e9 pr\u00e9venues. Un peu&hellip;\n","protected":false},"author":2,"featured_media":529257,"comment_status":"","ping_status":"","sticky":false,"template":"","format":"standard","meta":{"footnotes":""},"categories":[9653],"tags":[119,1111,11,2430,271,272,7539,1777,674,274,1011,27,3367,12,25,4001,7538,104],"class_list":{"0":"post-529256","1":"post","2":"type-post","3":"status-publish","4":"format-standard","5":"has-post-thumbnail","7":"category-saint-etienne","8":"tag-accident","9":"tag-actu","10":"tag-actualites","11":"tag-auvergne-rhone-alpes","12":"tag-crime","13":"tag-delit-et-contravention","14":"tag-edition-loire-sud","15":"tag-eu","16":"tag-europe","17":"tag-faits-divers-justice","18":"tag-fr","19":"tag-france","20":"tag-loire","21":"tag-news","22":"tag-republique-francaise","23":"tag-saint-etienne","24":"tag-saint-etienne-ville","25":"tag-societe"},"share_on_mastodon":{"url":"https:\/\/pubeurope.com\/@fr\/115537324483103515","error":""},"_links":{"self":[{"href":"https:\/\/www.europesays.com\/fr\/wp-json\/wp\/v2\/posts\/529256","targetHints":{"allow":["GET"]}}],"collection":[{"href":"https:\/\/www.europesays.com\/fr\/wp-json\/wp\/v2\/posts"}],"about":[{"href":"https:\/\/www.europesays.com\/fr\/wp-json\/wp\/v2\/types\/post"}],"author":[{"embeddable":true,"href":"https:\/\/www.europesays.com\/fr\/wp-json\/wp\/v2\/users\/2"}],"replies":[{"embeddable":true,"href":"https:\/\/www.europesays.com\/fr\/wp-json\/wp\/v2\/comments?post=529256"}],"version-history":[{"count":0,"href":"https:\/\/www.europesays.com\/fr\/wp-json\/wp\/v2\/posts\/529256\/revisions"}],"wp:featuredmedia":[{"embeddable":true,"href":"https:\/\/www.europesays.com\/fr\/wp-json\/wp\/v2\/media\/529257"}],"wp:attachment":[{"href":"https:\/\/www.europesays.com\/fr\/wp-json\/wp\/v2\/media?parent=529256"}],"wp:term":[{"taxonomy":"category","embeddable":true,"href":"https:\/\/www.europesays.com\/fr\/wp-json\/wp\/v2\/categories?post=529256"},{"taxonomy":"post_tag","embeddable":true,"href":"https:\/\/www.europesays.com\/fr\/wp-json\/wp\/v2\/tags?post=529256"}],"curies":[{"name":"wp","href":"https:\/\/api.w.org\/{rel}","templated":true}]}}