{"id":52927,"date":"2025-04-25T23:16:16","date_gmt":"2025-04-25T23:16:16","guid":{"rendered":"https:\/\/www.europesays.com\/fr\/52927\/"},"modified":"2025-04-25T23:16:16","modified_gmt":"2025-04-25T23:16:16","slug":"le-grand-tournoi-a-la-mjc-de-ville","status":"publish","type":"post","link":"https:\/\/www.europesays.com\/fr\/52927\/","title":{"rendered":"Le Grand Tournoi \u00e0 la MJC de Vill\u00e9"},"content":{"rendered":"\n<p><strong>Cie Impro Alsace \/ Humour, th\u00e9\u00e2tre d\u2019improvisation<\/strong><br \/><strong>Tout public<\/strong><\/p>\n<p>\u00a0<\/p>\n<p>Les com\u00e9dien.nes sont pr\u00eat.es \u00e0 tout pour d\u00e9crocher le titre de champion.ne du GRAND TOURNOI !<\/p>\n<p>Dans cette comp\u00e9tition, un.e Ma\u00eetre du Jeu leur donne des challenges pour chaque improvisation, mettant en avant des comp\u00e9tences diff\u00e9rentes \u00e0 chaque fois.<br \/>C&rsquo;est \u00e9videmment le public qui d\u00e9cide quel.le com\u00e9dien.ne m\u00e9rite le point de l&rsquo;impro !<\/p>\n<p>Le GRAND TOURNOI est un show o\u00f9 les com\u00e9dien.nes sont pouss\u00e9s.es dans leurs derniers retranchements !<br \/>Afin de pimenter le jeu, les votes sont comptabilis\u00e9s de mani\u00e8re diff\u00e9rente \u00e0 chaque fois : applaudim\u00e8tre, vote d\u2019un jury, vote des garagistes pr\u00e9sents dans la salle, etc\u2026<\/p>\n<p>IMPRO Alsace a pour ambition de toujours surprendre ses propres com\u00e9diens.nes.<br \/>Les faire sortir de leur zone de confort pour magnifier leurs talents et comp\u00e9tences et ainsi jouer des sc\u00e8nes inattendues. Tout \u00e7a, pour le plaisir du public !<\/p>\n<p>\u00c0 la fin du spectacle, un.e seul.e sera sacr\u00e9.e vainqueur.e du GRAND TOURNOI, et cette victoire est irr\u00e9vocable !<\/p><\/p>\n","protected":false},"excerpt":{"rendered":"Cie Impro Alsace \/ Humour, th\u00e9\u00e2tre d\u2019improvisationTout public \u00a0 Les com\u00e9dien.nes sont pr\u00eat.es \u00e0 tout pour d\u00e9crocher le&hellip;\n","protected":false},"author":2,"featured_media":52928,"comment_status":"","ping_status":"","sticky":false,"template":"","format":"standard","meta":{"footnotes":""},"categories":[2820],"tags":[1111,11,4763,2389,2649,1777,674,3696,1011,27,775,1637,12,14657,25,640,7420],"class_list":{"0":"post-52927","1":"post","2":"type-post","3":"status-publish","4":"format-standard","5":"has-post-thumbnail","7":"category-strasbourg","8":"tag-actu","9":"tag-actualites","10":"tag-agenda","11":"tag-alsace","12":"tag-bas-rhin","13":"tag-eu","14":"tag-europe","15":"tag-evenements","16":"tag-fr","17":"tag-france","18":"tag-grand-est","19":"tag-haut-rhin","20":"tag-news","21":"tag-programmes","22":"tag-republique-francaise","23":"tag-strasbourg","24":"tag-top-music"},"share_on_mastodon":{"url":"https:\/\/pubeurope.com\/@fr\/114401154488792173","error":""},"_links":{"self":[{"href":"https:\/\/www.europesays.com\/fr\/wp-json\/wp\/v2\/posts\/52927","targetHints":{"allow":["GET"]}}],"collection":[{"href":"https:\/\/www.europesays.com\/fr\/wp-json\/wp\/v2\/posts"}],"about":[{"href":"https:\/\/www.europesays.com\/fr\/wp-json\/wp\/v2\/types\/post"}],"author":[{"embeddable":true,"href":"https:\/\/www.europesays.com\/fr\/wp-json\/wp\/v2\/users\/2"}],"replies":[{"embeddable":true,"href":"https:\/\/www.europesays.com\/fr\/wp-json\/wp\/v2\/comments?post=52927"}],"version-history":[{"count":0,"href":"https:\/\/www.europesays.com\/fr\/wp-json\/wp\/v2\/posts\/52927\/revisions"}],"wp:featuredmedia":[{"embeddable":true,"href":"https:\/\/www.europesays.com\/fr\/wp-json\/wp\/v2\/media\/52928"}],"wp:attachment":[{"href":"https:\/\/www.europesays.com\/fr\/wp-json\/wp\/v2\/media?parent=52927"}],"wp:term":[{"taxonomy":"category","embeddable":true,"href":"https:\/\/www.europesays.com\/fr\/wp-json\/wp\/v2\/categories?post=52927"},{"taxonomy":"post_tag","embeddable":true,"href":"https:\/\/www.europesays.com\/fr\/wp-json\/wp\/v2\/tags?post=52927"}],"curies":[{"name":"wp","href":"https:\/\/api.w.org\/{rel}","templated":true}]}}