{"id":529273,"date":"2025-11-12T15:16:21","date_gmt":"2025-11-12T15:16:21","guid":{"rendered":"https:\/\/www.europesays.com\/fr\/529273\/"},"modified":"2025-11-12T15:16:21","modified_gmt":"2025-11-12T15:16:21","slug":"les-agriculteurs-se-mobilisent-ce-mercredi-soir-a-rouen-contre-le-mercosur-voici-a-quoi-sattendre","status":"publish","type":"post","link":"https:\/\/www.europesays.com\/fr\/529273\/","title":{"rendered":"Les agriculteurs se mobilisent ce mercredi soir \u00e0 Rouen, contre le Mercosur : voici \u00e0 quoi s&rsquo;attendre"},"content":{"rendered":"<p>                    Par<br \/>\n        <strong><br \/>\n            <a href=\"https:\/\/actu.fr\/auteur\/adrien-filoche\" title=\"Consulter tous les articles de Adrien Filoche\" rel=\"nofollow noopener\" target=\"_blank\">Adrien Filoche<\/a><br \/>\n                    <\/strong><\/p>\n<p>        Publi\u00e9 le<\/p>\n<p>            12 nov. 2025 \u00e0 13h22        <\/p>\n<p>C\u2019est un sentiment de <strong>ras-le-bol g\u00e9n\u00e9ralis\u00e9<\/strong> qui parcourt les agriculteurs. Suite aux <a href=\"https:\/\/actu.fr\/societe\/mercosur-c-est-quoi-ce-traite-de-libre-echange-au-coeur-de-la-colere-des-agriculteurs_61876440.html\" rel=\"nofollow noopener\" target=\"_blank\">accords du Mercosur<\/a> entre l\u2019Union Europ\u00e9enne et les pays d\u2019Am\u00e9rique du Sud, qualifi\u00e9s de \u00ab\u2009trahison\u2009\u00bb, les agriculteurs ont pr\u00e9vu de nombreuses mobilisations dans toute la France le mercredi 12\u00a0novembre 2025. \u00c0 <a href=\"https:\/\/actu.fr\/normandie\/rouen_76540\" rel=\"nofollow noopener\" target=\"_blank\">Rouen (Seine-Maritime)<\/a>, un rassemblement est programm\u00e9 quai Gaston-Boulet puis <strong>devant la pr\u00e9fecture<\/strong> \u00e0 partir de 20 heures.<\/p>\n<p>Entre 150 et 250 agriculteurs attendus \u00e0 Rouen<\/p>\n<p class=\" wall-content\">En plus de leur opposition au Mercosur, les agriculteurs d\u00e9noncent la mise en place prochaine <strong>d\u2019une nouvelle taxe sur les engrais<\/strong> <strong>import\u00e9s<\/strong> qui \u00ab\u2009va plomber la comp\u00e9titivit\u00e9 des exploitations et fragiliser gravement notre capacit\u00e9 \u00e0 produire\u2009\u00bb, d\u00e9plore la FNSEA (F\u00e9d\u00e9ration nationale des syndicats d\u2019exploitants agricoles) et les JA (Jeunes agriculteurs), les deux principaux syndicats agricoles, dans un communiqu\u00e9.<\/p>\n<p class=\" wall-content\">\u00ab\u2009On se fait mener en bateau. Quand \u00e7a va mieux d\u2019un c\u00f4t\u00e9, on nous le reprend de l\u2019autre\u2009\u00bb, regrette J\u00e9r\u00f4me Malandain, agriculteur et pr\u00e9sident des JA de la Seine-Maritime.<\/p>\n<p class=\" wall-content\">Depuis le d\u00e9but du <a href=\"https:\/\/actu.fr\/economie\/agriculteurs-en-colere-radars-baches-panneaux-arraches-feux-la-mobilisation-generale-s-organise_61862316.html\" rel=\"nofollow noopener\" target=\"_blank\">mouvement de col\u00e8re des agriculteurs<\/a> qui a pris forme en 2024 en France,<strong> J\u00e9r\u00f4me Malandain<\/strong> n\u2019a pas vu d\u2019\u00e9volution notable, \u00ab\u2009\u00e7a devait bouger, mais rien n\u2019a vraiment chang\u00e9\u2009\u00bb.<\/p>\n<p class=\" wall-content\">\u00ab\u2009Ce sont toujours les promesses qu\u2019on attend. C\u2019est infernal\u2009\u00bb, confie de son c\u00f4t\u00e9 <strong>Bruno Ledru<\/strong>, pr\u00e9sident de la FNSEA 76.<\/p>\n<p>Vid\u00e9os : en ce moment sur Actu<\/p>\n<p class=\" wall-content\">\u00c0 Rouen ce mercredi 12\u00a0novembre, les agriculteurs de l\u2019Eure et de la Seine-Maritime promettent un rassemblement avec entre 150 et 250\u00a0personnes, dont une vingtaine de tracteurs. \u00ab\u2009On a pr\u00e9vu un feu, explique J\u00e9r\u00f4me Malandain. On doit aussi attacher aux tracteurs des \u00e9toiles qui symbolisent l\u2019Europe pour d\u00e9noncer la situation.\u2009\u00bb<\/p>\n<p>Suivez l\u2019actualit\u00e9 de Rouen sur <a href=\"https:\/\/www.whatsapp.com\/channel\/0029VaKfnf99hXF2ddApFB1D\" rel=\"nofollow noopener\" target=\"_blank\">notre cha\u00eene WhatsApp<\/a> et sur <a href=\"https:\/\/www.tiktok.com\/@76actu.fr?lang=fr\" rel=\"nofollow noopener\" target=\"_blank\">notre compte TikTok<\/a><\/p>\n<p class=\" wall-content\">Personnalisez votre actualit\u00e9 en ajoutant vos villes et m\u00e9dias en favori avec <a href=\"https:\/\/moncompte.actu.fr\" title=\"D\u00e9couvez Mon Actu\" rel=\"nofollow noopener\" data-trk=\"{&quot;cta&quot;:{&quot;action&quot;:&quot;https:\\\/\\\/moncompte.actu.fr&quot;,&quot;category&quot;:&quot;mon compte&quot;,&quot;from&quot;:&quot;article footer&quot;,&quot;name&quot;:&quot;Mon actu&quot;,&quot;type&quot;:&quot;cta&quot;}}\" target=\"_blank\">Mon Actu<\/a>.<\/p>\n<p>                    <script async src=\"\/\/www.tiktok.com\/embed.js\"><\/script><\/p>\n","protected":false},"excerpt":{"rendered":"Par Adrien Filoche Publi\u00e9 le 12 nov. 2025 \u00e0 13h22 C\u2019est un sentiment de ras-le-bol g\u00e9n\u00e9ralis\u00e9 qui parcourt&hellip;\n","protected":false},"author":2,"featured_media":529274,"comment_status":"","ping_status":"","sticky":false,"template":"","format":"standard","meta":{"footnotes":""},"categories":[9587],"tags":[1111,11,327,1777,674,1011,27,1272,12,5161,316,25,9590],"class_list":{"0":"post-529273","1":"post","2":"type-post","3":"status-publish","4":"format-standard","5":"has-post-thumbnail","7":"category-rouen","8":"tag-actu","9":"tag-actualites","10":"tag-agriculture","11":"tag-eu","12":"tag-europe","13":"tag-fr","14":"tag-france","15":"tag-manifestations","16":"tag-news","17":"tag-normandie","18":"tag-politique","19":"tag-republique-francaise","20":"tag-rouen"},"share_on_mastodon":{"url":"https:\/\/pubeurope.com\/@fr\/115537391331244655","error":""},"_links":{"self":[{"href":"https:\/\/www.europesays.com\/fr\/wp-json\/wp\/v2\/posts\/529273","targetHints":{"allow":["GET"]}}],"collection":[{"href":"https:\/\/www.europesays.com\/fr\/wp-json\/wp\/v2\/posts"}],"about":[{"href":"https:\/\/www.europesays.com\/fr\/wp-json\/wp\/v2\/types\/post"}],"author":[{"embeddable":true,"href":"https:\/\/www.europesays.com\/fr\/wp-json\/wp\/v2\/users\/2"}],"replies":[{"embeddable":true,"href":"https:\/\/www.europesays.com\/fr\/wp-json\/wp\/v2\/comments?post=529273"}],"version-history":[{"count":0,"href":"https:\/\/www.europesays.com\/fr\/wp-json\/wp\/v2\/posts\/529273\/revisions"}],"wp:featuredmedia":[{"embeddable":true,"href":"https:\/\/www.europesays.com\/fr\/wp-json\/wp\/v2\/media\/529274"}],"wp:attachment":[{"href":"https:\/\/www.europesays.com\/fr\/wp-json\/wp\/v2\/media?parent=529273"}],"wp:term":[{"taxonomy":"category","embeddable":true,"href":"https:\/\/www.europesays.com\/fr\/wp-json\/wp\/v2\/categories?post=529273"},{"taxonomy":"post_tag","embeddable":true,"href":"https:\/\/www.europesays.com\/fr\/wp-json\/wp\/v2\/tags?post=529273"}],"curies":[{"name":"wp","href":"https:\/\/api.w.org\/{rel}","templated":true}]}}