{"id":529277,"date":"2025-11-12T15:22:24","date_gmt":"2025-11-12T15:22:24","guid":{"rendered":"https:\/\/www.europesays.com\/fr\/529277\/"},"modified":"2025-11-12T15:22:24","modified_gmt":"2025-11-12T15:22:24","slug":"350-exposants-et-plus-de-90-000-visiteurs-etaient-presents-cette-annee","status":"publish","type":"post","link":"https:\/\/www.europesays.com\/fr\/529277\/","title":{"rendered":"350 exposants et plus de 90 000 visiteurs \u00e9taient pr\u00e9sents cette ann\u00e9e\u00a0"},"content":{"rendered":"<p itemprop=\"description\"><strong>Bilan de l\u2019\u00e9dition 2025 de la Foire de Grenoble qui a ferm\u00e9 ses portes le 11 novembre apr\u00e8s 11 jours de bonne affluence.\u00a0<\/strong><\/p>\n<p>Cette \u00e9dition, plac\u00e9e sous le th\u00e8me \u201cVintage\u201d, a s\u00e9duit plus de 90 000 visiteurs gr\u00e2ce \u00e0 un parcours m\u00ealant expositions r\u00e9tro, voitures anciennes et exp\u00e9riences immersives comme \u201cSixties, Pop &amp; R\u00e9tro\u201d. Le programme vari\u00e9 a propos\u00e9 plus de 150 animations, allant du village des sports \u00e0 la grande vente de plantes, sans oublier les premi\u00e8res initiatives locales comme le festival de jeu de r\u00f4le Is\u00e8RPG ou le march\u00e9 vintage et r\u00e9tro-gaming.<\/p>\n<p>Les 350 exposants, dont un quart de nouveaux participants, ont assur\u00e9 une palette de produits et services gastronomie, habitat, mobilit\u00e9, shopping. Alpexpo annonce un taux d\u00e9passant les 60% d\u2019exposants locaux.<\/p>\n<p>L\u2019\u00e9dition 2025 se cl\u00f4ture ainsi et laisse place \u00e0 de nouvelles surprises pour la prochaine Foire de Grenoble pr\u00e9vue du 30 octobre au 8 novembre 2026.<\/p>\n","protected":false},"excerpt":{"rendered":"Bilan de l\u2019\u00e9dition 2025 de la Foire de Grenoble qui a ferm\u00e9 ses portes le 11 novembre apr\u00e8s&hellip;\n","protected":false},"author":2,"featured_media":529278,"comment_status":"","ping_status":"","sticky":false,"template":"","format":"standard","meta":{"footnotes":""},"categories":[9566],"tags":[1111,11,7733,8279,2430,7736,650,7734,2889,2263,1777,674,1011,27,2731,8280,6417,1114,108,4662,12,3725,1825,25,7737],"class_list":{"0":"post-529277","1":"post","2":"type-post","3":"status-publish","4":"format-standard","5":"has-post-thumbnail","7":"category-grenoble","8":"tag-actu","9":"tag-actualites","10":"tag-alpes","11":"tag-alpes1","12":"tag-auvergne-rhone-alpes","13":"tag-cds","14":"tag-cinema","15":"tag-ecoute","16":"tag-emission","17":"tag-equipe","18":"tag-eu","19":"tag-europe","20":"tag-fr","21":"tag-france","22":"tag-grenoble","23":"tag-haute","24":"tag-information","25":"tag-infos","26":"tag-isere","27":"tag-journal","28":"tag-news","29":"tag-podcast","30":"tag-radio","31":"tag-republique-francaise","32":"tag-winamp"},"share_on_mastodon":{"url":"https:\/\/pubeurope.com\/@fr\/115537414918376269","error":""},"_links":{"self":[{"href":"https:\/\/www.europesays.com\/fr\/wp-json\/wp\/v2\/posts\/529277","targetHints":{"allow":["GET"]}}],"collection":[{"href":"https:\/\/www.europesays.com\/fr\/wp-json\/wp\/v2\/posts"}],"about":[{"href":"https:\/\/www.europesays.com\/fr\/wp-json\/wp\/v2\/types\/post"}],"author":[{"embeddable":true,"href":"https:\/\/www.europesays.com\/fr\/wp-json\/wp\/v2\/users\/2"}],"replies":[{"embeddable":true,"href":"https:\/\/www.europesays.com\/fr\/wp-json\/wp\/v2\/comments?post=529277"}],"version-history":[{"count":0,"href":"https:\/\/www.europesays.com\/fr\/wp-json\/wp\/v2\/posts\/529277\/revisions"}],"wp:featuredmedia":[{"embeddable":true,"href":"https:\/\/www.europesays.com\/fr\/wp-json\/wp\/v2\/media\/529278"}],"wp:attachment":[{"href":"https:\/\/www.europesays.com\/fr\/wp-json\/wp\/v2\/media?parent=529277"}],"wp:term":[{"taxonomy":"category","embeddable":true,"href":"https:\/\/www.europesays.com\/fr\/wp-json\/wp\/v2\/categories?post=529277"},{"taxonomy":"post_tag","embeddable":true,"href":"https:\/\/www.europesays.com\/fr\/wp-json\/wp\/v2\/tags?post=529277"}],"curies":[{"name":"wp","href":"https:\/\/api.w.org\/{rel}","templated":true}]}}