{"id":529281,"date":"2025-11-12T15:28:29","date_gmt":"2025-11-12T15:28:29","guid":{"rendered":"https:\/\/www.europesays.com\/fr\/529281\/"},"modified":"2025-11-12T15:28:29","modified_gmt":"2025-11-12T15:28:29","slug":"un-nouveau-proces-en-appel-souvre","status":"publish","type":"post","link":"https:\/\/www.europesays.com\/fr\/529281\/","title":{"rendered":"un nouveau proc\u00e8s en appel s&rsquo;ouvre"},"content":{"rendered":"<p>                    Par<br \/>\n        <strong><br \/>\n            <a href=\"https:\/\/actu.fr\/auteur\/clemence-pays02-actu-fr\" title=\"Consulter tous les articles de Cl\u00e9mence Pays\" rel=\"nofollow noopener\" target=\"_blank\">Cl\u00e9mence Pays<\/a><br \/>\n                    <\/strong><\/p>\n<p>        Publi\u00e9 le<\/p>\n<p>            12 nov. 2025 \u00e0 14h21        <\/p>\n<p>Une nouvelle \u00e9tape s\u2019ouvre dans l\u2019affaire du <strong>meurtre de Wilhem Houssin.<\/strong> \u00c0 partir <strong>de ce mercredi 12\u00a0novembre et jusqu\u2019au vendredi 21\u00a0novembre<\/strong> 2025, un <strong>nouveau proc\u00e8s en appel<\/strong> va se d\u00e9rouler devant la cour d\u2019assises du <a href=\"https:\/\/actu.fr\/morbihan\/\" rel=\"nofollow noopener\" target=\"_blank\">Morbihan<\/a>.<\/p>\n<p>Cinq hommes condamn\u00e9s en premi\u00e8re instance<\/p>\n<p class=\" wall-content\">Pour m\u00e9moire, le mercredi 21\u00a0juillet 2021, <a href=\"https:\/\/actu.fr\/bretagne\/saint-jacques-de-la-lande_35281\/roue-de-coups-pres-de-rennes-un-homme-de-49-ans-tue-sous-les-yeux-de-sa-femme_43700202.html\" rel=\"nofollow noopener\" target=\"_blank\">Wilhem Houssin avait \u00e9t\u00e9 violemment agress\u00e9 par un groupe de jeunes<\/a>, \u00e0 Saint-Jacques-de-la-Lande, pr\u00e8s de Rennes. Pris en charge par les secours, l\u2019homme de <strong>49\u00a0ans<\/strong> \u00e9tait <strong>d\u00e9c\u00e9d\u00e9 des suites de ses blessures<\/strong> le samedi 24\u00a0juillet 2021.<\/p>\n<p class=\" wall-content\">Du 17 au 25\u00a0octobre 2024, trois ans apr\u00e8s les faits, <a href=\"https:\/\/actu.fr\/bretagne\/rennes_35238\/meurtre-de-wilhem-houssin-a-rennes-de-10-a-20-ans-de-prison-pour-les-accuses_61783674.html\" rel=\"nofollow noopener\" target=\"_blank\">un proc\u00e8s s\u2019\u00e9tait d\u00e9roul\u00e9 \u00e0 la cour d\u2019assises de Rennes<\/a>. \u00c0 l\u2019issue du proc\u00e8s,<strong> Bachir B.<\/strong> a \u00e9t\u00e9 <strong>condamn\u00e9 pour meurtre<\/strong> \u00e0 vingt ans de r\u00e9clusion criminelle et une interdiction d\u00e9finitive du territoire fran\u00e7ais. <strong>Un mineur<\/strong> au moment des faits a \u00e9galement \u00e9t\u00e9 reconnu <strong>coupable de meurtre<\/strong> et condamn\u00e9 \u00e0 douze ans de prison.<\/p>\n<p class=\" wall-content\">Pour les trois autres accus\u00e9s, l\u2019intention de tuer n\u2019a pas \u00e9t\u00e9 retenue. <strong>Bilel A.<\/strong> et <strong>Alan R.<\/strong> ont \u00e9cop\u00e9 de 14\u00a0ans de r\u00e9clusion criminelle et <strong>Adile T.<\/strong> de 10\u00a0ans de prison, tous trois pour <strong>violences ayant entra\u00een\u00e9 la mort<\/strong> sans intention de la donner.<\/p>\n<p class=\" wall-content\"><strong>Ils ont fait appel<\/strong> de leur condamnation.<\/p>\n<p>Des demandes de remise en libert\u00e9 refus\u00e9e<\/p>\n<p class=\" wall-content\">Dans ce contexte, <strong>Adile T. a demand\u00e9 sa remise en libert\u00e9.<\/strong> Requ\u00eate examin\u00e9e le 3\u00a0avril 2025 et <a href=\"https:\/\/actu.fr\/bretagne\/rennes_35238\/meurtre-de-wilhem-houssin-a-rennes-les-cinq-accuses-ont-fait-appel-la-justice-refuse-d-en-liberer-un_62471402.html\" rel=\"nofollow noopener\" target=\"_blank\">rejet\u00e9e par la chambre de l\u2019instruction de la cour d\u2019appel de Rennes<\/a>.<\/p>\n<p class=\" wall-content\">En octobre\u00a02025, <a href=\"https:\/\/actu.fr\/bretagne\/rennes_35238\/accuses-du-meurtre-de-wilhem-houssin-ils-demandent-leur-liberation-avant-leur-proces-en-appel_63354024.html\" rel=\"nofollow noopener\" target=\"_blank\">Bachir B., Bilel A. et Alan R. avaient demand\u00e9 leur lib\u00e9ration en attendant le proc\u00e8s en appel<\/a>, en raison du <strong>d\u00e9lai l\u00e9gal d\u00e9pass\u00e9<\/strong> entre l\u2019appel et le nouveau proc\u00e8s. L\u00e0 encore, la chambre de l\u2019instruction de la cour d\u2019appel de Rennes a ordonn\u00e9 le maintien en d\u00e9tention des trois accus\u00e9s.<\/p>\n<p>Votre r\u00e9gion, votre actu !<\/p>\n<p>Recevez chaque jour les infos qui comptent pour vous.<\/p>\n<p>\t<a href=\"https:\/\/actu.fr\/newsletter\" class=\"ac-btn ac-btn--corner ac-btn--medium ac-btn--blue800\" rel=\"nofollow noopener\" target=\"_blank\">S&rsquo;incrire<\/a><\/p>\n<p class=\" wall-content\">Du 12 au 21\u00a0novembre, <strong>Bilel A., Bachir B., le co-accus\u00e9 mineur au moment des faits, ainsi que Alan R.<\/strong> seront donc rejug\u00e9s en appel devant la cour d\u2019assises de Vannes. Adile T. a renonc\u00e9 \u00e0 faire appel.<\/p>\n<p class=\" wall-content\">Personnalisez votre actualit\u00e9 en ajoutant vos villes et m\u00e9dias en favori avec <a href=\"https:\/\/moncompte.actu.fr\" title=\"D\u00e9couvez Mon Actu\" rel=\"nofollow noopener\" data-trk=\"{&quot;cta&quot;:{&quot;action&quot;:&quot;https:\\\/\\\/moncompte.actu.fr&quot;,&quot;category&quot;:&quot;mon compte&quot;,&quot;from&quot;:&quot;article footer&quot;,&quot;name&quot;:&quot;Mon actu&quot;,&quot;type&quot;:&quot;cta&quot;}}\" target=\"_blank\">Mon Actu<\/a>.<\/p>\n","protected":false},"excerpt":{"rendered":"Par Cl\u00e9mence Pays Publi\u00e9 le 12 nov. 2025 \u00e0 14h21 Une nouvelle \u00e9tape s\u2019ouvre dans l\u2019affaire du meurtre&hellip;\n","protected":false},"author":2,"featured_media":529282,"comment_status":"","ping_status":"","sticky":false,"template":"","format":"standard","meta":{"footnotes":""},"categories":[2821],"tags":[1111,11,829,1777,674,118,1011,27,303,777,12,2694,584,25],"class_list":{"0":"post-529281","1":"post","2":"type-post","3":"status-publish","4":"format-standard","5":"has-post-thumbnail","7":"category-rennes","8":"tag-actu","9":"tag-actualites","10":"tag-bretagne","11":"tag-eu","12":"tag-europe","13":"tag-faits-divers","14":"tag-fr","15":"tag-france","16":"tag-justice","17":"tag-meurtre","18":"tag-news","19":"tag-proces","20":"tag-rennes","21":"tag-republique-francaise"},"share_on_mastodon":{"url":"https:\/\/pubeurope.com\/@fr\/115537438530736267","error":""},"_links":{"self":[{"href":"https:\/\/www.europesays.com\/fr\/wp-json\/wp\/v2\/posts\/529281","targetHints":{"allow":["GET"]}}],"collection":[{"href":"https:\/\/www.europesays.com\/fr\/wp-json\/wp\/v2\/posts"}],"about":[{"href":"https:\/\/www.europesays.com\/fr\/wp-json\/wp\/v2\/types\/post"}],"author":[{"embeddable":true,"href":"https:\/\/www.europesays.com\/fr\/wp-json\/wp\/v2\/users\/2"}],"replies":[{"embeddable":true,"href":"https:\/\/www.europesays.com\/fr\/wp-json\/wp\/v2\/comments?post=529281"}],"version-history":[{"count":0,"href":"https:\/\/www.europesays.com\/fr\/wp-json\/wp\/v2\/posts\/529281\/revisions"}],"wp:featuredmedia":[{"embeddable":true,"href":"https:\/\/www.europesays.com\/fr\/wp-json\/wp\/v2\/media\/529282"}],"wp:attachment":[{"href":"https:\/\/www.europesays.com\/fr\/wp-json\/wp\/v2\/media?parent=529281"}],"wp:term":[{"taxonomy":"category","embeddable":true,"href":"https:\/\/www.europesays.com\/fr\/wp-json\/wp\/v2\/categories?post=529281"},{"taxonomy":"post_tag","embeddable":true,"href":"https:\/\/www.europesays.com\/fr\/wp-json\/wp\/v2\/tags?post=529281"}],"curies":[{"name":"wp","href":"https:\/\/api.w.org\/{rel}","templated":true}]}}