{"id":529285,"date":"2025-11-12T15:36:42","date_gmt":"2025-11-12T15:36:42","guid":{"rendered":"https:\/\/www.europesays.com\/fr\/529285\/"},"modified":"2025-11-12T15:36:42","modified_gmt":"2025-11-12T15:36:42","slug":"la-ceremonie-de-lancement-interdite-depuis-2023-revient-cette-annee","status":"publish","type":"post","link":"https:\/\/www.europesays.com\/fr\/529285\/","title":{"rendered":"la c\u00e9r\u00e9monie de lancement, interdite depuis 2023, revient cette ann\u00e9e"},"content":{"rendered":"<p>                    Par<br \/>\n        <strong><br \/>\n            <a href=\"https:\/\/actu.fr\/auteur\/thomas-blanc\" title=\"Consulter tous les articles de Thomas Blanc\" target=\"_blank\" rel=\"noopener\">Thomas Blanc<\/a><br \/>\n                    <\/strong><\/p>\n<p>        Publi\u00e9 le<\/p>\n<p>            12 nov. 2025 \u00e0 15h10        <\/p>\n<p>Pour cette \u00e9dition 2025, les illuminations et d\u00e9corations de <a href=\"https:\/\/actu.fr\/tag\/noel\" target=\"_blank\" rel=\"noopener\">No\u00ebl<\/a> install\u00e9es par les commer\u00e7ants de <a href=\"https:\/\/actu.fr\/strasbourg\/\" target=\"_blank\" rel=\"noopener\">Strasbourg<\/a> seront mises en place <a href=\"https:\/\/actu.fr\/grand-est\/strasbourg_67482\/marche-de-noel-de-strasbourg-cette-annee-les-illuminations-demarreront-plus-tot-voici-pourquoi_63376802.html\" target=\"_blank\" rel=\"noopener\">quelques jours en amont de l\u2019ouverture du march\u00e9 de No\u00ebl<\/a> le <strong>26\u00a0novembre<\/strong>. Si cette d\u00e9cision a \u00e9t\u00e9 prise pour \u00ab\u2009permettre aux locaux de profiter de celles-ci, avant l\u2019afflux de touristes\u2009\u00bb, elle a \u00e9galement <strong>un autre int\u00e9r\u00eat<\/strong>.<\/p>\n<p>Une c\u00e9r\u00e9monie de lancement interdite depuis 2022<\/p>\n<p class=\" wall-content\">C\u2019est en 2022 que se sont tenus la derni\u00e8re <strong>grande c\u00e9r\u00e9monie de lancement<\/strong> des illuminations et son compte \u00e0 rebours. Depuis, la pr\u00e9fecture du <a href=\"https:\/\/actu.fr\/grand-est\/bas-rhin_67\" target=\"_blank\" rel=\"noopener\">Bas-Rhin<\/a> ne \u00ab\u2009l\u2019autorisait plus pour <strong>des raisons de s\u00e9curit\u00e9<\/strong>\u2009\u00bb, comme l\u2019explique Gwenn Bauer pr\u00e9sident de l\u2019association Les Vitrines de Strasbourg en charge, pour partie, de ces illuminations.<\/p>\n<p class=\" wall-content\">2025 sera donc diff\u00e9rente. Comme les d\u00e9corations seront mises en place d\u00e8s le 21\u00a0novembre, avant l\u2019arriv\u00e9e massive de touristes, <strong>une c\u00e9r\u00e9monie de lancement officielle<\/strong> aura lieu.<\/p>\n<p class=\" wall-content\">Elle se tiendra \u00e0 <strong>18h sur la place Gutenberg<\/strong> ce m\u00eame vendredi. M. Bauer promet \u00ab\u2009une soir\u00e9e exceptionnelle au pied de l\u2019arbre bleu [une des illuminations embl\u00e9matiques de la ville, NDLR]\u2009\u00bb.<\/p>\n<p>Des concerts au programme<\/p>\n<p class=\" wall-content\">Au programme, un <a href=\"https:\/\/actu.fr\/loisirs-culture\/concert\" target=\"_blank\" rel=\"noopener\">concert<\/a> de la marraine des illuminations 2025 <strong>Anne Sila<\/strong>,<a href=\"https:\/\/actu.fr\/loisirs-culture\/the-voice-all-stars-anne-sila-remporte-largement-la-finale_45924563.html\" target=\"_blank\" rel=\"noopener\"> finaliste de The Voice en 2015<\/a>. L\u2019interpr\u00e8te de Le go\u00fbt des choses sera accompagn\u00e9e au piano par le musicien luxembourgeois Riadh Khodri.<\/p>\n<p class=\" wall-content\">Une repr\u00e9sentation des <a href=\"https:\/\/www.facebook.com\/gospelkids\/?locale=fr_FR\" target=\"_blank\" rel=\"noopener\">Gospels Kids<\/a> est \u00e9galement pr\u00e9vue. Une <strong>quarantaine d\u2019enfants<\/strong> de la chorale strasbourgeoise monteront sur sc\u00e8ne pour le lancement des illuminations.<\/p>\n<p class=\" wall-content\">Personnalisez votre actualit\u00e9 en ajoutant vos villes et m\u00e9dias en favori avec <a href=\"https:\/\/moncompte.actu.fr\" title=\"D\u00e9couvez Mon Actu\" rel=\"nofollow noopener\" data-trk=\"{&quot;cta&quot;:{&quot;action&quot;:&quot;https:\\\/\\\/moncompte.actu.fr&quot;,&quot;category&quot;:&quot;mon compte&quot;,&quot;from&quot;:&quot;article footer&quot;,&quot;name&quot;:&quot;Mon actu&quot;,&quot;type&quot;:&quot;cta&quot;}}\" target=\"_blank\">Mon Actu<\/a>.<\/p>\n","protected":false},"excerpt":{"rendered":"Par Thomas Blanc Publi\u00e9 le 12 nov. 2025 \u00e0 15h10 Pour cette \u00e9dition 2025, les illuminations et d\u00e9corations&hellip;\n","protected":false},"author":2,"featured_media":529286,"comment_status":"","ping_status":"","sticky":false,"template":"","format":"standard","meta":{"footnotes":""},"categories":[2820],"tags":[1111,11,1697,1777,674,1011,27,775,1652,56596,12,15830,25,640],"class_list":{"0":"post-529285","1":"post","2":"type-post","3":"status-publish","4":"format-standard","5":"has-post-thumbnail","7":"category-strasbourg","8":"tag-actu","9":"tag-actualites","10":"tag-concert","11":"tag-eu","12":"tag-europe","13":"tag-fr","14":"tag-france","15":"tag-grand-est","16":"tag-loisirs-culture","17":"tag-marche-de-noel-de-strasbourg","18":"tag-news","19":"tag-noel","20":"tag-republique-francaise","21":"tag-strasbourg"},"share_on_mastodon":{"url":"https:\/\/pubeurope.com\/@fr\/115537469940960156","error":""},"_links":{"self":[{"href":"https:\/\/www.europesays.com\/fr\/wp-json\/wp\/v2\/posts\/529285","targetHints":{"allow":["GET"]}}],"collection":[{"href":"https:\/\/www.europesays.com\/fr\/wp-json\/wp\/v2\/posts"}],"about":[{"href":"https:\/\/www.europesays.com\/fr\/wp-json\/wp\/v2\/types\/post"}],"author":[{"embeddable":true,"href":"https:\/\/www.europesays.com\/fr\/wp-json\/wp\/v2\/users\/2"}],"replies":[{"embeddable":true,"href":"https:\/\/www.europesays.com\/fr\/wp-json\/wp\/v2\/comments?post=529285"}],"version-history":[{"count":0,"href":"https:\/\/www.europesays.com\/fr\/wp-json\/wp\/v2\/posts\/529285\/revisions"}],"wp:featuredmedia":[{"embeddable":true,"href":"https:\/\/www.europesays.com\/fr\/wp-json\/wp\/v2\/media\/529286"}],"wp:attachment":[{"href":"https:\/\/www.europesays.com\/fr\/wp-json\/wp\/v2\/media?parent=529285"}],"wp:term":[{"taxonomy":"category","embeddable":true,"href":"https:\/\/www.europesays.com\/fr\/wp-json\/wp\/v2\/categories?post=529285"},{"taxonomy":"post_tag","embeddable":true,"href":"https:\/\/www.europesays.com\/fr\/wp-json\/wp\/v2\/tags?post=529285"}],"curies":[{"name":"wp","href":"https:\/\/api.w.org\/{rel}","templated":true}]}}