{"id":52929,"date":"2025-04-25T23:17:11","date_gmt":"2025-04-25T23:17:11","guid":{"rendered":"https:\/\/www.europesays.com\/fr\/52929\/"},"modified":"2025-04-25T23:17:11","modified_gmt":"2025-04-25T23:17:11","slug":"previsions-du-samedi-26-avril-2025-2","status":"publish","type":"post","link":"https:\/\/www.europesays.com\/fr\/52929\/","title":{"rendered":"pr\u00e9visions du samedi 26 avril 2025"},"content":{"rendered":"<p>Aujourd&rsquo;hui, le soleil sera cach\u00e9 derri\u00e8re des nuages \u00e0 Strasbourg, o\u00f9 le temps sera couvert. Il fera environ 12\u00b0C. Un vent de nord-est rafra\u00eechira un peu l&rsquo;atmosph\u00e8re. La matin\u00e9e va rester voil\u00e9e \u00e0 cause de nuages qui se maintiennent dans le ciel. Les temp\u00e9ratures seront de 13\u00b0C. L&rsquo;apr\u00e8s-midi, toujours des nuages dans le ciel qui emp\u00eachent le soleil de faire son apparition. Il faudra pr\u00e9voir son parapluie pour \u00e9viter les pluies \u00e9parses. Les valeurs s&rsquo;\u00e9chelonneront de 14 \u00e0 16\u00b0C. Le ciel va s&rsquo;\u00e9claircir dans la soir\u00e9e. On passera de samedi \u00e0 dimanche par une nuit claire.<\/p>\n<p>Demain, \u00e0 Strasbourg, on sera sous un ciel bien gris, couvert de nuages. Il va faire 12\u00b0C en moyenne. Un petit vent de nord-est sera ressenti par les habitants. On observera la pr\u00e9sence persistante de nuages demain apr\u00e8s-midi. En revanche, les temp\u00e9ratures vont enregistrer une hausse de plusieurs degr\u00e9s. Les valeurs afficheront entre 15 et 16\u00b0C. Demain soir, le vent va progressivement chasser les nuages. Le thermom\u00e8tre affichera 13\u00b0C en moyenne.<\/p>\n<p>La m\u00e9t\u00e9o va s&rsquo;am\u00e9liorer dans les jours qui suivent. Le temps sera ensoleill\u00e9 avec des temp\u00e9ratures avoisinant 16\u00b0C.<\/p>\n<p><\/p>\n","protected":false},"excerpt":{"rendered":"Aujourd&rsquo;hui, le soleil sera cach\u00e9 derri\u00e8re des nuages \u00e0 Strasbourg, o\u00f9 le temps sera couvert. Il fera environ&hellip;\n","protected":false},"author":2,"featured_media":52930,"comment_status":"","ping_status":"","sticky":false,"template":"","format":"standard","meta":{"footnotes":""},"categories":[2820],"tags":[1111,11,2389,2649,1777,674,1011,27,775,12,2119,25,640],"class_list":{"0":"post-52929","1":"post","2":"type-post","3":"status-publish","4":"format-standard","5":"has-post-thumbnail","7":"category-strasbourg","8":"tag-actu","9":"tag-actualites","10":"tag-alsace","11":"tag-bas-rhin","12":"tag-eu","13":"tag-europe","14":"tag-fr","15":"tag-france","16":"tag-grand-est","17":"tag-news","18":"tag-previsions-meteo","19":"tag-republique-francaise","20":"tag-strasbourg"},"share_on_mastodon":{"url":"https:\/\/pubeurope.com\/@fr\/114401158314596504","error":""},"_links":{"self":[{"href":"https:\/\/www.europesays.com\/fr\/wp-json\/wp\/v2\/posts\/52929","targetHints":{"allow":["GET"]}}],"collection":[{"href":"https:\/\/www.europesays.com\/fr\/wp-json\/wp\/v2\/posts"}],"about":[{"href":"https:\/\/www.europesays.com\/fr\/wp-json\/wp\/v2\/types\/post"}],"author":[{"embeddable":true,"href":"https:\/\/www.europesays.com\/fr\/wp-json\/wp\/v2\/users\/2"}],"replies":[{"embeddable":true,"href":"https:\/\/www.europesays.com\/fr\/wp-json\/wp\/v2\/comments?post=52929"}],"version-history":[{"count":0,"href":"https:\/\/www.europesays.com\/fr\/wp-json\/wp\/v2\/posts\/52929\/revisions"}],"wp:featuredmedia":[{"embeddable":true,"href":"https:\/\/www.europesays.com\/fr\/wp-json\/wp\/v2\/media\/52930"}],"wp:attachment":[{"href":"https:\/\/www.europesays.com\/fr\/wp-json\/wp\/v2\/media?parent=52929"}],"wp:term":[{"taxonomy":"category","embeddable":true,"href":"https:\/\/www.europesays.com\/fr\/wp-json\/wp\/v2\/categories?post=52929"},{"taxonomy":"post_tag","embeddable":true,"href":"https:\/\/www.europesays.com\/fr\/wp-json\/wp\/v2\/tags?post=52929"}],"curies":[{"name":"wp","href":"https:\/\/api.w.org\/{rel}","templated":true}]}}