{"id":529299,"date":"2025-11-12T15:54:15","date_gmt":"2025-11-12T15:54:15","guid":{"rendered":"https:\/\/www.europesays.com\/fr\/529299\/"},"modified":"2025-11-12T15:54:15","modified_gmt":"2025-11-12T15:54:15","slug":"macron-dit-aux-agriculteurs-a-toulouse-que-laccord-actuel-recueillera-un-non-tres-ferme-de-la-france-liberation","status":"publish","type":"post","link":"https:\/\/www.europesays.com\/fr\/529299\/","title":{"rendered":"Macron dit aux agriculteurs \u00e0 Toulouse que l\u2019accord actuel \u00abrecueillera un non tr\u00e8s ferme de la France\u00bb \u2013 Lib\u00e9ration"},"content":{"rendered":"<p class=\"sc-cPiKLX AiZTS text-element\">La visite a pris une autre tournure. En d\u00e9placement \u00e0 Toulouse (Haute-Garonne), Emmanuel Macron a pris part \u00e0 un d\u00e9bat sur <a href=\"https:\/\/www.liberation.fr\/politique\/limiter-les-reseaux-sociaux-une-necessite-democratique-20251112_DTHRENT3OJFBPLMUND2EIBFAW4\/\" target=\"_blank\" rel=\"noreferrer noopener\" title=\"https:\/\/www.liberation.fr\/politique\/limiter-les-reseaux-sociaux-une-necessite-democratique-20251112_DTHRENT3OJFBPLMUND2EIBFAW4\/\">\u00abla d\u00e9mocratie \u00e0 l\u2019\u00e9preuve des r\u00e9seaux sociaux\u00bb<\/a>, avant de consacrer son apr\u00e8s-midi \u00e0 la strat\u00e9gie spatiale nationale. Mais les agriculteurs occitans, encore tr\u00e8s remont\u00e9s par le possible <a href=\"https:\/\/www.liberation.fr\/environnement\/agriculture\/le-traite-ue-mercosur-toujours-au-coeur-de-la-fronde-des-agriculteurs-des-feux-de-la-colere-sallument-partout-20251109_ZK6HHLLNQ5GKNGFIWVPQFA2M7Q\/?redirected=1\" target=\"_blank\" rel=\"noopener\" title=\"https:\/\/www.liberation.fr\/environnement\/agriculture\/le-traite-ue-mercosur-toujours-au-coeur-de-la-fronde-des-agriculteurs-des-feux-de-la-colere-sallument-partout-20251109_ZK6HHLLNQ5GKNGFIWVPQFA2M7Q\/?redirected=1\">accord commercial entre l\u2019Union europ\u00e9enne et le Mercosur<\/a>, se sont invit\u00e9s dans l\u2019agenda pr\u00e9sidentiel.<\/p>\n<p class=\"sc-cPiKLX AiZTS text-element\">A l\u2019issue d\u2019un entretien avec une d\u00e9l\u00e9gation <a href=\"https:\/\/www.liberation.fr\/societe\/jerome-bayle-leleveur-grande-gueule-qui-porte-la-parole-des-agriculteurs-20240126_7UOBKOLDZRGJ5IXPOJUBUY4OOY\/\" target=\"_blank\" rel=\"noreferrer noopener\" title=\"https:\/\/www.liberation.fr\/societe\/jerome-bayle-leleveur-grande-gueule-qui-porte-la-parole-des-agriculteurs-20240126_7UOBKOLDZRGJ5IXPOJUBUY4OOY\/\">d\u2019exploitants occitans<\/a> \u00e0 la mi-journ\u00e9e, le Pr\u00e9sident \u00aba \u00e9t\u00e9 extr\u00eamement clair\u00bb pour leur dire que le projet d\u2019accord entre l\u2019UE et le\u00a0Mercosur, \u00abtel qu\u2019il existe aujourd\u2019hui, recueillera un non tr\u00e8s ferme de la France\u00bb, a rapport\u00e9 la ministre de l\u2019Agriculture Annie Genevard. En l\u2019absence de clause de sauvegarde, de \u00abmesures miroirs\u00bb ou encore de \u00abcontr\u00f4les aux fronti\u00e8res\u00bb, \u00abla France ne peut pas valider \u00e0 ce stade le projet d\u2019accord avec les pays du\u00a0Mercosur\u00a0parce que ce projet d\u2019accord ne prot\u00e8ge pas les int\u00e9r\u00eats de nos agriculteurs\u00bb, a ajout\u00e9 la ministre, devant la presse, \u00e0 l\u2019issue de l\u2019entrevue \u00e0 laquelle elle a \u00e9galement particip\u00e9.<\/p>\n<p class=\"sc-cPiKLX AiZTS text-element\">Ulc\u00e9r\u00e9 par les propos du chef de l\u2019Etat, qui s\u2019est dit \u00abplut\u00f4t positif\u00bb mais \u00abvigilant\u00bb sur la possibilit\u00e9 d\u2019accepter l\u2019accord commercial entre l\u2019Union europ\u00e9enne et le Mercosur, <a href=\"https:\/\/www.liberation.fr\/environnement\/agriculture\/le-traite-ue-mercosur-toujours-au-coeur-de-la-fronde-des-agriculteurs-des-feux-de-la-colere-sallument-partout-20251109_ZK6HHLLNQ5GKNGFIWVPQFA2M7Q\/\" target=\"_blank\" rel=\"noreferrer noopener\" title=\"https:\/\/www.liberation.fr\/environnement\/agriculture\/le-traite-ue-mercosur-toujours-au-coeur-de-la-fronde-des-agriculteurs-des-feux-de-la-colere-sallument-partout-20251109_ZK6HHLLNQ5GKNGFIWVPQFA2M7Q\/\">le syndicat agricole FNSEA avait appel\u00e9 ses adh\u00e9rents \u00e0 se mobiliser<\/a> ce mercredi matin pour \u00abexiger des engagements clairs et fermes du pr\u00e9sident de la R\u00e9publique en faveur de l\u2019agriculture fran\u00e7aise\u00bb.<\/p>\n<p class=\"sc-cPiKLX AiZTS text-element\">Les agriculteurs devraient ainsi converger, pour certains \u00e0 bord de leurs engins agricoles, vers le si\u00e8ge de la D\u00e9p\u00eache, dans l\u2019ouest de la Ville rose, o\u00f9 Emmanuel Macron a lanc\u00e9 une s\u00e9rie de d\u00e9bats sur la d\u00e9mocratie et les r\u00e9seaux sociaux face \u00e0 quelques centaines de personnes. Interrog\u00e9 sur la possibilit\u00e9 de quitter les r\u00e9seaux sociaux, il a r\u00e9pondu\u00a0: \u00abC\u2019est quelque chose \u00e0 quoi je r\u00e9fl\u00e9chis avec beaucoup d\u2019attention, croyez-moi, et que je n\u2019exclus pas du tout.\u00bb<\/p>\n<p class=\"sc-cPiKLX AiZTS text-element\">Il devait \u00e9voquer avec plusieurs experts trois grands th\u00e8mes face \u00e0 250 \u00e0 300 personnes pendant environ deux heures, avait fait savoir le directeur de l\u2019information du journal toulousain, Lionel Laparade. Il devait d\u2019abord \u00eatre question lors de ce d\u00e9bat du complotisme sur les questions sanitaires, en compagnie notamment du Dr Julien Mazi\u00e8res, pneumologue au CHU de Toulouse, en premi\u00e8re ligne lors de la crise du Covid-19.<\/p>\n<p class=\"sc-cPiKLX AiZTS text-element\">Puis de la d\u00e9sinformation et des infox lors d\u2019un \u00e9change avec le directeur g\u00e9n\u00e9ral de la D\u00e9p\u00eache du Midi, Jean-Nicolas Baylet ainsi qu\u2019avec Lionel Laparade. Et enfin, de l\u2019\u00e9ducation des jeunes face aux r\u00e9seaux sociaux, avec notamment l\u2019enseignant et youtubeur Yann Bouvier &#8211; plus de 1,17\u00a0million d\u2019abonn\u00e9s cumul\u00e9s sur YouTube et TikTok &#8211; et l\u2019ex-recteur de l\u2019acad\u00e9mie d\u2019Occitanie, Mostafa Fourar.<\/p>\n<p class=\"sc-cPiKLX AiZTS text-element\">\u00abSi on compare la puissance des r\u00e9seaux sociaux \u00e0 (celle de) la presse, on voit bien qu\u2019il y a une difficult\u00e9, un rapport de force qui ne joue pas en notre faveur. C\u2019est notre r\u00f4le, dans ce maquis des r\u00e9seaux sociaux, de continuer \u00e0 faire notre m\u00e9tier\u00bb, a soulign\u00e9 Lionel Laparade.<\/p>\n<p class=\"sc-cPiKLX AiZTS text-element\">Le Pr\u00e9sident entend faire des effets n\u00e9fastes des \u00e9crans et des r\u00e9seaux sociaux son nouveau cheval de bataille dans la derni\u00e8re ligne droite du quinquennat avant les municipales de\u00a02026 et la pr\u00e9sidentielle de\u00a02027.<\/p>\n<p class=\"sc-cPiKLX AiZTS text-element\">Avec \u00abdes algorithmes et des ing\u00e9rences qui structurent finalement nos \u00e9motions, la fa\u00e7on dont se d\u00e9roule notre d\u00e9bat public et la fa\u00e7on dont on s\u2019informe\u00bb, \u00abl\u2019ind\u00e9pendance nationale est une forme d\u2019ind\u00e9pendance cognitive\u00bb, a-t-on soulign\u00e9 \u00e0 l\u2019Elys\u00e9e. Des \u00abd\u00e9cisions\u00bb pourront \u00eatre prises \u00e0 l\u2019issue de ce tour de France, et \u00abtout est ouvert\u00bb, y compris l\u2019hypoth\u00e8se du r\u00e9f\u00e9rendum, quant \u00e0 la fa\u00e7on dont elles seront prises, a-t-on pr\u00e9cis\u00e9.<\/p>\n<p class=\"sc-cPiKLX AiZTS text-element\">Le pr\u00e9sident de la R\u00e9publique doit ensuite inaugurer dans l\u2019apr\u00e8s-midi des b\u00e2timents du Commandement de l\u2019espace (CDE) o\u00f9 il d\u00e9voilera la strat\u00e9gie nationale spatiale fran\u00e7aise \u00e0 l\u2019horizon 2040 pour faire face \u00e0 la comp\u00e9tition mondiale, tant civile que militaire. \u00abL\u2019espace n\u2019est plus un endroit paisible, c\u2019est un endroit de contestation\u00bb, dont certaines \u00abextr\u00eamement agressives de la part de nos comp\u00e9titeurs, parmi lesquels la Russie\u00bb, fait valoir l\u2019Elys\u00e9e.<\/p>\n<p class=\"sc-cPiKLX AiZTS text-element\">\u00abDans l\u2019espace, le mot d\u2019ordre est d\u2019acc\u00e9l\u00e9rer imm\u00e9diatement. [\u2026] <a href=\"https:\/\/www.liberation.fr\/societe\/montee-croissante-des-tensions-dans-lespace-si-la-force-est-utilisee-contre-nous-rien-ne-nous-interdit-de-lutiliser-en-retour-20250329_CWFQGUU3DNHRFFPMM2BHCQ4KCE\/\" target=\"_blank\" rel=\"noreferrer noopener\" title=\"https:\/\/www.liberation.fr\/societe\/montee-croissante-des-tensions-dans-lespace-si-la-force-est-utilisee-contre-nous-rien-ne-nous-interdit-de-lutiliser-en-retour-20250329_CWFQGUU3DNHRFFPMM2BHCQ4KCE\/\">Face \u00e0 la militarisation de l\u2019espace<\/a>, le temps n\u2019est plus celui des politesses de la d\u00e9fense active mais bien des actions offensives\u00bb, jugeait jeudi le chef d\u2019\u00e9tat-major de l\u2019arm\u00e9e de l\u2019Air et de l\u2019Espace, le g\u00e9n\u00e9ral J\u00e9r\u00f4me Bellanger.<\/p>\n<p class=\"sc-cPiKLX AiZTS text-element\">Emmanuel Macron doit donc, selon l\u2019Elys\u00e9e, donner ce mercredi \u00abune vision\u00bb, \u00abun calendrier\u00bb et <a href=\"https:\/\/www.liberation.fr\/sciences\/espace\/au-bourget-macron-veut-faire-de-leurope-une-puissance-spatiale-a-marche-forcee-20250620_IQBBSTGEKNBSXJEC5YDYQUGOU4\/\" target=\"_blank\" rel=\"noreferrer noopener\" title=\"https:\/\/www.liberation.fr\/sciences\/espace\/au-bourget-macron-veut-faire-de-leurope-une-puissance-spatiale-a-marche-forcee-20250620_IQBBSTGEKNBSXJEC5YDYQUGOU4\/\">\u00abfixer un objectif\u00bb pour cette strat\u00e9gie<\/a>, qu\u2019il devrait d\u00e9cliner selon cinq piliers\u00a0: la \u00absouverainet\u00e9 en mati\u00e8re d\u2019acc\u00e8s \u00e0 l\u2019espace\u00bb, les comp\u00e9tences industrielles, la d\u00e9fense, \u00abla science et l\u2019exploration\u00bb, ainsi que la coop\u00e9ration, tant intra-europ\u00e9enne qu\u2019avec les alli\u00e9s non-europ\u00e9ens.<\/p>\n<p class=\"sc-cPiKLX AiZTS text-element\"><b>Mis \u00e0 jour<\/b> \u00e0 16\u00a0h\u00a020 avec l\u2019ajout de la d\u00e9claration d\u2019Annie Genevard.<\/p>\n","protected":false},"excerpt":{"rendered":"La visite a pris une autre tournure. En d\u00e9placement \u00e0 Toulouse (Haute-Garonne), Emmanuel Macron a pris part \u00e0&hellip;\n","protected":false},"author":2,"featured_media":529300,"comment_status":"","ping_status":"","sticky":false,"template":"","format":"standard","meta":{"footnotes":""},"categories":[2816],"tags":[1111,11,33008,1073,6447,1777,674,24728,1011,27,12,2680,25,938,2312],"class_list":{"0":"post-529299","1":"post","2":"type-post","3":"status-publish","4":"format-standard","5":"has-post-thumbnail","7":"category-toulouse","8":"tag-actu","9":"tag-actualites","10":"tag-ariane","11":"tag-emmanuel-macron","12":"tag-esa","13":"tag-eu","14":"tag-europe","15":"tag-fnsea","16":"tag-fr","17":"tag-france","18":"tag-news","19":"tag-occitanie","20":"tag-republique-francaise","21":"tag-reseaux-sociaux","22":"tag-toulouse"},"share_on_mastodon":{"url":"https:\/\/pubeurope.com\/@fr\/115537540911298596","error":""},"_links":{"self":[{"href":"https:\/\/www.europesays.com\/fr\/wp-json\/wp\/v2\/posts\/529299","targetHints":{"allow":["GET"]}}],"collection":[{"href":"https:\/\/www.europesays.com\/fr\/wp-json\/wp\/v2\/posts"}],"about":[{"href":"https:\/\/www.europesays.com\/fr\/wp-json\/wp\/v2\/types\/post"}],"author":[{"embeddable":true,"href":"https:\/\/www.europesays.com\/fr\/wp-json\/wp\/v2\/users\/2"}],"replies":[{"embeddable":true,"href":"https:\/\/www.europesays.com\/fr\/wp-json\/wp\/v2\/comments?post=529299"}],"version-history":[{"count":0,"href":"https:\/\/www.europesays.com\/fr\/wp-json\/wp\/v2\/posts\/529299\/revisions"}],"wp:featuredmedia":[{"embeddable":true,"href":"https:\/\/www.europesays.com\/fr\/wp-json\/wp\/v2\/media\/529300"}],"wp:attachment":[{"href":"https:\/\/www.europesays.com\/fr\/wp-json\/wp\/v2\/media?parent=529299"}],"wp:term":[{"taxonomy":"category","embeddable":true,"href":"https:\/\/www.europesays.com\/fr\/wp-json\/wp\/v2\/categories?post=529299"},{"taxonomy":"post_tag","embeddable":true,"href":"https:\/\/www.europesays.com\/fr\/wp-json\/wp\/v2\/tags?post=529299"}],"curies":[{"name":"wp","href":"https:\/\/api.w.org\/{rel}","templated":true}]}}