{"id":529301,"date":"2025-11-12T15:55:12","date_gmt":"2025-11-12T15:55:12","guid":{"rendered":"https:\/\/www.europesays.com\/fr\/529301\/"},"modified":"2025-11-12T15:55:12","modified_gmt":"2025-11-12T15:55:12","slug":"cette-grande-ecole-des-arts-appliques-a-installe-son-campus-au-coeur-deuratechnologies","status":"publish","type":"post","link":"https:\/\/www.europesays.com\/fr\/529301\/","title":{"rendered":"cette grande \u00e9cole des arts appliqu\u00e9s a install\u00e9 son campus au c\u0153ur d&rsquo;Euratechnologies"},"content":{"rendered":"<p>                    Par<br \/>\n        <strong><br \/>\n            <a href=\"https:\/\/actu.fr\/auteur\/nicolas-demollien\" title=\"Consulter tous les articles de Nicolas Demollien\" target=\"_blank\" rel=\"noopener\">Nicolas Demollien<\/a><br \/>\n                    <\/strong><\/p>\n<p>        Publi\u00e9 le<\/p>\n<p>            12 nov. 2025 \u00e0 16h06        <\/p>\n<p>C\u2019est un choix presque naturel qu\u2019a fait la <b>grande \u00e9cole des arts appliqu\u00e9s Cond\u00e9<\/b> au moment d\u2019installer son <b>neuvi\u00e8me campus<\/b> \u00e0 <a href=\"https:\/\/actu.fr\/hauts-de-france\/lille_59350\" target=\"_blank\" rel=\"noopener\">Lille<\/a> (Nord). L\u2019institution s\u2019est ainsi tourn\u00e9e vers <b>Euratechnologies<\/b> qui est l\u2019un des plus grands incubateurs de startups d\u2019Europe. Depuis septembre 2025, une <b>premi\u00e8re promotion d\u2019\u00e9tudiants<\/b> d\u00e9couvre \u00ab\u00a0un lieu unique d\u00e9di\u00e9 \u00e0 la cr\u00e9ativit\u00e9, \u00e0 l\u2019exp\u00e9rimentation et \u00e0 l\u2019innovation\u00a0\u00bb.<\/p>\n<p>Cond\u00e9 ouvre un campus au c\u0153ur d\u2019Euratechnologies<\/p>\n<p data-end=\"818\" class=\" wall-content\">En s\u2019installant dans ce quartier, l\u2019\u00e9cole assure vouloir \u00ab\u00a0offrir \u00e0 ses \u00e9tudiants un <b>environnement stimulant<\/b>, en lien direct avec les entreprises et les acteurs de l\u2019innovation\u00a0\u00bb.<\/p>\n<p data-end=\"818\" class=\" wall-content\">Et Tess Leblond, directrice du campus de Cond\u00e9 Lille, de d\u00e9tailler : \u00ab\u00a0Nous voulons que nos \u00e9tudiants apprennent au contact des entreprises, dans un environnement qui stimule la cr\u00e9ativit\u00e9 et l\u2019innovation. Lille, avec son <b>dynamisme culturel et \u00e9conomique<\/b>, est un terrain id\u00e9al pour former les designers et illustrateurs de demain\u00a0\u00bb.<\/p>\n<p data-end=\"1754\" class=\" wall-content\">Le campus propose d\u00e8s cette ann\u00e9e des Bachelors et Mast\u00e8res, en formation initiale ou en alternance, dans les domaines du design d\u2019objet, du design d\u2019espace, du design graphique et de la mode.<\/p>\n<p data-end=\"1754\" class=\" wall-content\">Situ\u00e9 58, all\u00e9e Marie-Th\u00e9r\u00e8se Vicot Lhermitte \u00e0 Lille, notons que le campus <b>partage ses locaux avec l\u2019\u00c9cole Sup\u00e9rieure de Publicit\u00e9 (ESP)<\/b>. \u00ab\u00a0Les \u00e9tudiants b\u00e9n\u00e9ficient de 15 salles de cours, d\u2019un studio photo, d\u2019un studio son\/podcast, d\u2019un atelier mode et couture, ainsi que d\u2019espaces collaboratifs et de d\u00e9tente pens\u00e9s pour favoriser l\u2019exp\u00e9rimentation et le travail en \u00e9quipe\u00a0\u00bb, pr\u00e9cise l\u2019\u00e9cole des arts appliqu\u00e9s. Et d\u2019annoncer que, tout au long de l\u2019ann\u00e9e, elle proposera des conf\u00e9rences, workshops et rencontres professionnelles avec des cr\u00e9ateurs, startups et entreprises locales.<\/p>\n<p>Animations et journ\u00e9es portes ouvertes<\/p>\n<p data-end=\"2010\" class=\" wall-content\">Parmi les rendez-vous ouverts au public, <b>Epic Fail se tiendra le jeudi 11 d\u00e9cembre 2025<\/b>. Il s\u2019agit d\u2019un \u00e9v\u00e9nement \u00ab\u00a0o\u00f9 professionnels et alumni partagent leurs revers et r\u00e9ussites, racontant comment ils ont su rebondir face aux impr\u00e9vus de leur parcours cr\u00e9atif\u00a0\u00bb.<\/p>\n<p>Votre r\u00e9gion, votre actu !<\/p>\n<p>Recevez chaque jour les infos qui comptent pour vous.<\/p>\n<p>\t<a href=\"https:\/\/actu.fr\/newsletter\" class=\"ac-btn ac-btn--corner ac-btn--medium ac-btn--blue800\" target=\"_blank\" rel=\"noopener\">S&rsquo;incrire<\/a><\/p>\n<p data-end=\"2010\" class=\" wall-content\"><b>Plusieurs journ\u00e9es portes ouvertes<\/b> seront \u00e9galement organis\u00e9es les 15 novembre, 6 d\u00e9cembre, 31 janvier et 21 mars. L\u2019occasion de rencontrer les \u00e9quipes p\u00e9dagogiques, de d\u00e9couvrir le campus et d\u2019\u00e9changer avec les \u00e9tudiants autour de leurs r\u00e9alisations.<\/p>\n<p data-end=\"3592\" class=\" wall-content\">Plus d\u2019infos sur l\u2019\u00e9tablissement sur le site\u00a0<a href=\"https:\/\/ecoles-conde.com\/\" target=\"_blank\" rel=\"noopener\">ecoles-conde.com<\/a>.<\/p>\n<p class=\" wall-content\">Personnalisez votre actualit\u00e9 en ajoutant vos villes et m\u00e9dias en favori avec <a href=\"https:\/\/moncompte.actu.fr\" title=\"D\u00e9couvez Mon Actu\" rel=\"nofollow noopener\" data-trk=\"{&quot;cta&quot;:{&quot;action&quot;:&quot;https:\\\/\\\/moncompte.actu.fr&quot;,&quot;category&quot;:&quot;mon compte&quot;,&quot;from&quot;:&quot;article footer&quot;,&quot;name&quot;:&quot;Mon actu&quot;,&quot;type&quot;:&quot;cta&quot;}}\" target=\"_blank\">Mon Actu<\/a>.<\/p>\n","protected":false},"excerpt":{"rendered":"Par Nicolas Demollien Publi\u00e9 le 12 nov. 2025 \u00e0 16h06 C\u2019est un choix presque naturel qu\u2019a fait la&hellip;\n","protected":false},"author":2,"featured_media":529302,"comment_status":"","ping_status":"","sticky":false,"template":"","format":"standard","meta":{"footnotes":""},"categories":[2815],"tags":[1111,11,1064,1777,674,1011,27,811,1307,12,25,104],"class_list":{"0":"post-529301","1":"post","2":"type-post","3":"status-publish","4":"format-standard","5":"has-post-thumbnail","7":"category-lille","8":"tag-actu","9":"tag-actualites","10":"tag-etudiantses","11":"tag-eu","12":"tag-europe","13":"tag-fr","14":"tag-france","15":"tag-hauts-de-france","16":"tag-lille","17":"tag-news","18":"tag-republique-francaise","19":"tag-societe"},"share_on_mastodon":{"url":"https:\/\/pubeurope.com\/@fr\/115537544705470336","error":""},"_links":{"self":[{"href":"https:\/\/www.europesays.com\/fr\/wp-json\/wp\/v2\/posts\/529301","targetHints":{"allow":["GET"]}}],"collection":[{"href":"https:\/\/www.europesays.com\/fr\/wp-json\/wp\/v2\/posts"}],"about":[{"href":"https:\/\/www.europesays.com\/fr\/wp-json\/wp\/v2\/types\/post"}],"author":[{"embeddable":true,"href":"https:\/\/www.europesays.com\/fr\/wp-json\/wp\/v2\/users\/2"}],"replies":[{"embeddable":true,"href":"https:\/\/www.europesays.com\/fr\/wp-json\/wp\/v2\/comments?post=529301"}],"version-history":[{"count":0,"href":"https:\/\/www.europesays.com\/fr\/wp-json\/wp\/v2\/posts\/529301\/revisions"}],"wp:featuredmedia":[{"embeddable":true,"href":"https:\/\/www.europesays.com\/fr\/wp-json\/wp\/v2\/media\/529302"}],"wp:attachment":[{"href":"https:\/\/www.europesays.com\/fr\/wp-json\/wp\/v2\/media?parent=529301"}],"wp:term":[{"taxonomy":"category","embeddable":true,"href":"https:\/\/www.europesays.com\/fr\/wp-json\/wp\/v2\/categories?post=529301"},{"taxonomy":"post_tag","embeddable":true,"href":"https:\/\/www.europesays.com\/fr\/wp-json\/wp\/v2\/tags?post=529301"}],"curies":[{"name":"wp","href":"https:\/\/api.w.org\/{rel}","templated":true}]}}