{"id":529305,"date":"2025-11-12T15:57:09","date_gmt":"2025-11-12T15:57:09","guid":{"rendered":"https:\/\/www.europesays.com\/fr\/529305\/"},"modified":"2025-11-12T15:57:09","modified_gmt":"2025-11-12T15:57:09","slug":"pour-les-retraites-marseillais-la-crainte-de-basculer-dans-la-pauvrete","status":"publish","type":"post","link":"https:\/\/www.europesays.com\/fr\/529305\/","title":{"rendered":"pour les retrait\u00e9s marseillais, la crainte de \u00ab\u00a0basculer dans la pauvret\u00e9\u00a0\u00bb"},"content":{"rendered":"<p>Dans la queue qui s\u2019allonge devant les <a href=\"https:\/\/www.laprovence.com\/article\/sortie-loisirs\/4748313097631214\/coluche-et-sa-petite-idee-les-restos-du-coeur-ont-40-ans\" target=\"_blank\" rel=\"noopener\">Restos du c\u0153ur<\/a>, rue Barbini (3e), il y a ceux pour qui cette distribution alimentaire est \u00ab\u00a0une question de survie\u00a0\u00bb. Dans un quartier ou six personnes sur 10 vivent sous le seuil de pauvret\u00e9 et 46% des 16-25\u00a0ans sont sans activit\u00e9, l\u2019antenne de l\u2019association permet de \u00ab\u00a0tenir\u00a0\u00bb. Puis il y a les autres. Ceux qui ne sont \u00ab\u00a0pas vraiment pauvres\u00a0\u00bb mais pour lesquels les Restos sont \u00ab\u00a0un coup de pouce\u00a0\u00bb.<\/p>\n<p>\u00ab\u00a0J\u2019ai travaill\u00e9 toute ma vie mais j\u2019ai une petite pension, dit A\u00efcha, 69\u00a0ans, qui vit seule dans le secteur. Je viens chercher un peu d\u2019huile, pour ne pas avoir \u00e0 compter pour tout\u2026\u00a0\u00bb Alors que le vote du <a href=\"https:\/\/www.laprovence.com\/article\/france-monde\/6039554200553\/budget-de-la-secu-lassemblee-continue-lexamen-mais-les-delais-se-resserrent\" target=\"_blank\" rel=\"noopener\">budget de la S\u00e9curit\u00e9 sociale, ce mercredi \u00e0 l\u2019Assembl\u00e9e nationale<\/a>, pourrait conduire \u00e0 des efforts pour les personnes retrait\u00e9es, beaucoup d\u2019entre elles d\u00e9crivent \u00ab\u00a0un pouvoir d\u2019achat d\u00e9j\u00e0 en berne\u00a0\u00bb et \u00ab\u00a0un sentiment de d\u00e9classement\u00a0\u00bb.<\/p>\n<p>La n\u00e9cessit\u00e9, d\u00e9j\u00e0, de \u00ab\u00a0se serrer la ceinture\u00a0\u00bb<\/p>\n<p>Gel des pensions, <a href=\"https:\/\/www.laprovence.com\/article\/economie\/56142121023227\/budget-2026-franchises-medicales-conge-de-naissance-quelles-repercussions-sur-le-pouvoir-dachat-des-francais\" target=\"_blank\" rel=\"noopener\">fin de l\u2019abattement fiscal, doublement des franchises m\u00e9dicales<\/a>\u2026 Les ajustements budg\u00e9taires du gouvernement pourraient toucher particuli\u00e8rement les personnes retrait\u00e9es, qui redoutent d\u2019\u00eatre les premi\u00e8res vis\u00e9es. Des craintes relay\u00e9es la semaine derni\u00e8re, lors de &#8230;<\/p>\n","protected":false},"excerpt":{"rendered":"Dans la queue qui s\u2019allonge devant les Restos du c\u0153ur, rue Barbini (3e), il y a ceux pour&hellip;\n","protected":false},"author":2,"featured_media":529306,"comment_status":"","ping_status":"","sticky":false,"template":"","format":"standard","meta":{"footnotes":""},"categories":[2814],"tags":[17,1111,11,1003,1777,674,1011,27,151,761,884,12,471,882,16,25,9910,656,2812],"class_list":{"0":"post-529305","1":"post","2":"type-post","3":"status-publish","4":"format-standard","5":"has-post-thumbnail","7":"category-marseille","8":"tag-17","9":"tag-actu","10":"tag-actualites","11":"tag-budget","12":"tag-eu","13":"tag-europe","14":"tag-fr","15":"tag-france","16":"tag-les","17":"tag-marseillais","18":"tag-marseille","19":"tag-news","20":"tag-pour","21":"tag-provence-alpes-cote-dazur","22":"tag-region","23":"tag-republique-francaise","24":"tag-retraites","25":"tag-securite","26":"tag-sociale"},"share_on_mastodon":{"url":"https:\/\/pubeurope.com\/@fr\/115537552717797185","error":""},"_links":{"self":[{"href":"https:\/\/www.europesays.com\/fr\/wp-json\/wp\/v2\/posts\/529305","targetHints":{"allow":["GET"]}}],"collection":[{"href":"https:\/\/www.europesays.com\/fr\/wp-json\/wp\/v2\/posts"}],"about":[{"href":"https:\/\/www.europesays.com\/fr\/wp-json\/wp\/v2\/types\/post"}],"author":[{"embeddable":true,"href":"https:\/\/www.europesays.com\/fr\/wp-json\/wp\/v2\/users\/2"}],"replies":[{"embeddable":true,"href":"https:\/\/www.europesays.com\/fr\/wp-json\/wp\/v2\/comments?post=529305"}],"version-history":[{"count":0,"href":"https:\/\/www.europesays.com\/fr\/wp-json\/wp\/v2\/posts\/529305\/revisions"}],"wp:featuredmedia":[{"embeddable":true,"href":"https:\/\/www.europesays.com\/fr\/wp-json\/wp\/v2\/media\/529306"}],"wp:attachment":[{"href":"https:\/\/www.europesays.com\/fr\/wp-json\/wp\/v2\/media?parent=529305"}],"wp:term":[{"taxonomy":"category","embeddable":true,"href":"https:\/\/www.europesays.com\/fr\/wp-json\/wp\/v2\/categories?post=529305"},{"taxonomy":"post_tag","embeddable":true,"href":"https:\/\/www.europesays.com\/fr\/wp-json\/wp\/v2\/tags?post=529305"}],"curies":[{"name":"wp","href":"https:\/\/api.w.org\/{rel}","templated":true}]}}