{"id":529313,"date":"2025-11-12T16:03:10","date_gmt":"2025-11-12T16:03:10","guid":{"rendered":"https:\/\/www.europesays.com\/fr\/529313\/"},"modified":"2025-11-12T16:03:10","modified_gmt":"2025-11-12T16:03:10","slug":"les-opposants-aux-nouveaux-forages-mettent-la-pression","status":"publish","type":"post","link":"https:\/\/www.europesays.com\/fr\/529313\/","title":{"rendered":"les opposants aux nouveaux forages mettent la pression"},"content":{"rendered":"<p>                    Par<br \/>\n        <strong><br \/>\n            <a href=\"https:\/\/actu.fr\/auteur\/yoann-vallier\" title=\"Consulter tous les articles de Yoann Vallier\" rel=\"nofollow noopener\" target=\"_blank\">Yoann Vallier<\/a><br \/>\n                    <\/strong><\/p>\n<p>        Publi\u00e9 le<\/p>\n<p>            12 nov. 2025 \u00e0 17h00        <\/p>\n<p>C\u2019est un honneur dont le petit village Seine-et-marnais de <a href=\"https:\/\/actu.fr\/ile-de-france\/nonville_77340\" rel=\"nofollow noopener\" target=\"_blank\">Nonville <\/a>(Seine-et-Marne) se serait bien pass\u00e9 : c\u2019est sur le prestigieux parvis de l\u2019h\u00f4tel de ville de Paris que le combat contre <a href=\"https:\/\/actu.fr\/ile-de-france\/nonville_77340\/petrole-en-seine-et-marne-lextension-du-forage-de-nonville-reporte-larrete-de-letat-juge-illegal_62190153.html\" rel=\"nofollow noopener\" target=\"_blank\">le projet de nouveaux forages p\u00e9troliers \u00e0 Nonville <\/a>a \u00e9t\u00e9 mis en lumi\u00e8re le 1er novembre dernier.<\/p>\n<p class=\" wall-content\">Lees opposants au projet avaient d\u00e9cid\u00e9 de faire monter la pression avec une manifestation particuli\u00e8rement marquante, entre pancartes et mises en sc\u00e8ne, sous la banni\u00e8re du collectif Stop P\u00e9trole \u00cele-de-France.<b> <\/b><b>La date de ce rassemblement n\u2019avait pas \u00e9t\u00e9 choisie au hasard,<\/b> car c\u2019est \u00e0 partir du\u00a0 9 novembre que <b>le pr\u00e9fet de Seine-et-Marne doit rendre sa d\u00e9cision sur la \u00a0\u00bb r\u00e9gularisation \u00a0\u00bb du dossier.<\/b><\/p>\n<p class=\" wall-content\">Le collectif, qui regroupe plusieurs associations environnementales (R\u00e9seau Action Climat, les Amis de la terre, France nature environnement, Action justice climat, Coordination Eau Ile de France, Greenpeace et Environnement Bocage G\u00e2tinais) tenait \u00e0 rappeler ce qu\u2019elle estime \u00eatre les \u00ab\u00a0contradictions de l\u2019Etat \u00e0 l\u2019approche de la COP30 au Br\u00e9sil et des dix ans de l\u2019Accord de Paris\u00a0\u00bb.\u00a0<\/p>\n<p class=\" wall-content\">Dans une lettre ouverte adress\u00e9e \u00e0 plusieurs ministres, les signataires jugent \u00ab\u00a0<b>aberrant\u00a0d\u2019autoriser de nouveaux forages<\/b> alors que les \u00e9nergies fossiles, moteur du changement climatique, ont fait de 2024 l\u2019ann\u00e9e la plus chaude jamais enregistr\u00e9e\u00a0\u00bb.\u00a0<\/p>\n<p>La balle dans le camp du pr\u00e9fet<\/p>\n<p class=\" wall-content\">Leur texte \u00e9voque aussi les risques pour la biodiversit\u00e9 et pour les nappes phr\u00e9atiques qui alimentent 180 000 habitants de Paris et du sud de la Seine-et-Marne. Une p\u00e9tition, adress\u00e9e au Premier ministre, a d\u00e9pass\u00e9 les 40 000 signatures.<\/p>\n<p>Vid\u00e9os : en ce moment sur Actu<\/p>\n<p class=\" wall-content\">Le site de Nonville, exploit\u00e9 depuis 2009<a href=\"https:\/\/actu.fr\/ile-de-france\/nonville_77340\/petrole-en-seine-et-marne-bridge-energies-veut-continuer-les-forages-pour-une-etonnante-reconversion_61633339.html\" rel=\"nofollow noopener\" target=\"_blank\"> par la soci\u00e9t\u00e9 Bridge \u00c9nergies<\/a>, est situ\u00e9 \u00e0 cinq kilom\u00e8tres au sud de la for\u00eat de Fontainebleau. C\u2019est l\u00e0 que l\u2019entreprise souhaite forer deux nouveaux puits, sur la m\u00eame plateforme, sans \u00e9largir son emprise au sol. Le projet, autoris\u00e9 une premi\u00e8re fois \u00e0 la surprise g\u00e9n\u00e9rale par le pr\u00e9fet d\u00e9but 2024, avait \u00e9t\u00e9 suspendu par le tribunal administratif de Melun en janvier dernier. Les juges avaient point\u00e9 une \u00e9tude d\u2019impact insuffisante sur la faune et un manque de garanties financi\u00e8res<b>. Dix mois avaient \u00e9t\u00e9 accord\u00e9s \u00e0 Bridge \u00c9nergies pour corriger ces points. <\/b>Ce d\u00e9lai arrive \u00e0 son terme.<\/p>\n<p class=\" wall-content\">De son c\u00f4t\u00e9, Bridge \u00c9nergies continue de se d\u00e9fendre, affirmant que ses installations respectent \u00a0\u00bb toutes les normes de protection des aquif\u00e8res\u00a0\u00bb\u00a0et qu\u2019aucun incident n\u2019a jamais \u00e9t\u00e9 signal\u00e9 sur ses puits. <a href=\"https:\/\/actu.fr\/ile-de-france\/nonville_77340\/petrole-en-seine-et-marne-bridge-energies-veut-continuer-les-forages-pour-une-etonnante-reconversion_61633339.html\" rel=\"nofollow noopener\" target=\"_blank\">Dans une interview accord\u00e9e \u00e0 La Rep l\u2019an dernier, <\/a>son pr\u00e9sident Philippe Pont rappelait que \u00a0\u00bb 6 000 puits ont \u00e9t\u00e9 for\u00e9s en r\u00e9gion parisienne sans aucune pollution\u00a0\u00bb.\u00a0 Il \u00e9voquait une activit\u00e9 \u00a0\u00bb encadr\u00e9e et s\u00e9curis\u00e9e\u00a0\u00bb, et invitait les opposants \u00e0 \u00ab\u00a0laisser travailler\u00a0\u00bb son \u00e9quipe. Trois emplois directs et vingt-cinq indirects sont en jeu, selon la soci\u00e9t\u00e9.<\/p>\n<p>Votre r\u00e9gion, votre actu !<\/p>\n<p>Recevez chaque jour les infos qui comptent pour vous.<\/p>\n<p>\t<a href=\"https:\/\/actu.fr\/newsletter\" class=\"ac-btn ac-btn--corner ac-btn--medium ac-btn--blue800\" rel=\"nofollow noopener\" target=\"_blank\">S&rsquo;incrire<\/a><\/p>\n<p class=\" wall-content\">Quelle que soit la d\u00e9cision du pr\u00e9fet,<b> Dan Lert, \u00e9lu \u00e9cologiste de Paris ayant port\u00e9 plainte pour Eau de Paris<\/b>, a promis de porter l\u2019affaire si besoin devant la juridiction europ\u00e9enne.<\/p>\n<p class=\" wall-content\">Personnalisez votre actualit\u00e9 en ajoutant vos villes et m\u00e9dias en favori avec <a href=\"https:\/\/moncompte.actu.fr\" title=\"D\u00e9couvez Mon Actu\" rel=\"nofollow noopener\" data-trk=\"{&quot;cta&quot;:{&quot;action&quot;:&quot;https:\\\/\\\/moncompte.actu.fr&quot;,&quot;category&quot;:&quot;mon compte&quot;,&quot;from&quot;:&quot;article footer&quot;,&quot;name&quot;:&quot;Mon actu&quot;,&quot;type&quot;:&quot;cta&quot;}}\" target=\"_blank\">Mon Actu<\/a>.<\/p>\n","protected":false},"excerpt":{"rendered":"Par Yoann Vallier Publi\u00e9 le 12 nov. 2025 \u00e0 17h00 C\u2019est un honneur dont le petit village Seine-et-marnais&hellip;\n","protected":false},"author":2,"featured_media":529314,"comment_status":"","ping_status":"","sticky":false,"template":"","format":"standard","meta":{"footnotes":""},"categories":[1592],"tags":[1111,11,436,1777,674,1011,27,662,12,626,25,104],"class_list":{"0":"post-529313","1":"post","2":"type-post","3":"status-publish","4":"format-standard","5":"has-post-thumbnail","7":"category-ile-de-france","8":"tag-actu","9":"tag-actualites","10":"tag-environnement","11":"tag-eu","12":"tag-europe","13":"tag-fr","14":"tag-france","15":"tag-ile-de-france","16":"tag-news","17":"tag-paris","18":"tag-republique-francaise","19":"tag-societe"},"share_on_mastodon":{"url":"https:\/\/pubeurope.com\/@fr\/115537576256048324","error":""},"_links":{"self":[{"href":"https:\/\/www.europesays.com\/fr\/wp-json\/wp\/v2\/posts\/529313","targetHints":{"allow":["GET"]}}],"collection":[{"href":"https:\/\/www.europesays.com\/fr\/wp-json\/wp\/v2\/posts"}],"about":[{"href":"https:\/\/www.europesays.com\/fr\/wp-json\/wp\/v2\/types\/post"}],"author":[{"embeddable":true,"href":"https:\/\/www.europesays.com\/fr\/wp-json\/wp\/v2\/users\/2"}],"replies":[{"embeddable":true,"href":"https:\/\/www.europesays.com\/fr\/wp-json\/wp\/v2\/comments?post=529313"}],"version-history":[{"count":0,"href":"https:\/\/www.europesays.com\/fr\/wp-json\/wp\/v2\/posts\/529313\/revisions"}],"wp:featuredmedia":[{"embeddable":true,"href":"https:\/\/www.europesays.com\/fr\/wp-json\/wp\/v2\/media\/529314"}],"wp:attachment":[{"href":"https:\/\/www.europesays.com\/fr\/wp-json\/wp\/v2\/media?parent=529313"}],"wp:term":[{"taxonomy":"category","embeddable":true,"href":"https:\/\/www.europesays.com\/fr\/wp-json\/wp\/v2\/categories?post=529313"},{"taxonomy":"post_tag","embeddable":true,"href":"https:\/\/www.europesays.com\/fr\/wp-json\/wp\/v2\/tags?post=529313"}],"curies":[{"name":"wp","href":"https:\/\/api.w.org\/{rel}","templated":true}]}}