{"id":529323,"date":"2025-11-12T16:10:12","date_gmt":"2025-11-12T16:10:12","guid":{"rendered":"https:\/\/www.europesays.com\/fr\/529323\/"},"modified":"2025-11-12T16:10:12","modified_gmt":"2025-11-12T16:10:12","slug":"la-russie-sappauvrit-mais-se-rearme-letude-qui-alerte-leurope","status":"publish","type":"post","link":"https:\/\/www.europesays.com\/fr\/529323\/","title":{"rendered":"La Russie s\u2019appauvrit, mais se r\u00e9arme : l\u2019\u00e9tude qui alerte l&rsquo;Europe"},"content":{"rendered":"<p>La Russie s&rsquo;enfonce dans la stagflation (une croissance \u00e9conomique faible ou nulle et une forte inflation), mais conserve un \u00ab\u00a0avantage d\u00e9cisif\u00a0\u00bb dans le domaine terrestre face \u00e0 l&rsquo;Europe. Le constat\u00a0figure dans le rapport \u00ab\u00a0Europe-Russia\u00a0: Balance of Power Review\u00a0\u00bb publi\u00e9 d\u00e9but novembre par l&rsquo;Ifri (Institut fran\u00e7ais des relations internationales). Deux cents pages d&rsquo;une \u00e9valuation sans fard qui r\u00e9v\u00e8lent une Russie \u00e0 la fois plus fragile \u00e9conomiquement et plus dangereuse militairement que les analyses convenues ne le laissent entendre.<\/p>\n<p>Dirig\u00e9e par Thomas Gomart avec cinq chercheurs de l&rsquo;institut \u2013 Marc-Antoine Eyl-Mazzega, Tatiana Kastou\u00e9va-Jean, Paul Maurice, Dimitri Minic et \u00c9lie Tenenbaum \u2013, cette \u00e9tude supervis\u00e9e par neuf directeurs de think tanks europ\u00e9ens dresse le portrait d&rsquo;une p&#8230;<\/p>\n<p>Toute l\u2019actualit\u00e9 \u00e0 1\u20ac le premier mois<\/p>\n<p><a href=\"https:\/\/abo.lepoint.fr\/?provenance=21EDI020098\" class=\"btn\" title=\"S&#039;abonner\" data-gtm=\"click:abo|display:abo\" data-campaign=\"paywall_maison\" rel=\"nofollow noopener\" target=\"_blank\">S&rsquo;abonner<\/a><\/p>\n<p>ou<\/p>\n","protected":false},"excerpt":{"rendered":"La Russie s&rsquo;enfonce dans la stagflation (une croissance \u00e9conomique faible ou nulle et une forte inflation), mais conserve&hellip;\n","protected":false},"author":2,"featured_media":529324,"comment_status":"","ping_status":"","sticky":false,"template":"","format":"standard","meta":{"footnotes":""},"categories":[1591],"tags":[11,75,1887,12,1885,1886,132,364,135],"class_list":{"0":"post-529323","1":"post","2":"type-post","3":"status-publish","4":"format-standard","5":"has-post-thumbnail","7":"category-russie","8":"tag-actualites","9":"tag-donald-trump","10":"tag-federation-de-russie","11":"tag-news","12":"tag-russia","13":"tag-russian-federation","14":"tag-russie","15":"tag-union-europeenne","16":"tag-vladimir-poutine"},"share_on_mastodon":{"url":"https:\/\/pubeurope.com\/@fr\/115537603837566036","error":""},"_links":{"self":[{"href":"https:\/\/www.europesays.com\/fr\/wp-json\/wp\/v2\/posts\/529323","targetHints":{"allow":["GET"]}}],"collection":[{"href":"https:\/\/www.europesays.com\/fr\/wp-json\/wp\/v2\/posts"}],"about":[{"href":"https:\/\/www.europesays.com\/fr\/wp-json\/wp\/v2\/types\/post"}],"author":[{"embeddable":true,"href":"https:\/\/www.europesays.com\/fr\/wp-json\/wp\/v2\/users\/2"}],"replies":[{"embeddable":true,"href":"https:\/\/www.europesays.com\/fr\/wp-json\/wp\/v2\/comments?post=529323"}],"version-history":[{"count":0,"href":"https:\/\/www.europesays.com\/fr\/wp-json\/wp\/v2\/posts\/529323\/revisions"}],"wp:featuredmedia":[{"embeddable":true,"href":"https:\/\/www.europesays.com\/fr\/wp-json\/wp\/v2\/media\/529324"}],"wp:attachment":[{"href":"https:\/\/www.europesays.com\/fr\/wp-json\/wp\/v2\/media?parent=529323"}],"wp:term":[{"taxonomy":"category","embeddable":true,"href":"https:\/\/www.europesays.com\/fr\/wp-json\/wp\/v2\/categories?post=529323"},{"taxonomy":"post_tag","embeddable":true,"href":"https:\/\/www.europesays.com\/fr\/wp-json\/wp\/v2\/tags?post=529323"}],"curies":[{"name":"wp","href":"https:\/\/api.w.org\/{rel}","templated":true}]}}