{"id":529325,"date":"2025-11-12T16:11:18","date_gmt":"2025-11-12T16:11:18","guid":{"rendered":"https:\/\/www.europesays.com\/fr\/529325\/"},"modified":"2025-11-12T16:11:18","modified_gmt":"2025-11-12T16:11:18","slug":"france-ukraine-en-direct-21h05-federation-francaise-de-football-fff","status":"publish","type":"post","link":"https:\/\/www.europesays.com\/fr\/529325\/","title":{"rendered":"France &#8211; Ukraine, en direct (21h05) | F\u00e9d\u00e9ration Fran\u00e7aise de Football (FFF)"},"content":{"rendered":"<p>                                                              <img data-twic-src=\"https:\/\/www.europesays.com\/fr\/wp-content\/uploads\/2025\/11\/8322998206bf3c78a92f79d7a0a14730.png\" data-credit=\"Archives  \/ FFF\" title=\"Archives  \/ FFF\" alt=\"\" class=\"block\"\/>                                        <\/p>\n<p style=\"font-weight: bold\">Le match international amical de Futsal entre la France et l&rsquo;Ukraine disput\u00e9 \u00e0 Limoges, ce mercredi 12 novembre \u00e0 21h05, est \u00e0 suivre en direct sur YouTube FFF.<\/p>\n<p>\u00c0 deux mois du Championnat d&rsquo;Europe co-organis\u00e9 par la Lituanie, la Lettonie et et la Slov\u00e9nie, les joueurs de Rapha\u00ebl Reynaud poursuivent leur pr\u00e9paration et voient l&rsquo;Ukraine se dresser sur leur chemin, pour une rencontre amicale entre membres du top 10 FIFA et <a href=\"https:\/\/www.fff.fr\/article\/13352-quatrieme-pour-une-premiere.html\" target=\"_blank\" rel=\"noopener nofollow\">un remake de la finale pour la 3e place du Mondial en Ouzb\u00e9kistan<\/a>.<\/p>\n<p>Un match marqu\u00e9 par le retour des Bleus sur le sol fran\u00e7ais, o\u00f9 ils n&rsquo;avaient plus jou\u00e9 depuis la saison pass\u00e9e. C&rsquo;\u00e9tait au mois d&rsquo;avril face \u00e0 la Bulgarie (8-0) \u00e0 Saint-Chamond, commune de la m\u00e9tropole st\u00e9phanoise.\u00a0<\/p>\n<p>Les retrouvailles avec le public tricolore s&rsquo;annoncent chaleureuses et seront \u00e0 suivre en direct \u00e0 partir de 21h05 sur la cha\u00eene YouTube de la FFF.\u00a0<\/p><\/p>\n","protected":false},"excerpt":{"rendered":"Le match international amical de Futsal entre la France et l&rsquo;Ukraine disput\u00e9 \u00e0 Limoges, ce mercredi 12 novembre&hellip;\n","protected":false},"author":2,"featured_media":529326,"comment_status":"","ping_status":"","sticky":false,"template":"","format":"standard","meta":{"footnotes":""},"categories":[1590],"tags":[11,1777,674,85,12,220],"class_list":{"0":"post-529325","1":"post","2":"type-post","3":"status-publish","4":"format-standard","5":"has-post-thumbnail","7":"category-ukraine","8":"tag-actualites","9":"tag-eu","10":"tag-europe","11":"tag-fff","12":"tag-news","13":"tag-ukraine"},"share_on_mastodon":{"url":"https:\/\/pubeurope.com\/@fr\/115537609061578478","error":""},"_links":{"self":[{"href":"https:\/\/www.europesays.com\/fr\/wp-json\/wp\/v2\/posts\/529325","targetHints":{"allow":["GET"]}}],"collection":[{"href":"https:\/\/www.europesays.com\/fr\/wp-json\/wp\/v2\/posts"}],"about":[{"href":"https:\/\/www.europesays.com\/fr\/wp-json\/wp\/v2\/types\/post"}],"author":[{"embeddable":true,"href":"https:\/\/www.europesays.com\/fr\/wp-json\/wp\/v2\/users\/2"}],"replies":[{"embeddable":true,"href":"https:\/\/www.europesays.com\/fr\/wp-json\/wp\/v2\/comments?post=529325"}],"version-history":[{"count":0,"href":"https:\/\/www.europesays.com\/fr\/wp-json\/wp\/v2\/posts\/529325\/revisions"}],"wp:featuredmedia":[{"embeddable":true,"href":"https:\/\/www.europesays.com\/fr\/wp-json\/wp\/v2\/media\/529326"}],"wp:attachment":[{"href":"https:\/\/www.europesays.com\/fr\/wp-json\/wp\/v2\/media?parent=529325"}],"wp:term":[{"taxonomy":"category","embeddable":true,"href":"https:\/\/www.europesays.com\/fr\/wp-json\/wp\/v2\/categories?post=529325"},{"taxonomy":"post_tag","embeddable":true,"href":"https:\/\/www.europesays.com\/fr\/wp-json\/wp\/v2\/tags?post=529325"}],"curies":[{"name":"wp","href":"https:\/\/api.w.org\/{rel}","templated":true}]}}