{"id":529339,"date":"2025-11-12T16:18:14","date_gmt":"2025-11-12T16:18:14","guid":{"rendered":"https:\/\/www.europesays.com\/fr\/529339\/"},"modified":"2025-11-12T16:18:14","modified_gmt":"2025-11-12T16:18:14","slug":"lamine-yamal-la-fracture-ouverte-international-espagne","status":"publish","type":"post","link":"https:\/\/www.europesays.com\/fr\/529339\/","title":{"rendered":"Lamine Yamal : la fracture ouverte &#8211; International &#8211; Espagne"},"content":{"rendered":"<p>Communication : n.f.\u00a0processus fondamental par lequel les individus et les entit\u00e9s \u00e9changent des informations. Les dirigeants de club et de s\u00e9lection feraient bien de potasser cette d\u00e9finition \u00e0 l\u2019avenir, pour s\u2019\u00e9viter des pol\u00e9miques inutiles. Apr\u00e8s l\u2019embrouille <a target=\"_blank\" href=\"https:\/\/www.sofoot.com\/articles\/blessure-dousmane-dembele-le-psg-a-t-il-raison-detre-en-colere-contre-le-staff-de-lequipe-de-france\" rel=\"nofollow noopener\">PSG-\u00e9quipe de France en septembre autour d\u2019Ousmane Demb\u00e9l\u00e9<\/a> et de D\u00e9sir\u00e9 Dou\u00e9, c\u2019est en Espagne que se poursuit le feuilleton du \u00ab\u00a0on n\u2019a pas \u00e9t\u00e9 tenu au courant par l\u2019autre que le joueur avait des probl\u00e8mes\u00a0\u00bb. Et au c\u0153ur des tensions, l\u2019in\u00e9vitable Lamine Yamal, encore lui.<\/p>\n<p>Entre confiance rompue et communication d\u00e9faillante<\/p>\n<p>Le malaise s\u2019est install\u00e9 peu \u00e0 peu, jusqu\u2019\u00e0 devenir public. \u00c0 chaque convocation de Lamine Yamal cette saison en s\u00e9lection, un incident est venu alimenter la m\u00e9fiance. Apr\u00e8s la tr\u00eave de septembre, le Bar\u00e7a accusait la s\u00e9lection de ne pas prendre suffisamment en compte l\u2019\u00e9tat physique de son jeune ailier, revenu bless\u00e9. \u00ab\u202fL\u2019Espagne a les meilleurs joueurs au monde \u00e0 tous les postes et la meilleure s\u00e9lection, mais ne pas prendre soin de ses joueurs n\u2019est pas la bonne attitude. Je suis tr\u00e8s d\u00e9\u00e7u\u00a0\u00bb, avait <a target=\"_blank\" href=\"https:\/\/www.sofoot.com\/breves\/hansi-flick-et-le-barca-allument-lequipe-despagne-sur-la-gestion-de-lamine-yamal\" rel=\"nofollow noopener\">d\u00e9clar\u00e9 Hansi Flick<\/a>, coach du FC Barcelone.<\/p>\n<p>Malgr\u00e9 un d\u00e9menti de la RFEF, le climat de suspicion s\u2019est aggrav\u00e9. D\u2019abord en octobre, lorsque le joueur de 18 ans a \u00e9t\u00e9 <a target=\"_blank\" href=\"https:\/\/www.sofoot.com\/breves\/espagne-lamine-yamal-bien-present-dans-la-liste-de-luis-de-la-fuente-fabian-ruiz-et-alvaro-morata-absents\" rel=\"nofollow noopener\">convoqu\u00e9 en s\u00e9lection<\/a> avant de <a target=\"_blank\" href=\"https:\/\/www.sofoot.com\/breves\/lamine-yamal-est-forfait-pour-la-treve\" rel=\"nofollow noopener\">d\u00e9clarer forfait<\/a> quelques heures plus tard, toujours pour ses probl\u00e8mes de pubalgie qui le g\u00eanent depuis quelques mois. Et encore ce lundi, quand la F\u00e9d\u00e9ration a d\u00e9nonc\u00e9 une \u00ab\u00a0proc\u00e9dure invasive de radiofr\u00e9quence\u00a0\u00bb subie par Yamal \u00ab\u00a0sans communication pr\u00e9alable\u00a0\u00bb de la part du Bar\u00e7a. \u00ab\u00a0Les services m\u00e9dicaux de la F\u00e9d\u00e9ration expriment leur surprise et leur pr\u00e9occupation\u00a0\u00bb, indique le communiqu\u00e9 de la RFEF.<\/p>\n<p>Cette s\u00e9quence met en lumi\u00e8re <a target=\"_blank\" href=\"https:\/\/www.sofoot.com\/breves\/le-torchon-brule-encore-entre-lespagne-et-le-barca-au-sujet-de-lamine-yamal\" rel=\"nofollow noopener\">le manque criant de coordination entre les deux camps<\/a>. Les m\u00e9decins du Bar\u00e7a estiment agir dans l\u2019int\u00e9r\u00eat du joueur ; ceux de la Roja affirment que l\u2019absence de transparence du club met en danger le suivi m\u00e9dical f\u00e9d\u00e9ral. Et au milieu, un adolescent au potentiel hors norme, somm\u00e9 de jongler entre ses obligations nationales et une r\u00e9cup\u00e9ration incompl\u00e8te.<\/p>\n<p>Le symbole d\u2019une fracture plus large<\/p>\n<p>Le cas Yamal peut \u00eatre vu comme l\u2019exemple le plus criant de ce foss\u00e9 structurel entre les clubs et les s\u00e9lections. Apr\u00e8s l\u2019\u00e9pisode Demb\u00e9l\u00e9-Dou\u00e9 connu en France, on pouvait penser que la hache de guerre allait \u00eatre enterr\u00e9e. C\u00f4t\u00e9 PSG, <a target=\"_blank\" href=\"https:\/\/www.sofoot.com\/breves\/joao-neves-libere-par-le-portugal-pour-la-treve-internationale\" rel=\"nofollow noopener\">Jo\u00e3o Neves<\/a> et Senny Mayulu n\u2019avaient pas \u00e9t\u00e9 convoqu\u00e9s lors de la tr\u00eave d\u2019octobre, tout comme Fabian Ruiz en s\u00e9lection espagnole. Mais force est de constater que l\u2019exemple PSG est loin d\u2019\u00eatre le pire. Sur le cas Yamal, le Bar\u00e7a souhaite ma\u00eetriser chaque d\u00e9tail de sa pr\u00e9paration, conscient de l\u2019\u00e9tat physique de son joyau. La s\u00e9lection espagnole, elle, revendique son droit d\u2019utiliser l\u2019un de ses meilleurs talents pour les \u00e9ch\u00e9ances internationales.<\/p>\n<blockquote>\n<p>Nous voulons am\u00e9liorer la communication avec la F\u00e9d\u00e9ration pour \u00e9viter un autre cas Lamine Yamal.<\/p>\n<\/blockquote>\n<p>Deco<\/p>\n<p>Ce duel d\u2019int\u00e9r\u00eats prend des allures de conflit de gouvernance. D\u2019un c\u00f4t\u00e9, un club qui investit des millions dans la formation et la pr\u00e9vention des blessures ; de l\u2019autre, une f\u00e9d\u00e9ration qui revendique le prestige national et la continuit\u00e9 du projet collectif. \u00ab\u00a0C\u2019est une guerre dont personne ne sort gagnant\u00a0\u00bb, r\u00e9sumait r\u00e9cemment la Cadena SER. Le FC Barcelone a d\u00e9j\u00e0 tent\u00e9 d\u2019apaiser le climat, sans grand succ\u00e8s. \u00ab\u00a0Nous voulons am\u00e9liorer la communication avec la F\u00e9d\u00e9ration pour \u00e9viter un autre cas Lamine Yamal\u00a0\u00bb, d\u00e9clarait Deco, directeur sportif du club catalan, d\u00e9but octobre. Mais derri\u00e8re les formules diplomatiques, la m\u00e9fiance demeure. Et avec un calendrier international toujours plus dense, la situation du jeune ailier catalan risque de devenir un pr\u00e9c\u00e9dent.<\/p>\n<p>Dans un football surcharg\u00e9 de matchs et de comp\u00e9titions, o\u00f9 de plus en plus de joueurs prennent la parole pour d\u00e9noncer leur \u00e9tat physique, la question de la refonte du football de s\u00e9lection se pose. Les clubs semblent prendre le pas sur les \u00e9quipes nationales, <a target=\"_blank\" href=\"https:\/\/www.sofoot.com\/articles\/coupe-du-monde-des-clubs-malgre-le-bilan-dithyrambique-de-la-fifa-les-bons-comptes-ne-font-pas-forcement-les-bons-tournois\" rel=\"nofollow noopener\">s\u2019invitant \u00e0 des nouvelles comp\u00e9titions<\/a> et <a target=\"_blank\" href=\"https:\/\/www.sofoot.com\/breves\/la-federation-italienne-de-football-a-valide-la-tenue-du-match-de-serie-a-entre-milan-et-come-en-australie\" rel=\"nofollow noopener\">organisant des rencontres sur d\u2019autres continents.<\/a> De l\u2019autre c\u00f4t\u00e9, la FIFA a annonc\u00e9 <a target=\"_blank\" href=\"https:\/\/www.sofoot.com\/breves\/une-treve-internationale-plus-longue-plutot-que-deux-a-lautomne-2026\" rel=\"nofollow noopener\">la fusion des tr\u00eaves de septembre et d\u2019octobre en une longue tr\u00eave automnale de trois semaines<\/a> \u00e0 partir de la saison 2026-2027. Pas s\u00fbr que \u00e7a aide \u00e0 apaiser les tensions.<\/p>\n<p>\t\t\t\t\t\t\t\t\t\t<a class=\"lien-connexe\" href=\"https:\/\/www.sofoot.com\/breves\/le-torchon-brule-encore-entre-lespagne-et-le-barca-au-sujet-de-lamine-yamal\" rel=\"nofollow noopener\" target=\"_blank\">Le torchon br\u00fble encore entre l\u2019Espagne et le Bar\u00e7a au sujet de Lamine Yamal<\/a>\t\t\t\t\t<\/p>\n","protected":false},"excerpt":{"rendered":"Communication : n.f.\u00a0processus fondamental par lequel les individus et les entit\u00e9s \u00e9changent des informations. Les dirigeants de club&hellip;\n","protected":false},"author":2,"featured_media":529340,"comment_status":"","ping_status":"","sticky":false,"template":"","format":"standard","meta":{"footnotes":""},"categories":[2],"tags":[47,11,61,69,65,64,63,1011,27,68,66,12,62,70,25,67],"class_list":{"0":"post-529339","1":"post","2":"type-post","3":"status-publish","4":"format-standard","5":"has-post-thumbnail","7":"category-actualites","8":"tag-actualite","9":"tag-actualites","10":"tag-actus-football","11":"tag-bundesliga","12":"tag-championnats-europeens","13":"tag-equipe-de-france","14":"tag-football","15":"tag-fr","16":"tag-france","17":"tag-ligua","18":"tag-ligue-1","19":"tag-news","20":"tag-news-foot","21":"tag-premier-league","22":"tag-republique-francaise","23":"tag-serie-a"},"share_on_mastodon":{"url":"https:\/\/pubeurope.com\/@fr\/115537635217829598","error":""},"_links":{"self":[{"href":"https:\/\/www.europesays.com\/fr\/wp-json\/wp\/v2\/posts\/529339","targetHints":{"allow":["GET"]}}],"collection":[{"href":"https:\/\/www.europesays.com\/fr\/wp-json\/wp\/v2\/posts"}],"about":[{"href":"https:\/\/www.europesays.com\/fr\/wp-json\/wp\/v2\/types\/post"}],"author":[{"embeddable":true,"href":"https:\/\/www.europesays.com\/fr\/wp-json\/wp\/v2\/users\/2"}],"replies":[{"embeddable":true,"href":"https:\/\/www.europesays.com\/fr\/wp-json\/wp\/v2\/comments?post=529339"}],"version-history":[{"count":0,"href":"https:\/\/www.europesays.com\/fr\/wp-json\/wp\/v2\/posts\/529339\/revisions"}],"wp:featuredmedia":[{"embeddable":true,"href":"https:\/\/www.europesays.com\/fr\/wp-json\/wp\/v2\/media\/529340"}],"wp:attachment":[{"href":"https:\/\/www.europesays.com\/fr\/wp-json\/wp\/v2\/media?parent=529339"}],"wp:term":[{"taxonomy":"category","embeddable":true,"href":"https:\/\/www.europesays.com\/fr\/wp-json\/wp\/v2\/categories?post=529339"},{"taxonomy":"post_tag","embeddable":true,"href":"https:\/\/www.europesays.com\/fr\/wp-json\/wp\/v2\/tags?post=529339"}],"curies":[{"name":"wp","href":"https:\/\/api.w.org\/{rel}","templated":true}]}}