{"id":529345,"date":"2025-11-12T16:22:15","date_gmt":"2025-11-12T16:22:15","guid":{"rendered":"https:\/\/www.europesays.com\/fr\/529345\/"},"modified":"2025-11-12T16:22:15","modified_gmt":"2025-11-12T16:22:15","slug":"transferts-top-14-le-springbok-jean-kleyn-dans-le-viseur-de-deux-clubs-francais","status":"publish","type":"post","link":"https:\/\/www.europesays.com\/fr\/529345\/","title":{"rendered":"Transferts \/ Top 14 \u2013 Le Springbok Jean Kleyn dans le viseur de deux clubs fran\u00e7ais\u00a0?"},"content":{"rendered":"<p>\n                Le deuxi\u00e8me ligne Jean Kleyn pourrait quitter le Munster. Il serait suivi par deux formations \u00e9voluant en Top 14.\n            <\/p>\n<p><strong><a href=\"https:\/\/www.rugbyrama.fr\/2025\/11\/05\/infographie-tournee-dautomne-2025-ou-jouent-les-joueurs-de-lafrique-du-sud-qui-vont-defier-la-france-13032498.php\" target=\"_self\" rel=\"nofollow noopener\">Aucun joueur de l\u2019effectif actuel des Springboks n\u2019\u00e9volue\u00a0dans le championnat fran\u00e7ais.<\/a><\/strong> Est-ce que cela pourrait changer\u00a0? Selon le journaliste irlandais\u00a0Caol\u00e0n Scully, travaillant notamment pour RT\u00c9 Sport, le deuxi\u00e8me ligne Jean Kleyn (32 ans) serait dans le viseur de deux formations de Top 14. <strong><a href=\"https:\/\/www.rugbyrama.fr\/2023\/11\/28\/transferts-united-rugby-championship-jean-kleyn-prolonge-au-munster-rg-snyman-quittera-le-club-en-fin-de-saison-11607547.php\" target=\"_self\" rel=\"nofollow noopener\">Son contrat court jusqu\u2019\u00e0 la fin de la saison. <\/a><\/strong>Selon notre confr\u00e8re, si le joueur venait \u00e0 quitter son club actuel du Munster, le Stade toulousain et l\u2019Union Bordeaux-B\u00e8gles seraient sur les rangs pour l\u2019accueillir. Le vainqueur de l\u2019URC am\u00e8nerait son exp\u00e9rience et son gabarit (2m03 pour 123kg).<\/p>\n<blockquote data-class=\"twitter-tweet\">\n<p lang=\"en\" dir=\"ltr\">EXCLUSIVE \\ud83d\\udea8<\/p>\n<p>It is believed that Munster lock Jean Kleyn could be set to depart the province at the end of the season.<\/p>\n<p>France is the most likely destination should he set sail, with European heavyweights UBB and Toulouse among those vying for the 32-year-olds signature <a href=\"https:\/\/t.co\/qseopw94Qk\" rel=\"nofollow\">pic.twitter.com\/qseopw94Qk<\/a><\/p>\n<p>\u2014 Caol\u00e1n Scully (@Caolan_Scully) <a href=\"https:\/\/twitter.com\/Caolan_Scully\/status\/1988527182298153085?ref_src=twsrc%5Etfw\" rel=\"nofollow noopener\" target=\"_blank\">November 12, 2025<\/a><\/p><\/blockquote>\n<p>Cette saison, avec sa province, il a disput\u00e9 cinq matchs, dont quatre comme titulaire. Champion du monde en 2023, il a une histoire singuli\u00e8re avec sa s\u00e9lection. Sud-Africain de naissance, le joueur form\u00e9 aux Stormers a rejoint Limerick en 2016. Ses ann\u00e9es pass\u00e9es en Irlande et son absence de cape avec son pays natal lui ont permis <strong><a href=\"https:\/\/www.rugbyrama.fr\/2019\/09\/20\/jean-kleyn-lhomme-qui-a-fait-chuter-un-geant,8424796.php\" target=\"_self\" rel=\"nofollow noopener\">d\u2019\u00eatre naturalis\u00e9 et de jouer la Coupe du monde avec le XV du Tr\u00e8fle en 2019<\/a><\/strong>. Boud\u00e9 ensuite par le s\u00e9lectionneur Andy Farrell et pas appel\u00e9 pendant trois ans avec l\u2019Irlande, il a \u00e0 nouveau chang\u00e9 de nationalit\u00e9 sportive en 2023 pour\u2026 \u00e9voluer avec l\u2019Afrique du Sud.<\/p>\n<p>                    <script async src=\"https:\/\/platform.twitter.com\/widgets.js\" charset=\"utf-8\"><\/script><\/p>\n","protected":false},"excerpt":{"rendered":"Le deuxi\u00e8me ligne Jean Kleyn pourrait quitter le Munster. Il serait suivi par deux formations \u00e9voluant en Top&hellip;\n","protected":false},"author":2,"featured_media":529346,"comment_status":"","ping_status":"","sticky":false,"template":"","format":"standard","meta":{"footnotes":""},"categories":[1416],"tags":[1011,27,479,1468,60],"class_list":{"0":"post-529345","1":"post","2":"type-post","3":"status-publish","4":"format-standard","5":"has-post-thumbnail","7":"category-rugby","8":"tag-fr","9":"tag-france","10":"tag-rugby","11":"tag-rugby-football","12":"tag-sports"},"share_on_mastodon":{"url":"https:\/\/pubeurope.com\/@fr\/115537651006569336","error":""},"_links":{"self":[{"href":"https:\/\/www.europesays.com\/fr\/wp-json\/wp\/v2\/posts\/529345","targetHints":{"allow":["GET"]}}],"collection":[{"href":"https:\/\/www.europesays.com\/fr\/wp-json\/wp\/v2\/posts"}],"about":[{"href":"https:\/\/www.europesays.com\/fr\/wp-json\/wp\/v2\/types\/post"}],"author":[{"embeddable":true,"href":"https:\/\/www.europesays.com\/fr\/wp-json\/wp\/v2\/users\/2"}],"replies":[{"embeddable":true,"href":"https:\/\/www.europesays.com\/fr\/wp-json\/wp\/v2\/comments?post=529345"}],"version-history":[{"count":0,"href":"https:\/\/www.europesays.com\/fr\/wp-json\/wp\/v2\/posts\/529345\/revisions"}],"wp:featuredmedia":[{"embeddable":true,"href":"https:\/\/www.europesays.com\/fr\/wp-json\/wp\/v2\/media\/529346"}],"wp:attachment":[{"href":"https:\/\/www.europesays.com\/fr\/wp-json\/wp\/v2\/media?parent=529345"}],"wp:term":[{"taxonomy":"category","embeddable":true,"href":"https:\/\/www.europesays.com\/fr\/wp-json\/wp\/v2\/categories?post=529345"},{"taxonomy":"post_tag","embeddable":true,"href":"https:\/\/www.europesays.com\/fr\/wp-json\/wp\/v2\/tags?post=529345"}],"curies":[{"name":"wp","href":"https:\/\/api.w.org\/{rel}","templated":true}]}}