{"id":529347,"date":"2025-11-12T16:23:13","date_gmt":"2025-11-12T16:23:13","guid":{"rendered":"https:\/\/www.europesays.com\/fr\/529347\/"},"modified":"2025-11-12T16:23:13","modified_gmt":"2025-11-12T16:23:13","slug":"resultat-et-resume-ben-shelton-felix-auger-aliassime-lequipe","status":"publish","type":"post","link":"https:\/\/www.europesays.com\/fr\/529347\/","title":{"rendered":"R\u00e9sultat et r\u00e9sum\u00e9 : Ben Shelton &#8211; F\u00e9lix Auger-Aliassime &#8211; L&#039;\u00c9quipe"},"content":{"rendered":"<ol>\n<li><a href=\"https:\/\/news.google.com\/rss\/articles\/CBMi1AFBVV95cUxPRHJxb3FuTEZQWmhaa3hBcWdoQWs3S3UtenJicEN4elQ3VGJBNmJVVkpHRlcyQ0JraGxJN19QdndmZUs2SFlYdXZqNWU0a3BlRjNaVkRnN1J6aGVYMXJiUDU3NEloYXFLY3VZREdPWkVsa1Q4aGg3YlFueldudC1wbXBQM3lXSncyTVNIMW5nYmFiTkp5WFBnOWdQdXFLWm1yMVNCNEVYa1IzUnR4U0YwVm1hNk9aUzFpRU1JcXpHN2lBXy1JaXhwcHZ4aXZVTjdIODNUeA?oc=5\" target=\"_blank\" rel=\"nofollow noopener\">R\u00e9sultat et r\u00e9sum\u00e9 : Ben Shelton &#8211; F\u00e9lix Auger-Aliassime<\/a>&nbsp;&nbsp;L&rsquo;\u00c9quipe<\/li>\n<li><a href=\"https:\/\/news.google.com\/rss\/articles\/CBMioAFBVV95cUxPS1BTc0JLMWVKRnJTV3AwMTZKRzQxbU9TQUxXY2xjSkd1WGpCT284Q3VDWlprV3BNRXdrd2pQNldKQ2NrdFVSTGQ3TEloOXo2T0p2UllLUE1qRkk0dE1UeV9ja21GRllnRzV0V3VIRFRFc013TGc3eW9HNkZldkRKVFFORVg4bzZtQWZ4VE54cThLZFFleFd2R3FhcFZQdkhN?oc=5\" target=\"_blank\" rel=\"nofollow noopener\">Tennis. Masters ATP : Felix Auger-Aliassime se rapproche du dernier carr\u00e9<\/a>&nbsp;&nbsp;DNA &#8211; Les Derni\u00e8res Nouvelles d&rsquo;Alsace<\/li>\n<li><a href=\"https:\/\/news.google.com\/rss\/articles\/CBMijAJBVV95cUxQT0pfNHVjZmFsWjY0Q1ZIemJxWGs0cDNYdHlxM1NVck5SZnJINUViREphOTZEVWdCbVU0Z2ZSOEFkczE1QVdpaExlWHpkaTdhanh1V0VENzhMcnlQR3ppY2ZBQ1VJbUFIWFEza25BUm9rbE42T2dhRkZuQnhXbF9MWHFGb0pkSkk5dWRhMGVHU0dBMUxtYmdmZE5YaTNJOFlXOEN0QmFnNnZVeWdMeVYwWTdjaVp4TWNsZjhMbThzSF81UDFIQVRCRlBhUDNTMlNHakRHZ2pHam1RZTBxMzRBS0xadXphQzRyYzBFZlRCZUNZaEZOclNKREZKMjVrc3c0b0tLUDRWZkg3alNV?oc=5\" target=\"_blank\" rel=\"nofollow noopener\">Un gros bras de fer et Auger-Aliassime se relance<\/a>&nbsp;&nbsp;Eurosport<\/li>\n<li><a href=\"https:\/\/news.google.com\/rss\/articles\/CBMingFBVV95cUxNLUZ1WEhkY0c1TExXb093OTg1S0doc3FvVUhDenMtLV9KMkNCYXFFazY5WVFXZ0R2RC1MZGtFNnBVTTlGbkxYYkpJZTNLNUtXamZDX1Z0d0dvcU9aS1h2WHM2LU5jRmZlaXR6X0tmOVIzWWpoS2liN2l5Yjl0dVl5NF8xYVJSRF9RZXFZWThiX0t5MHNtbVFMOXdyc3dOQQ?oc=5\" target=\"_blank\" rel=\"nofollow noopener\">ATP Finals : apr\u00e8s sa d\u00e9faite contre Sinner, Auger-Aliassime se relance contre Shelton<\/a>&nbsp;&nbsp;Le Figaro<\/li>\n<li><a href=\"https:\/\/news.google.com\/rss\/articles\/CBMi8gFBVV95cUxOOHNSbHBkTUZVak1ONy0xTlhNQ2Q2SkU2UW11QmN1V2VEOHZxaWdoUWdQTWE0RGVhRWtYaGo3ZWJRQjctdV8xZlo0bG8zcUw2NW81RkZfQ0Rsd0FjTDY0bHZYYW5oUEM3RjFKZmVZU3NmcGUtTUU2MEtpbDc2eVgzY2RDaHBDSjBlX2F3al9ZSnpMMi0tb3pfMGtydERfYW1ocVllRWpnT3pRNzNYUFFKYkIyN0k0MExtc0M2SVBQenl6cWlJSWZaaXpzb0QxeTQydm1OTVdXaE45V1hYbkdZV2c3SkJiUGhXX0FhQ0pWV1hTUQ?oc=5\" target=\"_blank\" rel=\"nofollow noopener\">F\u00e9lix Auger-Aliassime s&rsquo;impose face \u00e0 Ben Shelton et se relance dans la course au dernier carr\u00e9 aux Finales ATP<\/a>&nbsp;&nbsp;L&rsquo;\u00c9quipe<\/li>\n<\/ol>\n","protected":false},"excerpt":{"rendered":"R\u00e9sultat et r\u00e9sum\u00e9 : Ben Shelton &#8211; F\u00e9lix Auger-Aliassime&nbsp;&nbsp;L&rsquo;\u00c9quipe Tennis. Masters ATP : Felix Auger-Aliassime se rapproche du&hellip;\n","protected":false},"author":2,"featured_media":505009,"comment_status":"","ping_status":"","sticky":false,"template":"","format":"standard","meta":{"footnotes":""},"categories":[1415],"tags":[1011,27,60,1467],"class_list":{"0":"post-529347","1":"post","2":"type-post","3":"status-publish","4":"format-standard","5":"has-post-thumbnail","7":"category-tennis","8":"tag-fr","9":"tag-france","10":"tag-sports","11":"tag-tennis"},"share_on_mastodon":{"url":"https:\/\/pubeurope.com\/@fr\/115537654840508373","error":""},"_links":{"self":[{"href":"https:\/\/www.europesays.com\/fr\/wp-json\/wp\/v2\/posts\/529347","targetHints":{"allow":["GET"]}}],"collection":[{"href":"https:\/\/www.europesays.com\/fr\/wp-json\/wp\/v2\/posts"}],"about":[{"href":"https:\/\/www.europesays.com\/fr\/wp-json\/wp\/v2\/types\/post"}],"author":[{"embeddable":true,"href":"https:\/\/www.europesays.com\/fr\/wp-json\/wp\/v2\/users\/2"}],"replies":[{"embeddable":true,"href":"https:\/\/www.europesays.com\/fr\/wp-json\/wp\/v2\/comments?post=529347"}],"version-history":[{"count":0,"href":"https:\/\/www.europesays.com\/fr\/wp-json\/wp\/v2\/posts\/529347\/revisions"}],"wp:featuredmedia":[{"embeddable":true,"href":"https:\/\/www.europesays.com\/fr\/wp-json\/wp\/v2\/media\/505009"}],"wp:attachment":[{"href":"https:\/\/www.europesays.com\/fr\/wp-json\/wp\/v2\/media?parent=529347"}],"wp:term":[{"taxonomy":"category","embeddable":true,"href":"https:\/\/www.europesays.com\/fr\/wp-json\/wp\/v2\/categories?post=529347"},{"taxonomy":"post_tag","embeddable":true,"href":"https:\/\/www.europesays.com\/fr\/wp-json\/wp\/v2\/tags?post=529347"}],"curies":[{"name":"wp","href":"https:\/\/api.w.org\/{rel}","templated":true}]}}