{"id":529348,"date":"2025-11-12T16:27:12","date_gmt":"2025-11-12T16:27:12","guid":{"rendered":"https:\/\/www.europesays.com\/fr\/529348\/"},"modified":"2025-11-12T16:27:12","modified_gmt":"2025-11-12T16:27:12","slug":"juan-felipe-rodriguez-signe-dans-la-reserve-dune-worldteam-actualite","status":"publish","type":"post","link":"https:\/\/www.europesays.com\/fr\/529348\/","title":{"rendered":"Juan Felipe Rodriguez signe dans la r\u00e9serve d\u2019une WorldTeam &#8211; Actualit\u00e9"},"content":{"rendered":"<p style=\"text-align: justify;\">Le Colombien Juan Felipe Rodriguez est fix\u00e9 sur son avenir. Le coureur de 22 ans s\u2019est engag\u00e9 avec EF Education-Aevolo, la Continentale d\u2019EF Education-EasyPost Il d\u00e9fendait cette saison les couleurs du Team Sistecr\u00e9dito.<\/p>\n<p>Cette ann\u00e9e, Juan Felipe Rodriguez a remport\u00e9 l\u2019\u00e9tape du Pla de Soulcem lors de la Ronde de l\u2019Isard (2.2U). Il avait ensuite fini 3e du classement g\u00e9n\u00e9ral, derri\u00e8re Jarno Widar et Liam O\u2019Brien.<\/p>\n<p>Il a \u00e9galement pris la 6e place du Championnat de Colombie Espoirs et la 16e de l\u2019Andorra Morabanc Classica (1.1). Pr\u00e9sent sur le Tour de l\u2019Avenir, il a fini 14e de l\u2019\u00e9tape de Tignes et 15e du prologue en bosse.<\/p>\n<p>Retrouvez tous les transferts\u00a0de l&rsquo;intersaison\u00a0<strong><a href=\"https:\/\/www.directvelo.com\/mutations\/2026#pro-conti\" target=\"_blank\" rel=\"noopener\">en cliquant ici<\/a><\/strong>.<\/p>\n","protected":false},"excerpt":{"rendered":"Le Colombien Juan Felipe Rodriguez est fix\u00e9 sur son avenir. Le coureur de 22 ans s\u2019est engag\u00e9 avec&hellip;\n","protected":false},"author":2,"featured_media":529349,"comment_status":"","ping_status":"","sticky":false,"template":"","format":"standard","meta":{"footnotes":""},"categories":[1411],"tags":[834,828,836,829,837,827,83,826,824,823,1154,207,814,817,815,816,822,821,832,211,839,1011,27,820,818,819,835,831,830,833,838,60,212,208,825],"class_list":{"0":"post-529348","1":"post","2":"type-post","3":"status-publish","4":"format-standard","5":"has-post-thumbnail","7":"category-cyclisme","8":"tag-attaque","9":"tag-belgique","10":"tag-braquet","11":"tag-bretagne","12":"tag-chute","13":"tag-competition","14":"tag-coupe-de-france","15":"tag-coureur","16":"tag-course-cyclisme","17":"tag-course-cycliste","18":"tag-cycling","19":"tag-cyclisme","20":"tag-direct","21":"tag-direct-velo","22":"tag-directvelo","23":"tag-directvelo-com","24":"tag-epreuve","25":"tag-epreuve-cycliste","26":"tag-federation-francaise-de-cyclisme","27":"tag-ffc","28":"tag-flandres","29":"tag-fr","30":"tag-france","31":"tag-live","32":"tag-live-course","33":"tag-live-epreuve","34":"tag-peloton","35":"tag-radio-peloton","36":"tag-radio-tour","37":"tag-ravitaillement","38":"tag-relance","39":"tag-sports","40":"tag-uci","41":"tag-velo","42":"tag-velos"},"share_on_mastodon":{"url":"https:\/\/pubeurope.com\/@fr\/115537670804950446","error":""},"_links":{"self":[{"href":"https:\/\/www.europesays.com\/fr\/wp-json\/wp\/v2\/posts\/529348","targetHints":{"allow":["GET"]}}],"collection":[{"href":"https:\/\/www.europesays.com\/fr\/wp-json\/wp\/v2\/posts"}],"about":[{"href":"https:\/\/www.europesays.com\/fr\/wp-json\/wp\/v2\/types\/post"}],"author":[{"embeddable":true,"href":"https:\/\/www.europesays.com\/fr\/wp-json\/wp\/v2\/users\/2"}],"replies":[{"embeddable":true,"href":"https:\/\/www.europesays.com\/fr\/wp-json\/wp\/v2\/comments?post=529348"}],"version-history":[{"count":0,"href":"https:\/\/www.europesays.com\/fr\/wp-json\/wp\/v2\/posts\/529348\/revisions"}],"wp:featuredmedia":[{"embeddable":true,"href":"https:\/\/www.europesays.com\/fr\/wp-json\/wp\/v2\/media\/529349"}],"wp:attachment":[{"href":"https:\/\/www.europesays.com\/fr\/wp-json\/wp\/v2\/media?parent=529348"}],"wp:term":[{"taxonomy":"category","embeddable":true,"href":"https:\/\/www.europesays.com\/fr\/wp-json\/wp\/v2\/categories?post=529348"},{"taxonomy":"post_tag","embeddable":true,"href":"https:\/\/www.europesays.com\/fr\/wp-json\/wp\/v2\/tags?post=529348"}],"curies":[{"name":"wp","href":"https:\/\/api.w.org\/{rel}","templated":true}]}}