{"id":52935,"date":"2025-04-25T23:20:08","date_gmt":"2025-04-25T23:20:08","guid":{"rendered":"https:\/\/www.europesays.com\/fr\/52935\/"},"modified":"2025-04-25T23:20:08","modified_gmt":"2025-04-25T23:20:08","slug":"previsions-du-samedi-26-avril-2025-4","status":"publish","type":"post","link":"https:\/\/www.europesays.com\/fr\/52935\/","title":{"rendered":"pr\u00e9visions du samedi 26 avril 2025"},"content":{"rendered":"<p>Aujourd&rsquo;hui, encore des nuages dans le ciel qui emp\u00eachent le soleil d&rsquo;appara\u00eetre \u00e0 Nantes. On anticipe des temp\u00e9ratures avoisinant 13\u00b0C. De la bruine est pr\u00e9vue dans la matin\u00e9e. Les maximales iront jusqu&rsquo;\u00e0 13\u00b0C et les minimales seront de 10\u00b0C. Un vent de nord rafra\u00eechira quelque peu l&rsquo;atmosph\u00e8re. Des averses sont pr\u00e9vues l&rsquo;apr\u00e8s-midi, et peuvent perturber les promenades. Les valeurs s&rsquo;\u00e9chelonneront de 14 \u00e0 15\u00b0C. Le soir, la m\u00e9t\u00e9o sera marqu\u00e9e par des pluies \u00e9parses. Les temp\u00e9ratures tourneront autour des 13\u00b0C. Un ciel l\u00e9g\u00e8rement voil\u00e9 est pr\u00e9vu dans la nuit reliant samedi et dimanche.<\/p>\n<p>Pour Nantes, un temps plus chaud est attendu demain \u00e9tant donn\u00e9 que les temp\u00e9ratures vont enregistrer une hausse. Le thermom\u00e8tre affichera 14\u00b0C en moyenne. Une modeste brise de nord-est sera ressentie par les habitants. Le soleil sera au rendez-vous : une magnifique matin\u00e9e se pr\u00e9sente ! Les temp\u00e9ratures afficheront entre 9 et 18\u00b0C. On pr\u00e9voit des \u00e9claircies pour cet apr\u00e8s-midi. Les temp\u00e9ratures vont conna\u00eetre une augmentation de plusieurs degr\u00e9s. Les valeurs seront comprises entre 18\u00b0C et 20\u00b0C. Demain soir, du mauvais temps est \u00e0 pr\u00e9voir. Des pluies \u00e9parses vont tomber. Les temp\u00e9ratures s&rsquo;\u00e9chelonneront entre 13 et 17\u00b0C.<\/p>\n<p>Peu d&rsquo;\u00e9volutions pour la suite. Il fera 16\u00b0C en moyenne pour des journ\u00e9es avec une m\u00e9t\u00e9o ensoleill\u00e9e.<\/p>\n<p><\/p>\n","protected":false},"excerpt":{"rendered":"Aujourd&rsquo;hui, encore des nuages dans le ciel qui emp\u00eachent le soleil d&rsquo;appara\u00eetre \u00e0 Nantes. On anticipe des temp\u00e9ratures&hellip;\n","protected":false},"author":2,"featured_media":52936,"comment_status":"","ping_status":"","sticky":false,"template":"","format":"standard","meta":{"footnotes":""},"categories":[2818],"tags":[1111,11,1777,674,1011,27,3047,766,12,2636,2119,25],"class_list":{"0":"post-52935","1":"post","2":"type-post","3":"status-publish","4":"format-standard","5":"has-post-thumbnail","7":"category-nantes","8":"tag-actu","9":"tag-actualites","10":"tag-eu","11":"tag-europe","12":"tag-fr","13":"tag-france","14":"tag-loire-atlantique","15":"tag-nantes","16":"tag-news","17":"tag-pays-de-la-loire","18":"tag-previsions-meteo","19":"tag-republique-francaise"},"share_on_mastodon":{"url":"https:\/\/pubeurope.com\/@fr\/114401170094091453","error":""},"_links":{"self":[{"href":"https:\/\/www.europesays.com\/fr\/wp-json\/wp\/v2\/posts\/52935","targetHints":{"allow":["GET"]}}],"collection":[{"href":"https:\/\/www.europesays.com\/fr\/wp-json\/wp\/v2\/posts"}],"about":[{"href":"https:\/\/www.europesays.com\/fr\/wp-json\/wp\/v2\/types\/post"}],"author":[{"embeddable":true,"href":"https:\/\/www.europesays.com\/fr\/wp-json\/wp\/v2\/users\/2"}],"replies":[{"embeddable":true,"href":"https:\/\/www.europesays.com\/fr\/wp-json\/wp\/v2\/comments?post=52935"}],"version-history":[{"count":0,"href":"https:\/\/www.europesays.com\/fr\/wp-json\/wp\/v2\/posts\/52935\/revisions"}],"wp:featuredmedia":[{"embeddable":true,"href":"https:\/\/www.europesays.com\/fr\/wp-json\/wp\/v2\/media\/52936"}],"wp:attachment":[{"href":"https:\/\/www.europesays.com\/fr\/wp-json\/wp\/v2\/media?parent=52935"}],"wp:term":[{"taxonomy":"category","embeddable":true,"href":"https:\/\/www.europesays.com\/fr\/wp-json\/wp\/v2\/categories?post=52935"},{"taxonomy":"post_tag","embeddable":true,"href":"https:\/\/www.europesays.com\/fr\/wp-json\/wp\/v2\/tags?post=52935"}],"curies":[{"name":"wp","href":"https:\/\/api.w.org\/{rel}","templated":true}]}}