{"id":529359,"date":"2025-11-12T16:34:19","date_gmt":"2025-11-12T16:34:19","guid":{"rendered":"https:\/\/www.europesays.com\/fr\/529359\/"},"modified":"2025-11-12T16:34:19","modified_gmt":"2025-11-12T16:34:19","slug":"24h-apres-sa-sortie-ce-film-de-science-fiction-est-deja-numero-1-sur-netflix-les-spectateurs-sont-accros","status":"publish","type":"post","link":"https:\/\/www.europesays.com\/fr\/529359\/","title":{"rendered":"24h apr\u00e8s sa sortie, ce film de science-fiction est d\u00e9j\u00e0 num\u00e9ro 1 sur Netflix, les spectateurs sont accros"},"content":{"rendered":"<p><strong>Un nouveau film est sorti sur Netflix ce vendredi 7 novembre, et il fait d\u00e9j\u00e0 l\u2019unanimit\u00e9. 24 heures apr\u00e8s sa sortie, il \u00e9tait top 1 dans 81 pays du monde.<\/strong><\/p>\n<p>Netflix sort r\u00e9guli\u00e8rement de nouvelles productions pour que les spectateurs aient toujours quelque chose \u00e0 regarder. C\u2019est le cas de la mini-s\u00e9rie <a href=\"https:\/\/www.demotivateur.fr\/entertainment\/series\/une-tension-folle-cette-mini-serie-true-crime-scotche-les-spectateurs-a-leur-ecran-sur-netlix-45830\" rel=\"nofollow noopener\" target=\"_blank\">\u201cLe Monstre de Florence\u201d<\/a> qui a r\u00e9cemment conquis les spectateurs, ou encore de <a href=\"https:\/\/www.demotivateur.fr\/entertainment\/series\/numero-1-sur-netflix-cette-mini-serie-danoise-thriller-a-l-intrigue-intense-est-le-show-a-ne-pas-louper-cette-semaine-45820\" rel=\"nofollow noopener\" target=\"_blank\">\u201cThe Asset\u201d<\/a>, un programme intense qui rend rapidement accro.<\/p>\n<p>Ce vendredi 7 novembre, un nouveau film est apparu dans le catalogue de Netflix, et il \u00e9tait l\u2019une des productions les plus attendues de cette fin d\u2019ann\u00e9e. Il s\u2019agit de \u201cFrankenstein\u201d, un film de science-fiction r\u00e9alis\u00e9 par Guillermo del Toro qui r\u00e9adapte le c\u00e9l\u00e8bre roman de Mary Shelley, publi\u00e9 en 1918.<\/p>\n<p>Une revisite de Frankenstein<\/p>\n<p>Le r\u00e9alisateur a souhait\u00e9 revisiter ce c\u00e9l\u00e8bre mythe en tournant un drame en deux parties. La premi\u00e8re suit un scientifique obs\u00e9d\u00e9 par la mort de sa m\u00e8re qui d\u00e9cide de cr\u00e9er un monstre pour se venger, tandis que la seconde s\u2019attarde sur cette cr\u00e9ature, \u201cplus empathique que terrifiante\u201d, comme le d\u00e9crit Ozap. C\u00f4t\u00e9 casting, on retrouve Jacob Elordi dans le r\u00f4le principal.<\/p>\n<p><img decoding=\"async\" loading=\"lazy\" fetchpriority=\"low\" src=\"https:\/\/www.europesays.com\/fr\/wp-content\/uploads\/2025\/11\/415-pf-20240617-40675-r-compressed.jpg\" width=\"660\" height=\"371\" alt=\"Les images de \" frankenstein=\"\" caption=\"false\"\/>Cr\u00e9dit photo : Netflix<\/p>\n<p>Ce film tr\u00e8s attendu a d\u00e9j\u00e0 conquis les fans. Seulement 24 heures apr\u00e8s sa sortie, le programme s\u2019est hiss\u00e9 en t\u00eate du classement des contenus les plus visionn\u00e9s sur Netflix. Il est num\u00e9ro 1 dans 81 pays du monde comme en France, aux \u00c9tats-Unis, en Allemagne, au Royaume-Uni ou encore au Br\u00e9sil, selon des chiffres du site sp\u00e9cialis\u00e9 <a href=\"https:\/\/flixpatrol.com\/title\/frankenstein-2025\/\" target=\"_blank\" rel=\"noopener nofollow\">Flixpatrol<\/a>.<\/p>\n<p>Des critiques \u00e9logieuses<\/p>\n<p>Si ce film est le plus vu sur Netflix dans le monde, ce n\u2019est pas pour rien puisque les critiques des spectateurs sont unanimes : ce film est un chef-d\u2019oeuvre et la performance de Jacob Elordi est \u00e0 couper le souffle.<\/p>\n<blockquote><p>&#13;<\/p>\n<p>\u201c\u00c0 voir absolument ! Ce film a tout pour plaire : violence, chagrin, amour, haine et une soif de vengeance d\u00e9vorante, avec une lueur d\u2019espoir \u00e0 la fin. Les performances sont magistrales, notamment celle de l\u2019acteur principal : brute, \u00e9mouvante et inoubliable\u201d, \u201cSans conteste le meilleur film de Frankenstein de tous les temps !\u201d, \u201cCe film est absolument g\u00e9nial, je ne m\u2019y attendais pas. Un v\u00e9ritable ascenseur \u00e9motionnel, bravo\u201d, ont comment\u00e9 les internaute sous un post de Netflix sur <a href=\"https:\/\/x.com\/netflix\/status\/1986886986615914885\" target=\"_blank\" rel=\"noopener nofollow\">X<\/a>.<\/p>\n<p>&#13;\n<\/p><\/blockquote>\n<p>Sans plus attendre, rendez-vous sur Netflix pour d\u00e9couvrir ce nouveau film \u00e0 ne pas manquer !<\/p>\n","protected":false},"excerpt":{"rendered":"Un nouveau film est sorti sur Netflix ce vendredi 7 novembre, et il fait d\u00e9j\u00e0 l\u2019unanimit\u00e9. 24 heures&hellip;\n","protected":false},"author":2,"featured_media":529360,"comment_status":"","ping_status":"","sticky":false,"template":"","format":"standard","meta":{"footnotes":""},"categories":[1354],"tags":[58,59,1346,1011,27,1360],"class_list":{"0":"post-529359","1":"post","2":"type-post","3":"status-publish","4":"format-standard","5":"has-post-thumbnail","7":"category-films","8":"tag-divertissement","9":"tag-entertainment","10":"tag-films","11":"tag-fr","12":"tag-france","13":"tag-movies"},"share_on_mastodon":{"url":"https:\/\/pubeurope.com\/@fr\/115537699303192549","error":""},"_links":{"self":[{"href":"https:\/\/www.europesays.com\/fr\/wp-json\/wp\/v2\/posts\/529359","targetHints":{"allow":["GET"]}}],"collection":[{"href":"https:\/\/www.europesays.com\/fr\/wp-json\/wp\/v2\/posts"}],"about":[{"href":"https:\/\/www.europesays.com\/fr\/wp-json\/wp\/v2\/types\/post"}],"author":[{"embeddable":true,"href":"https:\/\/www.europesays.com\/fr\/wp-json\/wp\/v2\/users\/2"}],"replies":[{"embeddable":true,"href":"https:\/\/www.europesays.com\/fr\/wp-json\/wp\/v2\/comments?post=529359"}],"version-history":[{"count":0,"href":"https:\/\/www.europesays.com\/fr\/wp-json\/wp\/v2\/posts\/529359\/revisions"}],"wp:featuredmedia":[{"embeddable":true,"href":"https:\/\/www.europesays.com\/fr\/wp-json\/wp\/v2\/media\/529360"}],"wp:attachment":[{"href":"https:\/\/www.europesays.com\/fr\/wp-json\/wp\/v2\/media?parent=529359"}],"wp:term":[{"taxonomy":"category","embeddable":true,"href":"https:\/\/www.europesays.com\/fr\/wp-json\/wp\/v2\/categories?post=529359"},{"taxonomy":"post_tag","embeddable":true,"href":"https:\/\/www.europesays.com\/fr\/wp-json\/wp\/v2\/tags?post=529359"}],"curies":[{"name":"wp","href":"https:\/\/api.w.org\/{rel}","templated":true}]}}