{"id":529361,"date":"2025-11-12T16:35:18","date_gmt":"2025-11-12T16:35:18","guid":{"rendered":"https:\/\/www.europesays.com\/fr\/529361\/"},"modified":"2025-11-12T16:35:18","modified_gmt":"2025-11-12T16:35:18","slug":"bronchiolite-un-hiver-a-haut-risque-pour-les-bebes-non-proteges","status":"publish","type":"post","link":"https:\/\/www.europesays.com\/fr\/529361\/","title":{"rendered":"Bronchiolite : un hiver \u00e0 haut risque pour les b\u00e9b\u00e9s non prot\u00e9g\u00e9s"},"content":{"rendered":"<p>             <a href=\"https:\/\/ma-sante.news\/wp-content\/uploads\/2025\/11\/La-bronchiolite-pourquoi-la-moitie-des-nourrissons-ne-sont-toujours-pas-proteges-Ma-Sante.jpg\" data-caption=\"La bronchiolite est provoqu\u00e9e dans la majorit\u00e9 des cas (environ 75 %) par le virus respiratoire syncytial (VRS). \u00a9 Freepik\" target=\"_blank\" rel=\"noopener\"><img loading=\"lazy\" decoding=\"async\" width=\"696\" height=\"464\" class=\"entry-thumb td-modal-image ewww_webp_lazy_load\" src=\"data:image\/svg+xml,%3Csvg%20xmlns=\" http:=\"\" data-lazy- data-lazy- alt=\"Un b\u00e9b\u00e9 hospitalis\u00e9 \u00e0 cause de la bronchiolite car il n'a pas b\u00e9n\u00e9fici\u00e9 du vaccin.\" title=\"La bronchiolite pourquoi la moitie\u0301 des nourrissons ne sont toujours pas prote\u0301ge\u0301s Ma Sante\u0301\" data-lazy-src=\"https:\/\/www.europesays.com\/fr\/wp-content\/uploads\/2025\/11\/La-bronchiolite-pourquoi-la-moitie-des-nourrissons-ne-sont-toujours-pas-proteges-Ma-Sante-696x464.jp.jpeg\" data-lazy-src-webp=\"https:\/\/www.europesays.com\/fr\/wp-content\/uploads\/2025\/11\/La-bronchiolite-pourquoi-la-moitie-des-nourrissons-ne-sont-toujours-pas-proteges-Ma-Sante-696x464.jp.jpeg.webp\" data-lazy-srcset-webp=\"https:\/\/www.europesays.com\/fr\/wp-content\/uploads\/2025\/11\/La-bronchiolite-pourquoi-la-moitie-des-nourrissons-ne-sont-toujours-pas-proteges-Ma-Sante-696x464.jp.jpeg.webp 696w, https:\/\/ma-sante.news\/wp-content\/uploads\/2025\/11\/La-bronchiolite-pourquoi-la-moitie-des-nourrissons-ne-sont-toujours-pas-proteges-Ma-Sante-300x200.jpg.webp 300w, https:\/\/ma-sante.news\/wp-content\/uploads\/2025\/11\/La-bronchiolite-pourquoi-la-moitie-des-nourrissons-ne-sont-toujours-pas-proteges-Ma-Sante-768x512.jpg.webp 768w, https:\/\/ma-sante.news\/wp-content\/uploads\/2025\/11\/La-bronchiolite-pourquoi-la-moitie-des-nourrissons-ne-sont-toujours-pas-proteges-Ma-Sante-630x420.jpg.webp 630w, https:\/\/ma-sante.news\/wp-content\/uploads\/2025\/11\/La-bronchiolite-pourquoi-la-moitie-des-nourrissons-ne-sont-toujours-pas-proteges-Ma-Sante.jpg.webp 800w\"\/><\/a>La bronchiolite est provoqu\u00e9e dans la majorit\u00e9 des cas (environ 75 %) par le virus respiratoire syncytial (VRS). \u00a9 Freepik                                    \t\t\t             <a class=\"gofollow\" data-track=\"MjgsMCw2MA==\" href=\"https:\/\/ma-sante.news\/inscrivez-vous-a-notre-newsletter\/\" target=\"_blank\" rel=\"noopener\"><img loading=\"lazy\" decoding=\"async\" width=\"1068\" height=\"131\" src=\"data:image\/svg+xml,%3Csvg%20xmlns=\" http:=\"\" data-lazy-src=\"https:\/\/www.europesays.com\/fr\/wp-content\/uploads\/2025\/03\/banniere-newsletter.png\"\/><\/a> <\/p>\n<p>En France, la bronchiolite du nourrisson reste une r\u00e9alit\u00e9 sanitaire majeure, et <a href=\"https:\/\/ma-sante.news\/depuis-paris-le-virus-commence-deja-son-offensive\/\" target=\"_blank\" rel=\"noopener\">cette ann\u00e9e elle d\u00e9bute son offensive plus durement encore<\/a>. Chaque ann\u00e9e, pr\u00e8s de 30 % des enfants de moins de deux ans sont touch\u00e9s par le virus respiratoire syncytial (VRS), selon la Haute Autorit\u00e9 de Sant\u00e9 (HAS). Parmi eux, environ 2 \u00e0 3 % des b\u00e9b\u00e9s de moins d\u2019un an n\u00e9cessitent une hospitalisation, le plus souvent pour des difficult\u00e9s respiratoires importantes.<\/p>\n<p>Depuis 2023, la France s\u2019est dot\u00e9e de deux moyens de pr\u00e9vention jug\u00e9s \u00ab hautement efficaces \u00bb par les autorit\u00e9s sanitaires. Deux armes, deux approches. D\u2019un c\u00f4t\u00e9, la vaccination maternelle avec Abrysvo\u00ae, administr\u00e9e entre la 32e et la 36e semaine de grossesse ; de l\u2019autre, <a href=\"https:\/\/ma-sante.news\/bronchiolite-du-nourrisson-bientot-un-vaccin\/\" target=\"_blank\" rel=\"noopener\">une injection d\u2019anticorps monoclonaux (Beyfortus\u00ae<\/a>, nirsevimab) pour les nouveau-n\u00e9s avant leur premi\u00e8re saison hivernale.<\/p>\n<p>Les deux traitements sont valid\u00e9s par la Haute Autorit\u00e9 de Sant\u00e9, pris en charge par la S\u00e9curit\u00e9 sociale, et leurs b\u00e9n\u00e9fices sont largement document\u00e9s.<\/p>\n<p>        Les vaccins sauvent des vies\u2026 quand ils sont faits !    <\/p>\n<p>Selon Sant\u00e9 publique France et l\u2019Institut Pasteur, l\u2019immunisation avec le nirsevimab a permis, d\u00e8s la saison 2023-2024, une r\u00e9duction de 76 % \u00e0 81 % des formes graves de bronchiolite entra\u00eenant une hospitalisation en soins intensifs. Ces r\u00e9sultats \u00ab en vie r\u00e9elle \u00bb confirment ce qu\u2019avaient d\u00e9j\u00e0 montr\u00e9 les essais cliniques.<\/p>\n<p>Le minist\u00e8re de la Sant\u00e9 estime qu\u2019environ 5 800 hospitalisations de nourrissons ont pu \u00eatre \u00e9vit\u00e9es sur <a href=\"https:\/\/ma-sante.news\/vaccin-beyfortus-deux-etudes-efficacite-nourrissons-bronchiolite\/\" target=\"_blank\" rel=\"noopener\">la premi\u00e8re saison d\u2019utilisation du Beyfortus\u00ae<\/a>. Quant \u00e0 la vaccination maternelle, autoris\u00e9e depuis 2023 \u00e9galement, elle vise \u00e0 prot\u00e9ger le nouveau-n\u00e9 d\u00e8s la naissance, en transmettant les anticorps de la m\u00e8re au f\u0153tus. <a href=\"https:\/\/ma-sante.news\/bronchiolite-un-vaccin-disponible-pour-les-femmes-enceintes\/\" target=\"_blank\" rel=\"noopener\">Le vaccin Abrysvo\u00ae, produit par Pfizer, est rembours\u00e9 \u00e0 100 % pour les femmes enceintes <\/a>entre 32 et 36 semaines d\u2019am\u00e9norrh\u00e9e.<\/p>\n<p>Sur le papier, la France dispose donc d\u2019un dispositif complet pour pr\u00e9venir la bronchiolite s\u00e9v\u00e8re. Mais dans les faits, la couverture reste d\u00e9cevante.<\/p>\n<p>        Beyfortus\u00ae : o\u00f9 en-t-on de la vaccination ?\u00a0    <strong>Une couverture vaccinale encore trop faible<\/strong>    <\/p>\n<p>Le minist\u00e8re de la Sant\u00e9 a publi\u00e9, en f\u00e9vrier 2025, un premier bilan. Environ 352 000 doses de Beyfortus\u00ae ont \u00e9t\u00e9 administr\u00e9es aux nourrissons et 91 000 doses de vaccin Abrysvo\u00ae ont \u00e9t\u00e9 d\u00e9livr\u00e9es aux femmes enceintes. Ces chiffres sont encourageants, mais ils ne repr\u00e9sentent qu\u2019une fraction des naissances annuelles en France (environ 700 000 b\u00e9b\u00e9s par an). Cela signifie qu\u2019une part importante des nourrissons n\u2019a pas encore b\u00e9n\u00e9fici\u00e9 d\u2019une protection contre le virus.<\/p>\n<p>Les p\u00e9diatres s\u2019inqui\u00e8tent de ce retard. Plusieurs d\u2019entre eux, notamment au sein de la Soci\u00e9t\u00e9 fran\u00e7aise de p\u00e9diatrie, alertent depuis l\u2019automne 2025 : la couverture est \u00ab insuffisante \u00bb, et l\u2019information \u00ab ne circule pas encore assez vite \u00bb.<\/p>\n<p>        <strong>Moins d\u2019un nouveau-n\u00e9 sur deux est vaccin\u00e9<\/strong>    <\/p>\n<p>La saison de la bronchiolite <a href=\"https:\/\/ma-sante.news\/bronchiolite-on-espere-avoir-depasse-le-pic-de-lepidemie\/\" target=\"_blank\" rel=\"noopener\">commence habituellement doucement en octobre et atteint son pic en d\u00e9cembre<\/a>. Or, selon ces m\u00e9decins, de nombreux b\u00e9b\u00e9s n\u00e9s entre f\u00e9vrier et ao\u00fbt 2025, qui auraient pu recevoir le traitement pr\u00e9ventif , ne l\u2019ont pas re\u00e7u.<\/p>\n<p>Les donn\u00e9es officielles de couverture nationale n\u2019ont pas encore \u00e9t\u00e9 publi\u00e9es par Sant\u00e9 publique France, mais selon la Soci\u00e9t\u00e9 fran\u00e7aise de p\u00e9diatrie, moins d\u2019un nourrisson sur deux n\u00e9 entre f\u00e9vrier et ao\u00fbt 2025 aurait b\u00e9n\u00e9fici\u00e9 d\u2019une immunisation contre la bronchiolite.<\/p>\n<p>        Bronchiolite : pourquoi ce retard dans la vaccination ?    <strong>Les vaccins sont encore inconnus<\/strong>    <\/p>\n<p>Plusieurs explications se superposent, souvent tr\u00e8s terre-\u00e0-terre. D\u2019abord, ces traitements sont r\u00e9cents. Le vaccin maternel n\u2019a \u00e9t\u00e9 disponible qu\u2019en septembre 2023, et la diffusion du nirsevimab \u00e0 grande \u00e9chelle a r\u00e9ellement commenc\u00e9 lors de la saison 2023-2024. Le temps que les maternit\u00e9s, les sages-femmes et les p\u00e9diatres s\u2019approprient le protocole, l\u2019organisation a pu manquer de fluidit\u00e9.<\/p>\n<p>Ensuite, la logistique joue un r\u00f4le. Pour que le vaccin Abrysvo\u00ae soit efficace, il doit \u00eatre inject\u00e9 \u00e0 la m\u00e8re entre 32 et 36 semaines de grossesse. Si la grossesse est suivie tardivement, ou si la patiente ne re\u00e7oit pas l\u2019information \u00e0 temps, la fen\u00eatre se referme.<\/p>\n<p>M\u00eame logique pour Beyfortus\u00ae. Il doit \u00eatre administr\u00e9 avant ou juste apr\u00e8s la naissance, et la coordination entre maternit\u00e9 et m\u00e9decine de ville n\u2019est pas encore optimale partout.<\/p>\n<p>        <strong>Bronchiolite : une campagne qui manque de communication\u2026\u00a0<\/strong>    <\/p>\n<p>S\u2019ajoute un facteur d\u2019information. Beaucoup de parents d\u00e9couvrent l\u2019existence de ces traitements trop tard, parfois m\u00eame apr\u00e8s la naissance. Le mot \u00ab vaccin \u00bb pour une femme enceinte ou un b\u00e9b\u00e9 peut aussi susciter des interrogations, voire de la m\u00e9fiance. Pourtant, il ne s\u2019agit pas d\u2019un vaccin au sens classique pour Beyfortus\u00ae, mais d\u2019une injection d\u2019anticorps d\u00e9j\u00e0 form\u00e9s.<\/p>\n<p>Enfin, certaines in\u00e9galit\u00e9s d\u2019acc\u00e8s persistent. Toutes les maternit\u00e9s ne disposent pas encore du stock n\u00e9cessaire, et dans certaines zones rurales, les pharmacies ont eu des d\u00e9lais de livraison plus longs.<\/p>\n<p>        Un enjeu de sant\u00e9 publique et de p\u00e9dagogie    <\/p>\n<p>Pour les autorit\u00e9s, l\u2019objectif est de faire conna\u00eetre et simplifier l\u2019acc\u00e8s \u00e0 ces outils avant le c\u0153ur de l\u2019hiver. La Haute Autorit\u00e9 de Sant\u00e9 et le minist\u00e8re de la Sant\u00e9 ont rappel\u00e9 dans leurs derni\u00e8res communications qu\u2019il s\u2019agit d\u2019une \u00ab avanc\u00e9e majeure en mati\u00e8re de pr\u00e9vention infantile \u00bb, comparable \u00e0 l\u2019introduction du vaccin contre la coqueluche il y a plusieurs d\u00e9cennies.<\/p>\n<p>Mais il reste \u00e0 convaincre. Beaucoup de parents ne per\u00e7oivent pas la bronchiolite comme un risque grave, d\u2019autant qu\u2019elle se soigne souvent \u00e0 domicile. Pourtant, chaque hiver, environ 45 000 \u00e0 50 000 hospitalisations de nourrissons sont recens\u00e9es en France pour bronchiolite, selon Sant\u00e9 publique France. <a href=\"https:\/\/ma-sante.news\/bronchiolite-avec-le-froid-lepidemie-reprend-encore-de-la-vigueur\/\" target=\"_blank\" rel=\"noopener\">La pr\u00e9vention pourrait \u00e9viter une grande partie de ces hospitalisations <\/a>et all\u00e9ger la pression sur les services p\u00e9diatriques, r\u00e9guli\u00e8rement satur\u00e9s \u00e0 l\u2019automne.<\/p>\n<blockquote class=\"wp-block-quote is-layout-flow wp-block-quote-is-layout-flow\">\n<p><strong>\u00c0<\/strong> <strong>SAVOIR<\/strong>\u00a0<\/p>\n<p>D\u2019apr\u00e8s Sant\u00e9 publique France, l\u2019hiver 2024-2025 a connu un d\u00e9marrage plus tardif de l\u2019\u00e9pid\u00e9mie de bronchiolite que les saisons pr\u00e9c\u00e9dentes. Les experts estiment que cette baisse de circulation pr\u00e9coce du virus pourrait \u00eatre li\u00e9e \u00e0 la mont\u00e9e progressive de l\u2019immunisation des nourrissons gr\u00e2ce au Beyfortus\u00ae et \u00e0 la vaccination maternelle Abrysvo\u00ae.<\/p>\n<\/blockquote>\n<p>  <a class=\"gofollow\" data-track=\"MTIsMCw2MA==\" href=\"https:\/\/ma-sante.news\/annonceurs\/\" target=\"_blank\" rel=\"noopener\"><img loading=\"lazy\" decoding=\"async\" width=\"2560\" height=\"2133\" src=\"data:image\/svg+xml,%3Csvg%20xmlns=\" http:=\"\" data-lazy-src=\"https:\/\/www.europesays.com\/fr\/wp-content\/uploads\/2025\/03\/pub-annonceurs-4-scaled.jpg\"\/><\/a>    <img loading=\"lazy\" decoding=\"async\" width=\"755\" height=\"495\" src=\"data:image\/svg+xml,%3Csvg%20xmlns=\" http:=\"\" data-lazy-src=\"https:\/\/www.europesays.com\/fr\/wp-content\/uploads\/2025\/03\/Image1.jpg\" data-lazy-src-webp=\"https:\/\/www.europesays.com\/fr\/wp-content\/uploads\/2025\/03\/Image1.jpg.webp\" class=\"ewww_webp_lazy_load\"\/>Inscrivez-vous \u00e0 notre newsletter <br \/>Ma Sant\u00e9                      <\/p>\n","protected":false},"excerpt":{"rendered":"La bronchiolite est provoqu\u00e9e dans la majorit\u00e9 des cas (environ 75 %) par le virus respiratoire syncytial (VRS).&hellip;\n","protected":false},"author":2,"featured_media":529362,"comment_status":"","ping_status":"","sticky":false,"template":"","format":"standard","meta":{"footnotes":""},"categories":[10],"tags":[58155,1011,27,72,71],"class_list":{"0":"post-529361","1":"post","2":"type-post","3":"status-publish","4":"format-standard","5":"has-post-thumbnail","7":"category-sante","8":"tag-bronchiolite","9":"tag-fr","10":"tag-france","11":"tag-health","12":"tag-sante"},"share_on_mastodon":{"url":"https:\/\/pubeurope.com\/@fr\/115537702182537426","error":""},"_links":{"self":[{"href":"https:\/\/www.europesays.com\/fr\/wp-json\/wp\/v2\/posts\/529361","targetHints":{"allow":["GET"]}}],"collection":[{"href":"https:\/\/www.europesays.com\/fr\/wp-json\/wp\/v2\/posts"}],"about":[{"href":"https:\/\/www.europesays.com\/fr\/wp-json\/wp\/v2\/types\/post"}],"author":[{"embeddable":true,"href":"https:\/\/www.europesays.com\/fr\/wp-json\/wp\/v2\/users\/2"}],"replies":[{"embeddable":true,"href":"https:\/\/www.europesays.com\/fr\/wp-json\/wp\/v2\/comments?post=529361"}],"version-history":[{"count":0,"href":"https:\/\/www.europesays.com\/fr\/wp-json\/wp\/v2\/posts\/529361\/revisions"}],"wp:featuredmedia":[{"embeddable":true,"href":"https:\/\/www.europesays.com\/fr\/wp-json\/wp\/v2\/media\/529362"}],"wp:attachment":[{"href":"https:\/\/www.europesays.com\/fr\/wp-json\/wp\/v2\/media?parent=529361"}],"wp:term":[{"taxonomy":"category","embeddable":true,"href":"https:\/\/www.europesays.com\/fr\/wp-json\/wp\/v2\/categories?post=529361"},{"taxonomy":"post_tag","embeddable":true,"href":"https:\/\/www.europesays.com\/fr\/wp-json\/wp\/v2\/tags?post=529361"}],"curies":[{"name":"wp","href":"https:\/\/api.w.org\/{rel}","templated":true}]}}