{"id":529369,"date":"2025-11-12T16:39:11","date_gmt":"2025-11-12T16:39:11","guid":{"rendered":"https:\/\/www.europesays.com\/fr\/529369\/"},"modified":"2025-11-12T16:39:11","modified_gmt":"2025-11-12T16:39:11","slug":"le-cac-40-atteint-un-nouveau-record-absolu-a-plus-de-8280-points","status":"publish","type":"post","link":"https:\/\/www.europesays.com\/fr\/529369\/","title":{"rendered":"le CAC 40 atteint un nouveau record absolu \u00e0 plus de 8280 points"},"content":{"rendered":"<p>\n    L\u2019indice vedette parisien a atteint un nouveau sommet historique, profitant de la fin imminente du \u00abshutdown\u00bb aux \u00c9tats-Unis, qui doit \u00eatre vot\u00e9e en soir\u00e9e au Congr\u00e8s am\u00e9ricain.<\/p>\n<p class=\"fig-paragraph\">Nouveau record pour la Bourse de Paris. L&rsquo;indice vedette parisien, le CAC 40, a atteint ce mercredi un nouveau sommet historique, profitant de\u00a0<a href=\"http:\/\/www.lefigaro.fr\/international\/les-40-jours-d-un-shutdown-historique-bras-de-fer-politique-remporte-par-donald-trump-20251111\" target=\"_blank\" data-fig-type=\"Article\" rel=\"noopener\" data-gtm-custom-categorie=\"navigation\" data-gtm-custom-action=\"crossclick\" data-gtm-custom-label=\"Contextuel\" data-gtm-event=\"customEventSPE\" data-fig-domain=\"LEFIGARO\">la fin imminente du \u00abshutdown\u00bb aux \u00c9tats-Unis<\/a>, qui doit \u00eatre vot\u00e9e en soir\u00e9e au Congr\u00e8s am\u00e9ricain. Le CAC 40 a d\u00e9pass\u00e9 son pr\u00e9c\u00e9dent sommet historique en s\u00e9ance, qui datait du 21 octobre, et affiche d\u00e9sormais un nouveau record absolu \u00e0 8280,97 points. \u00c0 16h20, le CAC 40 s\u2019affichait en hausse de 1,34%.<\/p>\n<p class=\"fig-paragraph\">La course aux records d\u00e9passe les fronti\u00e8res fran\u00e7aises, les places de Madrid et Londres affichant \u00e9galement des niveaux historiques. Milan a quant \u00e0 elle atteint un nouveau plus haut depuis 2000. L\u2019indice Stoxx Europe 600, qui r\u00e9unit les 600 plus grosses capitalisations boursi\u00e8res du continent, a \u00e9galement enregistr\u00e9 un nouveau record historique en s\u00e9ance mercredi.<\/p>\n<p>                                    <a class=\"fig-a11y-skip a11y-hidden\" href=\"#fig-a11y-skip-main-inarticle\"><br \/>\n        Passer la publicit\u00e9<br \/>\n    <\/a><\/p>\n<p class=\"fig-paragraph\">\u00abLa perspective d\u2019une fin du shutdown am\u00e9ricain, attendue dans la journ\u00e9e, alimente la demande pour les actifs risqu\u00e9s\u00bb, explique Kathleen Brooks, directrice de la recherche chez XTB. La Chambre am\u00e9ricaine des repr\u00e9sentants doit voter mercredi un texte, salu\u00e9 comme \u00abune tr\u00e8s grande victoire\u00bb par Donald Trump, pour mettre fin \u00e0 la plus longue paralysie budg\u00e9taire de l\u2019histoire des \u00c9tats-Unis. Ces plus de 40 jours d\u2019impasse budg\u00e9taire, provoqu\u00e9e par un bras de fer sur les d\u00e9penses d\u2019assurance sant\u00e9 pour les plus pauvres, ont mis des milliers de fonctionnaires au ch\u00f4mage technique.<\/p>\n<p>Feu vert proc\u00e9dural \u00e0 la fin du \u00abshutdown\u00bb<\/p>\n<p class=\"fig-paragraph\">D\u2019importance pour les march\u00e9s, le \u00abshutdown\u00bb a aussi priv\u00e9 les investisseurs et analystes de statistiques officielles sur l\u2019\u00e9tat de sant\u00e9 de l\u2019\u00e9conomie am\u00e9ricaine \u00e0 l\u2019heure o\u00f9 la Banque centrale (Fed) r\u00e9fl\u00e9chit \u00e0 baisser ou non \u00e0 nouveau les taux directeurs en d\u00e9cembre. Mardi soir, la puissante commission des r\u00e8gles de la Chambre, qui examine les projets de loi avant qu\u2019ils ne soient soumis au vote des parlementaires, a indiqu\u00e9 sur son site internet avoir donn\u00e9 son feu vert \u00e0 l\u2019examen du projet de loi adopt\u00e9 par le S\u00e9nat la veille.<\/p>\n<p class=\"fig-paragraph\">Gr\u00e2ce \u00e0 ce feu vert proc\u00e9dural indispensable, la Chambre domin\u00e9e par les r\u00e9publicains pourra voter le texte mercredi en soir\u00e9e. Il ne resterait alors que la signature pr\u00e9sidentielle pour lever le \u00abshutdown\u00bb apr\u00e8s plus de 40 jours d\u2019impasse. En parall\u00e8le, une \u00abune rotation sectorielle\u00bb s\u2019op\u00e8re sur les march\u00e9s d\u2019apr\u00e8s Daniela Hathorn, analyste de Capital.com. \u00abLes investisseurs d\u00e9laissent les grandes valeurs technologiques et d\u00e9fensives au profit des banques, du secteur des loisirs et de l\u2019\u00e9nergie\u00bb. \u00abCette dynamique profite aux march\u00e9s europ\u00e9ens, qui attirent aussi les investisseurs en qu\u00eate de diversification r\u00e9gionale apr\u00e8s une forte exposition aux valeurs technologiques am\u00e9ricaines\u00bb, poursuit-elle.<\/p>\n","protected":false},"excerpt":{"rendered":"L\u2019indice vedette parisien a atteint un nouveau sommet historique, profitant de la fin imminente du \u00abshutdown\u00bb aux \u00c9tats-Unis,&hellip;\n","protected":false},"author":2,"featured_media":529370,"comment_status":"","ping_status":"","sticky":false,"template":"","format":"standard","meta":{"footnotes":""},"categories":[6],"tags":[398,35,343,33,34,1011,27],"class_list":{"0":"post-529369","1":"post","2":"type-post","3":"status-publish","4":"format-standard","5":"has-post-thumbnail","7":"category-economie","8":"tag-bourse-de-paris","9":"tag-business","10":"tag-cac-40","11":"tag-economie","12":"tag-economy","13":"tag-fr","14":"tag-france"},"share_on_mastodon":{"url":"","error":""},"_links":{"self":[{"href":"https:\/\/www.europesays.com\/fr\/wp-json\/wp\/v2\/posts\/529369","targetHints":{"allow":["GET"]}}],"collection":[{"href":"https:\/\/www.europesays.com\/fr\/wp-json\/wp\/v2\/posts"}],"about":[{"href":"https:\/\/www.europesays.com\/fr\/wp-json\/wp\/v2\/types\/post"}],"author":[{"embeddable":true,"href":"https:\/\/www.europesays.com\/fr\/wp-json\/wp\/v2\/users\/2"}],"replies":[{"embeddable":true,"href":"https:\/\/www.europesays.com\/fr\/wp-json\/wp\/v2\/comments?post=529369"}],"version-history":[{"count":0,"href":"https:\/\/www.europesays.com\/fr\/wp-json\/wp\/v2\/posts\/529369\/revisions"}],"wp:featuredmedia":[{"embeddable":true,"href":"https:\/\/www.europesays.com\/fr\/wp-json\/wp\/v2\/media\/529370"}],"wp:attachment":[{"href":"https:\/\/www.europesays.com\/fr\/wp-json\/wp\/v2\/media?parent=529369"}],"wp:term":[{"taxonomy":"category","embeddable":true,"href":"https:\/\/www.europesays.com\/fr\/wp-json\/wp\/v2\/categories?post=529369"},{"taxonomy":"post_tag","embeddable":true,"href":"https:\/\/www.europesays.com\/fr\/wp-json\/wp\/v2\/tags?post=529369"}],"curies":[{"name":"wp","href":"https:\/\/api.w.org\/{rel}","templated":true}]}}