{"id":52937,"date":"2025-04-25T23:21:11","date_gmt":"2025-04-25T23:21:11","guid":{"rendered":"https:\/\/www.europesays.com\/fr\/52937\/"},"modified":"2025-04-25T23:21:11","modified_gmt":"2025-04-25T23:21:11","slug":"quand-nantes-se-met-en-scene-et-chambre-ouvertement-le-psg","status":"publish","type":"post","link":"https:\/\/www.europesays.com\/fr\/52937\/","title":{"rendered":"quand Nantes se met en sc\u00e8ne et chambre ouvertement le PSG"},"content":{"rendered":"<p><strong>LE SCAN SPORT &#8211; <\/strong>Dans une publication sur les r\u00e9seaux sociaux, le FC Nantes s\u2019est permis de chambrer le PSG, d\u00e9fait \u00e0 domicile ce vendredi par Nice.<\/p>\n<p class=\"fig-paragraph\">Un chambrage pour le moins&#8230; surprenant. Si la\u00a0<a href=\"http:\/\/www.lefigaro.fr\/sports\/football\/ligue-1\/ligue-1-le-psg-perd-son-invincibilite-en-championnat-avant-d-affronter-arsenal-20250425\" data-fig-type=\"NewsFlash\" data-gtm-custom-categorie=\"navigation\" data-gtm-custom-action=\"crossclick\" data-gtm-custom-label=\"Contextuel\" data-gtm-event=\"customEventSPE\" data-fig-domain=\"LEFIGARO\" target=\"_blank\" rel=\"noopener\">d\u00e9faite du PSG<\/a>\u00a0face \u00e0 Nice (1-3) ne doit sans doute pas r\u00e9jouir Luis Enrique, surtout \u00e0 quatre jours de la demi-finale en C1 contre Arsenal, elle aura eu le m\u00e9rite de r\u00e9jouir le FC Nantes. Les Canaris, pourtant 14es de Ligue 1 et pas encore assur\u00e9 du maintien, avaient pr\u00e9par\u00e9 un message chambreur \u00e0 destination du PSG.<\/p>\n<p class=\"fig-paragraph\">Sur X, le club nantais a publi\u00e9 une photo de deux personnes (deux supporters\u00a0?) avec deux revolvers en main avec le texte suivant\u00a0: \u00ab32 matches\u00bb. En effet, le club de la capitale, battu par les Aiglons, ne battra pas le record d\u2019invincibilit\u00e9 de 32 matches d\u00e9tenu par Nantes lors de la saison 1994-1995. Un message pour le moins os\u00e9.<\/p>\n","protected":false},"excerpt":{"rendered":"LE SCAN SPORT &#8211; Dans une publication sur les r\u00e9seaux sociaux, le FC Nantes s\u2019est permis de chambrer&hellip;\n","protected":false},"author":2,"featured_media":52938,"comment_status":"","ping_status":"","sticky":false,"template":"","format":"standard","meta":{"footnotes":""},"categories":[2818],"tags":[1111,11,525,1981,814,1777,674,462,2257,63,1011,27,3309,4977,66,1307,955,766,12,1176,978,2636,93,25,1980],"class_list":{"0":"post-52937","1":"post","2":"type-post","3":"status-publish","4":"format-standard","5":"has-post-thumbnail","7":"category-nantes","8":"tag-actu","9":"tag-actualites","10":"tag-calendrier","11":"tag-classement","12":"tag-direct","13":"tag-eu","14":"tag-europe","15":"tag-fc-nantes","16":"tag-foot","17":"tag-football","18":"tag-fr","19":"tag-france","20":"tag-l1","21":"tag-le-scan-sport","22":"tag-ligue-1","23":"tag-lille","24":"tag-match","25":"tag-nantes","26":"tag-news","27":"tag-olympique-de-marseille","28":"tag-olympique-lyonnais","29":"tag-pays-de-la-loire","30":"tag-psg","31":"tag-republique-francaise","32":"tag-resultats"},"share_on_mastodon":{"url":"https:\/\/pubeurope.com\/@fr\/114401174105245036","error":""},"_links":{"self":[{"href":"https:\/\/www.europesays.com\/fr\/wp-json\/wp\/v2\/posts\/52937","targetHints":{"allow":["GET"]}}],"collection":[{"href":"https:\/\/www.europesays.com\/fr\/wp-json\/wp\/v2\/posts"}],"about":[{"href":"https:\/\/www.europesays.com\/fr\/wp-json\/wp\/v2\/types\/post"}],"author":[{"embeddable":true,"href":"https:\/\/www.europesays.com\/fr\/wp-json\/wp\/v2\/users\/2"}],"replies":[{"embeddable":true,"href":"https:\/\/www.europesays.com\/fr\/wp-json\/wp\/v2\/comments?post=52937"}],"version-history":[{"count":0,"href":"https:\/\/www.europesays.com\/fr\/wp-json\/wp\/v2\/posts\/52937\/revisions"}],"wp:featuredmedia":[{"embeddable":true,"href":"https:\/\/www.europesays.com\/fr\/wp-json\/wp\/v2\/media\/52938"}],"wp:attachment":[{"href":"https:\/\/www.europesays.com\/fr\/wp-json\/wp\/v2\/media?parent=52937"}],"wp:term":[{"taxonomy":"category","embeddable":true,"href":"https:\/\/www.europesays.com\/fr\/wp-json\/wp\/v2\/categories?post=52937"},{"taxonomy":"post_tag","embeddable":true,"href":"https:\/\/www.europesays.com\/fr\/wp-json\/wp\/v2\/tags?post=52937"}],"curies":[{"name":"wp","href":"https:\/\/api.w.org\/{rel}","templated":true}]}}