{"id":529371,"date":"2025-11-12T16:40:18","date_gmt":"2025-11-12T16:40:18","guid":{"rendered":"https:\/\/www.europesays.com\/fr\/529371\/"},"modified":"2025-11-12T16:40:18","modified_gmt":"2025-11-12T16:40:18","slug":"epstein-a-affirme-dans-un-email-que-trump-savait-a-propos-des-filles-12-11-2025-a-1621","status":"publish","type":"post","link":"https:\/\/www.europesays.com\/fr\/529371\/","title":{"rendered":"Epstein a affirm\u00e9 dans un email que Trump \u00ab\u00a0savait \u00e0 propos des filles\u00a0\u00bb &#8211; 12\/11\/2025 \u00e0 16:21"},"content":{"rendered":"<p>        <img decoding=\"async\" src=\"https:\/\/www.europesays.com\/fr\/wp-content\/uploads\/2025\/11\/7747dd92637fa8ac0d029e999a28cf0d-760x507.jpg\" alt=\"Une photographie de Donald Trump et Jeffrey Epstein projet\u00e9e le 17 septembre 2025 sur les murs du ch\u00e2teau de Windsor, au Royaume-Uni, par le groupe de militants Led By Donkeys, en marge de la visite d'Etat du pr\u00e9sident am\u00e9ricain \u00e0 Londres ( AFP \/ Lena VOELK )\" loading=\"eager\" fetchpriority=\"high\" width=\"760\" height=\"507\" style=\"max-width: 100%!important; height: auto;\"\/><\/p>\n<p class=\"c-image-news__legend\">Une photographie de Donald Trump et Jeffrey Epstein projet\u00e9e le 17 septembre 2025 sur les murs du ch\u00e2teau de Windsor, au Royaume-Uni, par le groupe de militants Led By Donkeys, en marge de la visite d&rsquo;Etat du pr\u00e9sident am\u00e9ricain \u00e0 Londres ( AFP \/ Lena VOELK )<\/p>\n<p>\n Le d\u00e9linquant sexuel am\u00e9ricain Jeffrey Epstein a affirm\u00e9 que Donald Trump \u00ab\u00a0savait \u00e0 propos des filles\u00a0\u00bb dans un email de 2019 attribu\u00e9 au financier new-yorkais mort en prison la m\u00eame ann\u00e9e, et rendu public mercredi par des parlementaires d\u00e9mocrates.\n<\/p>\n<p>\n \u00ab\u00a0Trump a dit qu&rsquo;il voulait que je renonce\u00a0\u00bb \u00e0 la carte de membre de Mar-a-Lago, la r\u00e9sidence de Floride du pr\u00e9sident am\u00e9ricain, affirme Jeffrey Epstein dans cet email envoy\u00e9 au c\u00e9l\u00e8bre journaliste et auteur Michael Wolff. Il pr\u00e9cise n&rsquo;avoir jamais \u00e9t\u00e9 membre de Mar-a-Lago et ajoute: \u00ab\u00a0bien s\u00fbr, il savait \u00e0 propos des filles, comme il a demand\u00e9 \u00e0 Ghislaine d&rsquo;arr\u00eater\u00a0\u00bb.\n<\/p>\n<p>\n Ghislaine Maxwell, complice et ancienne compagne de Jeffrey Epstein, purge actuellement une peine de 20 ans de prison pour exploitation sexuelle.\n<\/p>\n<p>\n Le financier new-yorkais avait lui \u00e9t\u00e9 retrouv\u00e9 mort en 2019 dans sa cellule, d&rsquo;un suicide selon les autorit\u00e9s, avant son proc\u00e8s pour crimes sexuels.\n<\/p>\n<p>\n Le pr\u00e9sident am\u00e9ricain a toujours d\u00e9menti avoir connaissance du comportement criminel de celui avec qui il fut proche de nombreuses ann\u00e9es avant de se brouiller dans les ann\u00e9es 2000, affirmant que leur dispute avait eu lieu des ann\u00e9es avant que ces crimes n&rsquo;\u00e9clatent au grand jour.\n<\/p>\n<p>\n Dans un autre email de 2011, publi\u00e9 sur X par les membres d\u00e9mocrates d&rsquo;une influente commission \u00e0 la Chambre des repr\u00e9sentants, Jeffrey Epstein \u00e9crit suppos\u00e9ment \u00e0 Ghislaine Maxwell que Donald Trump \u00ab\u00a0a pass\u00e9 plusieurs heures\u00a0\u00bb avec une victime du financier au domicile de ce dernier.\n<\/p>\n<p> &#8211; Enqu\u00eate au Congr\u00e8s &#8211;<\/p>\n<p>\n Ces emails, obtenus par le biais des l\u00e9gataires de Jeffrey Epstein, \u00ab\u00a0soul\u00e8vent de graves questions sur Donald Trump et ce qu&rsquo;il connaissait des crimes horribles d&rsquo;Epstein\u00a0\u00bb, affirment les \u00e9lus d\u00e9mocrates.\n<\/p>\n<p>\n La commission dont ils sont membres enqu\u00eate depuis plusieurs semaines sur la mani\u00e8re dont l&rsquo;Etat f\u00e9d\u00e9ral a conduit l&rsquo;enqu\u00eate et les poursuites contre Jeffrey Epstein.\n<\/p>\n<p>\n L&rsquo;affaire enflamme les Etats-Unis depuis que le gouvernement de Donald Trump a annonc\u00e9 d\u00e9but juillet n&rsquo;avoir d\u00e9couvert aucun \u00e9l\u00e9ment nouveau justifiant la publication de documents suppl\u00e9mentaires dans ce dossier.\n<\/p>\n<p>\n Sa mort par suicide a aliment\u00e9 d&rsquo;innombrables th\u00e9ories du complot, selon lesquelles il aurait \u00e9t\u00e9 assassin\u00e9 pour l&#8217;emp\u00eacher d&rsquo;impliquer des personnalit\u00e9s de premier plan.\n<\/p>\n<p>        <img decoding=\"async\" src=\"https:\/\/www.europesays.com\/fr\/wp-content\/uploads\/2025\/11\/ba252637640264f0fe048cde5fe2e47d-760x507.jpg\" alt=\"Des manifestants lors d'une conf\u00e9rence de presse des victimes de Jeffrey Epstein devant le Capitole, \u00e0 Washington, le 3 septembre 2025 ( AFP \/ ROBERTO SCHMIDT )\" loading=\"eager\" fetchpriority=\"high\" width=\"760\" height=\"507\" style=\"max-width: 100%!important; height: auto;\"\/><\/p>\n<p class=\"c-image-news__legend\">Des manifestants lors d&rsquo;une conf\u00e9rence de presse des victimes de Jeffrey Epstein devant le Capitole, \u00e0 Washington, le 3 septembre 2025 ( AFP \/ ROBERTO SCHMIDT )<\/p>\n<p>\n Apr\u00e8s avoir promis \u00e0 ses partisans pendant sa campagne pr\u00e9sidentielle des r\u00e9v\u00e9lations fracassantes, Donald Trump tente aujourd&rsquo;hui d&rsquo;\u00e9teindre la pol\u00e9mique, qu&rsquo;il a qualifi\u00e9e \u00e0 plusieurs reprises de \u00ab\u00a0canular\u00a0\u00bb mont\u00e9 par l&rsquo;opposition d\u00e9mocrate.\n<\/p>\n<p>\n Figure comme Jeffrey Epstein de la jet-set new-yorkaise des ann\u00e9es 1990-2000, Donald Trump a \u00e9t\u00e9 proche du financier jusqu&rsquo;au milieu des ann\u00e9es 2000.\n<\/p>\n<p>\n Une lettre aux tonalit\u00e9s lubriques et attribu\u00e9e au milliardaire r\u00e9publicain \u00e0 l&rsquo;attention de Jeffrey Epstein pour son anniversaire en 2003 avait \u00e9t\u00e9 rendue publique d\u00e9but septembre par les m\u00eames parlementaires d\u00e9mocrates. La signature du futur pr\u00e9sident am\u00e9ricain figure au pied de la note, \u00e0 la place du pubis d&rsquo;une femme esquiss\u00e9e.\n<\/p>\n<p>\n La Maison Blanche avait d\u00e9menti que Donald Trump en ait \u00e9t\u00e9 l&rsquo;auteur.\n<\/p>\n<p> &#8211; P\u00e9tition &#8211;<\/p>\n<p>\n Au Congr\u00e8s, l&rsquo;affaire Epstein devrait conna\u00eetre de nouveaux d\u00e9veloppements dans les jours \u00e0 venir.\n<\/p>\n<p>\n La d\u00e9mocrate Adelita Grijalva va \u00eatre investie mercredi \u00e0 la Chambre des repr\u00e9sentants et devrait devenir ainsi la derni\u00e8re signature n\u00e9cessaire \u00e0 une p\u00e9tition d&rsquo;\u00e9lus. Celle-ci forcerait, en vertu des r\u00e8gles de la Chambre, un vote dans l&rsquo;h\u00e9micycle sur un texte visant \u00e0 contraindre l&rsquo;administration Trump \u00e0 publier les dossiers en sa possession sur Jeffrey Epstein.\n<\/p>\n<p>        <img decoding=\"async\" src=\"https:\/\/www.europesays.com\/fr\/wp-content\/uploads\/2025\/11\/bd1e906cbcbf4da6e46cc5787ad74544-760x513.jpg\" alt=\"Une statue satirique montrant Donald Trump et Jeffrey Epstein main dans la main, intitul\u00e9e &quot;Meilleurs amis pour toujours&quot;, et install\u00e9e pr\u00e8s du Capitole de Washington, le 2 octobre 2025 ( AFP \/ ANDREW CABALLERO-REYNOLDS )\" loading=\"eager\" fetchpriority=\"high\" width=\"760\" height=\"513\" style=\"max-width: 100%!important; height: auto;\"\/><\/p>\n<p class=\"c-image-news__legend\">Une statue satirique montrant Donald Trump et Jeffrey Epstein main dans la main, intitul\u00e9e \u00ab\u00a0Meilleurs amis pour toujours\u00a0\u00bb, et install\u00e9e pr\u00e8s du Capitole de Washington, le 2 octobre 2025 ( AFP \/ ANDREW CABALLERO-REYNOLDS )<\/p>\n<p>\n Le pr\u00e9sident r\u00e9publicain de la Chambre, Mike Johnson, s&rsquo;oppose \u00e0 cette p\u00e9tition, affirmant qu&rsquo;elle est superflue au vu de l&rsquo;enqu\u00eate d\u00e9j\u00e0 men\u00e9e par l&rsquo;une des commissions. Mais avec 218 signatures, dont quatre d&rsquo;\u00e9lus r\u00e9publicains, il ne pourrait plus s&rsquo;opposer \u00e0 la tenue d&rsquo;un vote.\n<\/p>\n<p>\n Ce qui explique selon le chef de la minorit\u00e9 d\u00e9mocrate, Hakeem Jeffries, son opposition \u00e0 faire pr\u00eater serment plus t\u00f4t \u00e0 Adelita Grijalva, dont l&rsquo;\u00e9lection remonte \u00e0 fin septembre.\n<\/p>\n<p>\n \u00ab\u00a0Les r\u00e9publicains dirigent un programme de protection de p\u00e9dophiles, ils cachent volontairement les documents sur Jeffrey Epstein\u00a0\u00bb, a-t-il lanc\u00e9 lors d&rsquo;une conf\u00e9rence de presse mardi.<\/p>\n","protected":false},"excerpt":{"rendered":"Une photographie de Donald Trump et Jeffrey Epstein projet\u00e9e le 17 septembre 2025 sur les murs du ch\u00e2teau&hellip;\n","protected":false},"author":2,"featured_media":529372,"comment_status":"","ping_status":"","sticky":false,"template":"","format":"standard","meta":{"footnotes":""},"categories":[5],"tags":[400,11,398,408,405,1011,27,403,14,402,399,404,12,401,406,407,28],"class_list":{"0":"post-529371","1":"post","2":"type-post","3":"status-publish","4":"format-standard","5":"has-post-thumbnail","7":"category-international","8":"tag-action-cac-40","9":"tag-actualites","10":"tag-bourse-de-paris","11":"tag-boursorama","12":"tag-cotations","13":"tag-fr","14":"tag-france","15":"tag-indices-devises","16":"tag-international","17":"tag-investir","18":"tag-investissement","19":"tag-marche-boursier","20":"tag-news","21":"tag-sicav","22":"tag-trackers","23":"tag-warrants","24":"tag-world"},"share_on_mastodon":{"url":"https:\/\/pubeurope.com\/@fr\/115537722396323306","error":""},"_links":{"self":[{"href":"https:\/\/www.europesays.com\/fr\/wp-json\/wp\/v2\/posts\/529371","targetHints":{"allow":["GET"]}}],"collection":[{"href":"https:\/\/www.europesays.com\/fr\/wp-json\/wp\/v2\/posts"}],"about":[{"href":"https:\/\/www.europesays.com\/fr\/wp-json\/wp\/v2\/types\/post"}],"author":[{"embeddable":true,"href":"https:\/\/www.europesays.com\/fr\/wp-json\/wp\/v2\/users\/2"}],"replies":[{"embeddable":true,"href":"https:\/\/www.europesays.com\/fr\/wp-json\/wp\/v2\/comments?post=529371"}],"version-history":[{"count":0,"href":"https:\/\/www.europesays.com\/fr\/wp-json\/wp\/v2\/posts\/529371\/revisions"}],"wp:featuredmedia":[{"embeddable":true,"href":"https:\/\/www.europesays.com\/fr\/wp-json\/wp\/v2\/media\/529372"}],"wp:attachment":[{"href":"https:\/\/www.europesays.com\/fr\/wp-json\/wp\/v2\/media?parent=529371"}],"wp:term":[{"taxonomy":"category","embeddable":true,"href":"https:\/\/www.europesays.com\/fr\/wp-json\/wp\/v2\/categories?post=529371"},{"taxonomy":"post_tag","embeddable":true,"href":"https:\/\/www.europesays.com\/fr\/wp-json\/wp\/v2\/tags?post=529371"}],"curies":[{"name":"wp","href":"https:\/\/api.w.org\/{rel}","templated":true}]}}