{"id":529373,"date":"2025-11-12T16:41:11","date_gmt":"2025-11-12T16:41:11","guid":{"rendered":"https:\/\/www.europesays.com\/fr\/529373\/"},"modified":"2025-11-12T16:41:11","modified_gmt":"2025-11-12T16:41:11","slug":"lhistoire-secrete-dun-an-de-laborieuses-tentatives-de-macron-et-de-la-diplomatie-francaise","status":"publish","type":"post","link":"https:\/\/www.europesays.com\/fr\/529373\/","title":{"rendered":"l\u2019histoire secr\u00e8te d\u2019un an de laborieuses tentatives de Macron et de la diplomatie fran\u00e7aise"},"content":{"rendered":"<p>            <a href=\"https:\/\/www.lefigaro.fr\/politique\/presidentielle-2027-il-ne-connait-rien-a-la-vie-il-est-creux-la-lourde-charge-de-bertrand-contre-bardella-accuse-d-amateurisme-20251109\" class=\"fig-ranking-profile-link\" data-fig-domain=\"LEFIGARO\" target=\"_blank\" rel=\"noopener\"><\/p>\n<p>        Pr\u00e9sidentielle 2027\u00a0: \u00abIl ne conna\u00eet rien \u00e0 la vie\u00bb, \u00abil est creux\u00bb&#8230; La lourde charge de Bertrand contre Bardella, accus\u00e9 d\u2019\u00abamateurisme\u00bb<\/p>\n<p>                                                <\/a><\/p>\n<p>        <img   class=\"fig-img fig-ranking-profile-media-small-picture__photo\" alt=\"Pr\u00e9sidentielle 2027\u00a0: \u00abIl ne conna\u00eet rien \u00e0 la vie\u00bb, \u00abil est creux\u00bb... La lourde charge de Bertrand contre Bardella, accus\u00e9 d\u2019\u00abamateurisme\u00bb\" height=\"1040\" width=\"1919\"\/><\/p>\n<p class=\"fig-ranking-profile-standfirst\">\n    Chantre d\u2019un cordon sanitaire strict entre la droite et le RN, le pr\u00e9sident des Hauts-de-France a violemment critiqu\u00e9 ce dimanche le patron du parti \u00e0 la flamme, auquel il reproche de \u00abr\u00e9p\u00e9ter\u00bb ses \u00abdossiers\u00bb plus qu\u2019il ne les \u00abtravaille\u00bb.\n<\/p>\n<p>            <a href=\"https:\/\/www.lefigaro.fr\/politique\/regulariser-250-000-clandestins-un-gain-de-3-milliards-d-euros-par-an-pour-l-etat-le-courrier-des-deputes-lr-a-pierre-moscovici-20251109\" class=\"fig-ranking-profile-link\" aria-label=\"R\u00e9gulariser 250 000 clandestins\u00a0? Le courrier des d\u00e9put\u00e9s LR \u00e0 Pierre Moscovici (article Premium)\" title=\"R\u00e9gulariser 250 000 clandestins\u00a0? Le courrier des d\u00e9put\u00e9s LR \u00e0 Pierre Moscovici (article Premium)\" data-fig-domain=\"LEFIGARO\" target=\"_blank\" rel=\"noopener\"><\/p>\n<p>        R\u00e9gulariser 250 000 clandestins\u00a0? Le courrier des d\u00e9put\u00e9s LR \u00e0 Pierre Moscovici<\/p>\n<p>                                                <\/a><\/p>\n<p>        <img   class=\"fig-img fig-ranking-profile-media-small-picture__photo\" alt=\"R\u00e9gulariser 250 000 clandestins\u00a0? Le courrier des d\u00e9put\u00e9s LR \u00e0 Pierre Moscovici\" height=\"2000\" width=\"3000\"\/><\/p>\n<p class=\"fig-ranking-profile-standfirst\">\n    <strong>INFO LE FIGARO &#8211; <\/strong>\u00c0 l\u2019initiative de Laurent Wauquiez et Patrick Hetzel, le groupe LR fait part de sa \u00abpr\u00e9occupation\u00bb au pr\u00e9sident de la Cour des comptes, apr\u00e8s une estimation contest\u00e9e de l\u2019association \u00abFrance terre d\u2019asile\u00bb, dirig\u00e9e par Najat Vallaud-Belkacem, \u00e9galement magistrate au sein de l\u2019institution financi\u00e8re.\n<\/p>\n<p>            <a href=\"https:\/\/www.lefigaro.fr\/politique\/tensions-blagues-graveleuses-et-trafic-de-bonbons-a-l-assemblee-plongee-dans-l-enfer-des-nuits-budgetaires-20251109\" class=\"fig-ranking-profile-link\" aria-label=\"Tensions, blagues graveleuses et trafic de bonbons\u00a0: \u00e0 l\u2019Assembl\u00e9e, plong\u00e9e dans \u00abl\u2019enfer\u00bb des nuits budg\u00e9taires (article Premium)\" title=\"Tensions, blagues graveleuses et trafic de bonbons\u00a0: \u00e0 l\u2019Assembl\u00e9e, plong\u00e9e dans \u00abl\u2019enfer\u00bb des nuits budg\u00e9taires (article Premium)\" data-fig-domain=\"LEFIGARO\" target=\"_blank\" rel=\"noopener\"><\/p>\n<p>        Tensions, blagues graveleuses et trafic de bonbons\u00a0: \u00e0 l\u2019Assembl\u00e9e, plong\u00e9e dans \u00abl\u2019enfer\u00bb des nuits budg\u00e9taires<\/p>\n<p>                                                <\/a><\/p>\n<p>        <img   class=\"fig-img fig-ranking-profile-media-small-picture__photo\" alt=\"Tensions, blagues graveleuses et trafic de bonbons\u00a0: \u00e0 l\u2019Assembl\u00e9e, plong\u00e9e dans \u00abl\u2019enfer\u00bb des nuits budg\u00e9taires\" height=\"2001\" width=\"3000\"\/><\/p>\n<p class=\"fig-ranking-profile-standfirst\">\n    <strong>R\u00c9CIT &#8211;<\/strong> Un H\u00e9micycle souvent rempli, des d\u00e9bats techniques et \u00e0 rallonge, une tension parfois immense\u00a0: Le Figaro plonge dans les coulisses des nuits budg\u00e9taires dans un Palais Bourbon \u00e0 feu et \u00e0 sang. Au menu\u00a0: \u00e9motions, petites blagues et \u00e9changes improbables.<\/p>\n","protected":false},"excerpt":{"rendered":"Pr\u00e9sidentielle 2027\u00a0: \u00abIl ne conna\u00eet rien \u00e0 la vie\u00bb, \u00abil est creux\u00bb&#8230; La lourde charge de Bertrand contre&hellip;\n","protected":false},"author":2,"featured_media":529374,"comment_status":"","ping_status":"","sticky":false,"template":"","format":"standard","meta":{"footnotes":""},"categories":[4],"tags":[11,4142,1073,1011,27,12,25],"class_list":{"0":"post-529373","1":"post","2":"type-post","3":"status-publish","4":"format-standard","5":"has-post-thumbnail","7":"category-france","8":"tag-actualites","9":"tag-boualem-sansal","10":"tag-emmanuel-macron","11":"tag-fr","12":"tag-france","13":"tag-news","14":"tag-republique-francaise"},"share_on_mastodon":{"url":"https:\/\/pubeurope.com\/@fr\/115537725596257363","error":""},"_links":{"self":[{"href":"https:\/\/www.europesays.com\/fr\/wp-json\/wp\/v2\/posts\/529373","targetHints":{"allow":["GET"]}}],"collection":[{"href":"https:\/\/www.europesays.com\/fr\/wp-json\/wp\/v2\/posts"}],"about":[{"href":"https:\/\/www.europesays.com\/fr\/wp-json\/wp\/v2\/types\/post"}],"author":[{"embeddable":true,"href":"https:\/\/www.europesays.com\/fr\/wp-json\/wp\/v2\/users\/2"}],"replies":[{"embeddable":true,"href":"https:\/\/www.europesays.com\/fr\/wp-json\/wp\/v2\/comments?post=529373"}],"version-history":[{"count":0,"href":"https:\/\/www.europesays.com\/fr\/wp-json\/wp\/v2\/posts\/529373\/revisions"}],"wp:featuredmedia":[{"embeddable":true,"href":"https:\/\/www.europesays.com\/fr\/wp-json\/wp\/v2\/media\/529374"}],"wp:attachment":[{"href":"https:\/\/www.europesays.com\/fr\/wp-json\/wp\/v2\/media?parent=529373"}],"wp:term":[{"taxonomy":"category","embeddable":true,"href":"https:\/\/www.europesays.com\/fr\/wp-json\/wp\/v2\/categories?post=529373"},{"taxonomy":"post_tag","embeddable":true,"href":"https:\/\/www.europesays.com\/fr\/wp-json\/wp\/v2\/tags?post=529373"}],"curies":[{"name":"wp","href":"https:\/\/api.w.org\/{rel}","templated":true}]}}