{"id":529377,"date":"2025-11-12T16:43:11","date_gmt":"2025-11-12T16:43:11","guid":{"rendered":"https:\/\/www.europesays.com\/fr\/529377\/"},"modified":"2025-11-12T16:43:11","modified_gmt":"2025-11-12T16:43:11","slug":"novasco-saint-etienne-ex-ascometal-ca-sent-tres-tres-mauvais","status":"publish","type":"post","link":"https:\/\/www.europesays.com\/fr\/529377\/","title":{"rendered":"Novasco\u00a0Saint-Etienne (ex Ascom\u00e9tal) : \u00ab\u00a0\u00c7a sent tr\u00e8s, tr\u00e8s mauvais\u00a0\u00bb"},"content":{"rendered":"<p class=\"is-style-chapo\">Ce mercredi 12 novembre, une ultime audience devant la chambre commerciale du tribunal de Strasbourg avait \u00e0 \u00e9tudier les deux offres de reprise du sid\u00e9rurgiste Novasco France. L\u2019ex-site Ascom\u00e9tal Saint-Etienne dans le Marais, 37 salari\u00e9s, est concern\u00e9. A la lecture des m\u00e9dias nationaux pr\u00e9sents sur place et \u00e0 la suite de notre \u00e9change avec un repr\u00e9sentant du personnel st\u00e9phanois, il semble bien que l\u2019offre de reprise la plus g\u00e9n\u00e9reuse ne fasse pas le poids, condamnant les postes de trois des quatre sites. Soit de quatre salari\u00e9s sur cinq dont ceux de Saint-Etienne\u2026 La d\u00e9cision sera rendue lundi.<\/p>\n<p><img fetchpriority=\"high\" decoding=\"async\" width=\"1024\" height=\"576\" src=\"https:\/\/www.europesays.com\/fr\/wp-content\/uploads\/2025\/11\/Capture-decran-2025-11-12-170059-1024x576.jpg\" alt=\"\" class=\"wp-image-81006\"  \/>Le site de Novasco, ex Ascom\u00e9tal Saint-Etienne dans le Marais. Capture Google Street View<\/p>\n<p>Mais o\u00f9 sont pass\u00e9s ces 85 M\u20ac\u00a0? Le fonds d\u2019investissement britannique Greybull Capital avait <a href=\"https:\/\/www.if-saint-etienne.fr\/breves\/les-58-emplois-stephanois-dascometal-sont-maintenus\" target=\"_blank\" rel=\"noreferrer noopener\">repris<\/a> \u2013 in extremis \u2013 en juillet 2024 l\u2019entreprise sid\u00e9rurgique Ascom\u00e9tal mise en vente par son propri\u00e9taire Swiss Steel, plac\u00e9e en redressement judiciaire fin mars 2024, et comptant plusieurs sites en France\u00a0totalisant des centaines de collaborateurs : \u00e0 Hagondange (Moselle) le principal, Custines (Meurthe-et-Moselle) et Saint-Etienne donc dans le quartier du Marais, 58 salari\u00e9s alors. Le site st\u00e9phanois est sp\u00e9cialis\u00e9 dans le parach\u00e8vement, la transformation \u00e0 froid. L\u2019entit\u00e9 nouvellement form\u00e9e avait \u00e9t\u00e9 nomm\u00e9e \u00ab\u00a0Novasco\u00a0\u00bb associant aussi une usine \u00e0 Leffrinckoucke pr\u00e8s de Dunkerque. Un total de 760 personnes y travaille afin fournir de l\u2019acier fran\u00e7ais de qualit\u00e9, de pointe et m\u00eame d\u00e9carbon\u00e9 pour ce qui est du process \u00e9lectrifi\u00e9 du navire amiral, Hagondage, 450 employ\u00e9s \u00e0 lui seul\u2026<\/p>\n<p>Les syndicats n\u2019ont eu de cesse de r\u00e9p\u00e9ter l\u2019enjeu strat\u00e9gique de son savoir-faire\u00a0pour l\u2019industrie fran\u00e7aise et europ\u00e9enne, en particulier pour fournir l\u2019industrie automobile du vieux continent. Sans Novasco, elle ira, selon eux, probablement passer commande ailleurs. Une fois de plus\u2026 Enjeu apparemment compris par l\u2019Etat puisqu\u2019il avait accord\u00e9 \u00e0 Greybull Capital dans le cadre de sa reprise 85 M\u20ac \u00ab\u00a0via des (co\u00fbteux, 10 % d\u2019int\u00e9r\u00eat\u00a0!, Ndlr) pr\u00eats du dispositif\u00a0<a href=\"https:\/\/www.economie.gouv.fr\/saef\/fonds-developpement-economique-et-social\" target=\"_blank\" rel=\"noreferrer noopener\">FDES<\/a>\u00a0\u00bb, indiquait cet \u00e9t\u00e9 une intersyndicale st\u00e9phanoise CFDT \u2013 CGT Novasco Le Marais. Dans le \u00ab\u00a0deal\u00a0\u00bb\u00a0: une promesse d\u2019investissement sur l\u2019appareil industriel de 90 M\u20ac par le fonds britannique. Or, seulement 1,5 M\u20ac a \u00e9t\u00e9 investi par Greybull, d\u00e9non\u00e7ait la m\u00eame intersyndicale\u2026 Des donn\u00e9es confirm\u00e9es \u00e0 If par le cabinet du ministre de l\u2019Industrie lors de sa visite fin ao\u00fbt \u00e0 Saint-Etienne chez Verney-Carron pour venir \u00ab\u00a0<a href=\"https:\/\/www.if-saint-etienne.fr\/economie\/industrie\/verney-carron-nous-sommes-dans-les-temps\" target=\"_blank\" rel=\"noreferrer noopener\">constater<\/a>\u00a0\u00bb ce sauvetage-l\u00e0, effectu\u00e9 lui par Rivolier. Non pas que Greybull a noy\u00e9 le \u00ab\u00a0pactole\u00a0\u00bb pour autre ussage mais parce qu\u2019il s\u2019est lui-m\u00eame retrouv\u00e9 tr\u00e8s rapidement en <a href=\"https:\/\/www.if-saint-etienne.fr\/breves\/novasco-ex-ascometal-de-nouveau-plonge-dans-le-doute\" target=\"_blank\" rel=\"noreferrer noopener\">difficult\u00e9<\/a> avec Novacso.<\/p>\n<p>Seulement un salari\u00e9 sur cinq de Novasco serait repris<\/p>\n<p>Une situation d\u2019ailleurs d\u00e9taill\u00e9e cet \u00e9t\u00e9 par <a href=\"https:\/\/www.mediapart.fr\/journal\/economie-et-social\/240725\/notre-exemple-represente-l-echec-industriel-francais-novasco-ex-ascometal-risque-de-mordre-la\" target=\"_blank\" rel=\"noreferrer noopener\">Mediapart<\/a> dans ses colonnes. Alors, \u00e0 quoi ont servi ces 85 M\u20ac\u00a0de l\u2019Etat ? \u00ab\u00a0A payer les dettes, les salaires pendant un an\u2026 Nous avons eu l\u2019impression d\u2019\u00eatre les salari\u00e9s de l\u2019Etat, explique \u00e0 If Saint-Etienne Lo\u00efc Devis, secr\u00e9taire du CSE\u00a0Novasco Le Marais. Pour \u00eatre juste, 12 M\u20ac ont \u00e9t\u00e9 bien utilis\u00e9s en investissement dans le process pour le site de Dunkerque. C\u2019est ce qui les sauve tr\u00e8s probablement aujourd\u2019hui. Pour ce qui est des autres dont Saint-Etienne et donc la plupart des salari\u00e9s, \u00e7a sent d\u00e9sormais tr\u00e8s, tr\u00e8s mauvais.\u00a0\u00bb Ce mercredi 12 novembre, une ultime audience devant la chambre commerciale du tribunal de Strasbourg avait \u00e0 \u00e9tudier les deux offres de reprise. Il rendra sa d\u00e9cision lundi. Mais selon les analyses de nos confr\u00e8res nationaux confirmant les dires du st\u00e9phanois Lo\u00efc Devis, qui ne croit pas \u00ab\u00a0une seconde\u00a0\u00bb \u00e0 un revirement de situation, celle-ci ne laisse pas beaucoup de places au doute.<\/p>\n<blockquote>\n<p>Nous sommes ici environ 70 % \u00e0 avoir plus de 50 ans avec 20 ou 30 ans de boite.<\/p>\n<p>Lo\u00efc Devis, secr\u00e9taire du CSE\u00a0Novasco Saint-Etienne\u00a0Le Marais<\/p><\/blockquote>\n<p>C\u2019est en effet l\u2019offre la \u00ab\u00a0moins disante\u00a0\u00bb en termes de reprise de sites et salari\u00e9s, celle d\u2019un consortium men\u00e9 par les dirigeants de la soci\u00e9t\u00e9 M\u00e9tal Blanc qui a obtenu les avis favorables des mandataires judiciaires comme du procureur. Et cette offre ne reprend que le site de Dunkerque, donc seulement un salari\u00e9 sur cinq\u2026 Hagondange, et ses 450 \u00ab\u00a0collaborateurs\u00a0\u00bb, passerait ainsi \u00e0 la trappe\u2026 Drame moindre \u00e0 l\u2019\u00e9chelle de leurs d\u00e9partements respectifs mais drame \u00e9conomico-social quand m\u00eame pour les autres usines dont les 37 salari\u00e9s du site st\u00e9phanois du Marais\u2026. L\u2019offre concurrente, celle d\u2019Europlasma \u00e9tait pourtant beaucoup, beaucoup plus g\u00e9n\u00e9reuse et avait apport\u00e9 davantage d\u2019espoir avec la perspective du maintien des quatre sites (et de pr\u00e8s de 300 emplois) m\u00eame si celui d\u2019Hagondage \u00e9tait tout de m\u00eame saign\u00e9 \u00e0 blanc en \u00e9tant r\u00e9duit \u00e0 75 salari\u00e9s\u2026 Pour ce qui \u00e9tait de Saint-Etienne, il s\u2019agissait de maintenir la majeure partie de l\u2019activit\u00e9 en passant de 37 \u00e0 32 salari\u00e9s\u2026<\/p>\n<p>L\u2019offre la plus g\u00e9n\u00e9reuse est en fait bancale<\/p>\n<p>Mais, outre des signaux inqui\u00e9tants depuis la prise de connaissance de cette offre, la prestation peu convaincante \u00e0 la barre ce mercredi du repr\u00e9sentant d\u2019Europlasma,\u00a0pr\u00e9sentant \u00ab\u00a0des faiblesses\u00a0\u00bb, a d\u2019ailleurs d\u00e9clar\u00e9 \u00e0 la presse nationale l\u2019un des avocats du Comit\u00e9 central d\u2019entreprise, Laurent Pat\u00e9, a fait tomber de haut ceux qui y croyaient. Comme Lo\u00efc Devis, par exemple, explique-t-il \u00e0 If ce mercredi sur le chemin du retour de Strasbourg\u00a0: \u00ab\u00a0Cela a dur\u00e9 plus d\u20191 h 30, c\u2019\u00e9tait tr\u00e8s confus, flou avec des documents manquant en amont, des failles mises en \u00e9vidence. \u00c7a a tourn\u00e9 au proc\u00e8s. En face, avec Julien Baillon (\u00e0 la t\u00eate de la PME ardennaise M\u00e9tal Blanc, Ndlr), il y en a eu pour 20 minutes et tout \u00e9tait clair. C\u2019est h\u00e9las pli\u00e9.\u00a0\u00bb C\u2019est une perte de savoir-faire, une r\u00e9duction de plus au chapitre de la souverainet\u00e9 industrielle que va subir la France \u00e0 l\u2019\u00e9chelle nationale : \u00ab\u00a0Des fournisseurs vont en souffrir, voire ceux que nous fournissons comme Jtekt et son millier de salari\u00e9s \u00e0 Irigny (Rh\u00f4ne, Ndlr).\u00a0\u00bb <\/p>\n<p>Quant aux salari\u00e9s du Marais \u00e0 Saint-Etienne, Lo\u00efc Devis qui est rentr\u00e9 voil\u00e0 27 ans, \u00e0 une \u00e9poque et a pu le voir d\u00e9cliner, plan apr\u00e8s plan, souligne que \u00ab\u00a0nous sommes environ 70 % \u00e0 avoir plus de 50 ans avec 20 \/ 30 ans de boite. La suite sera compliqu\u00e9e\u2026\u00a0\u00bb Dur comme fer.\u00a0\u00a0\u00a0\u00a0<\/p>\n","protected":false},"excerpt":{"rendered":"Ce mercredi 12 novembre, une ultime audience devant la chambre commerciale du tribunal de Strasbourg avait \u00e0 \u00e9tudier&hellip;\n","protected":false},"author":2,"featured_media":529378,"comment_status":"","ping_status":"","sticky":false,"template":"","format":"standard","meta":{"footnotes":""},"categories":[9653],"tags":[1111,11,2430,33268,64842,1777,674,13407,1011,27,693,10326,414,12,40881,25,4001,64843,26463,2103],"class_list":{"0":"post-529377","1":"post","2":"type-post","3":"status-publish","4":"format-standard","5":"has-post-thumbnail","7":"category-saint-etienne","8":"tag-actu","9":"tag-actualites","10":"tag-auvergne-rhone-alpes","11":"tag-corrosif","12":"tag-emploi-loire","13":"tag-eu","14":"tag-europe","15":"tag-fermeture","16":"tag-fr","17":"tag-france","18":"tag-industrie","19":"tag-industrie-loire","20":"tag-licenciement","21":"tag-news","22":"tag-novasco","23":"tag-republique-francaise","24":"tag-saint-etienne","25":"tag-souverainete-industrielle","26":"tag-tribunal-de-commerce","27":"tag-usine"},"share_on_mastodon":{"url":"https:\/\/pubeurope.com\/@fr\/115537734744134332","error":""},"_links":{"self":[{"href":"https:\/\/www.europesays.com\/fr\/wp-json\/wp\/v2\/posts\/529377","targetHints":{"allow":["GET"]}}],"collection":[{"href":"https:\/\/www.europesays.com\/fr\/wp-json\/wp\/v2\/posts"}],"about":[{"href":"https:\/\/www.europesays.com\/fr\/wp-json\/wp\/v2\/types\/post"}],"author":[{"embeddable":true,"href":"https:\/\/www.europesays.com\/fr\/wp-json\/wp\/v2\/users\/2"}],"replies":[{"embeddable":true,"href":"https:\/\/www.europesays.com\/fr\/wp-json\/wp\/v2\/comments?post=529377"}],"version-history":[{"count":0,"href":"https:\/\/www.europesays.com\/fr\/wp-json\/wp\/v2\/posts\/529377\/revisions"}],"wp:featuredmedia":[{"embeddable":true,"href":"https:\/\/www.europesays.com\/fr\/wp-json\/wp\/v2\/media\/529378"}],"wp:attachment":[{"href":"https:\/\/www.europesays.com\/fr\/wp-json\/wp\/v2\/media?parent=529377"}],"wp:term":[{"taxonomy":"category","embeddable":true,"href":"https:\/\/www.europesays.com\/fr\/wp-json\/wp\/v2\/categories?post=529377"},{"taxonomy":"post_tag","embeddable":true,"href":"https:\/\/www.europesays.com\/fr\/wp-json\/wp\/v2\/tags?post=529377"}],"curies":[{"name":"wp","href":"https:\/\/api.w.org\/{rel}","templated":true}]}}