{"id":529392,"date":"2025-11-12T16:52:11","date_gmt":"2025-11-12T16:52:11","guid":{"rendered":"https:\/\/www.europesays.com\/fr\/529392\/"},"modified":"2025-11-12T16:52:11","modified_gmt":"2025-11-12T16:52:11","slug":"burger-king-ouvre-son-600e-restaurant-a-grand-quevilly","status":"publish","type":"post","link":"https:\/\/www.europesays.com\/fr\/529392\/","title":{"rendered":"Burger King ouvre son 600e restaurant \u00e0 Grand-Quevilly"},"content":{"rendered":"<p melodystyle=\"texte\">En 2012, Burger King f\u00eatait son grand retour en France avec des premiers fast-foods \u00e0 Marseille, Reims et Paris. 13 ans plus tard, l&rsquo;enseigne f\u00eate son 600e restaurant fran\u00e7ais \u00e0 Grand-Quevilly, pr\u00e8s de Rouen. L&rsquo;enseigne a \u00e9t\u00e9 inaugur\u00e9e, mercredi 12\u00a0novembre, en pr\u00e9sence du directeur de Burger King France, Alexandre Simon ainsi qu&rsquo;Olivier Bertrand fondateur du groupe Bertrand qui d\u00e9tient la marque en France. Le dernier Burger King a trouv\u00e9 sa place sur le centre Bois Cany \u00e0 seulement quelques pas de son concurrent McDonald&rsquo;s, profitant ainsi de toute la zone commerciale et de son cin\u00e9ma Path\u00e9.<\/p>\n<p>Une \u00ab\u00a0success-story\u00a0\u00bb\u00a0?<\/p>\n<p melodystyle=\"texte\">Avec 600 restaurants lanc\u00e9s en 13 ans, 30\u00a0000 employ\u00e9s, 2\u00a0milliards d&rsquo;euros de chiffres d&rsquo;affaires et 500\u00a0000 clients, Burger King est \u00ab\u00a0une success-story\u00a0\u00bb en France, salue son directeur Alexandre Simon. La marque doit aussi composer avec le succ\u00e8s du \u00ab\u00a0burger\u00a0\u00bb dont une grande partie de la restauration fran\u00e7aise s&rsquo;est empar\u00e9e, rajoutant encore plus de concurrence dans un secteur d\u00e9j\u00e0 tr\u00e8s comp\u00e9titif. \u00ab\u00a0Le mod\u00e8le va tenir\u00a0\u00bb\u00a0selon Alexandre Simon, persuad\u00e9 que ce dernier s\u00e9duit\u00a0toujours malgr\u00e9 la multiplication des enseignes du genre. \u00ab\u00a0On n&rsquo;a rien \u00e0 envier aux autres restaurants que ce soit au niveau du service, de la qualit\u00e9 des produits et de l&rsquo;exp\u00e9rience de mani\u00e8re g\u00e9n\u00e9rale\u2026 Il est normal que d&rsquo;autres s&rsquo;engouffrent dans ce segment.\u00a0\u00bb<\/p>\n<p melodystyle=\"texte\">\u2022 <b>A lire aussi.<\/b>\u00a0<a href=\"https:\/\/www.tendanceouest.com\/actualite-432569-nouvelle-ouverture-en-seine-maritime-burger-king-debarque-a-cote-de-rouen-avec-60-emplois-crees\" target=\"_blank\" rel=\"nofollow noopener\">Burger King d\u00e9barque \u00e0 c\u00f4t\u00e9 de Rouen avec 60 emplois cr\u00e9\u00e9s<\/a><\/p>\n<p melodystyle=\"texte\">Le nouveau Burger King de la zone commerciale du Bois Cany a \u00e9t\u00e9 lanc\u00e9 par Karine Berg, d\u00e9j\u00e0 tr\u00e8s pr\u00e9sente dans l&rsquo;agglom\u00e9ration rouennaise. \u00ab\u00a0C&rsquo;est mon dixi\u00e8me restaurant franchis\u00e9 Burger King, lance fi\u00e8rement l&rsquo;entrepreneur. J&rsquo;ai commenc\u00e9 en 2014 lorsque la marque n&rsquo;\u00e9tait pas aussi flamboyante qu&rsquo;aujourd&rsquo;hui\u00a0\u00bb, se rappelle-t-elle.\u00a0La Normande\u00a0a pu, comme d&rsquo;autres, profiter notamment du rachat en 2015 de l&rsquo;enseigne Quick par le groupe Bertrand qui avait d\u00e9cid\u00e9\u00a0de transformer les enseignes de la marque belge en restaurant Burger King. Ce qui a \u00e9t\u00e9 le cas pour ceux de Tourville-la-Rivi\u00e8re, Petit-Quevilly, Mont-Saint-Aignan et celui de la rue du Gros Horloge \u00e0 Rouen, tous d\u00e9tenus par Karine Berg.\u00a0<\/p>\n","protected":false},"excerpt":{"rendered":"En 2012, Burger King f\u00eatait son grand retour en France avec des premiers fast-foods \u00e0 Marseille, Reims et&hellip;\n","protected":false},"author":2,"featured_media":529393,"comment_status":"","ping_status":"","sticky":false,"template":"","format":"standard","meta":{"footnotes":""},"categories":[9587],"tags":[1111,11,1777,674,1011,27,12,5161,25,9590],"class_list":{"0":"post-529392","1":"post","2":"type-post","3":"status-publish","4":"format-standard","5":"has-post-thumbnail","7":"category-rouen","8":"tag-actu","9":"tag-actualites","10":"tag-eu","11":"tag-europe","12":"tag-fr","13":"tag-france","14":"tag-news","15":"tag-normandie","16":"tag-republique-francaise","17":"tag-rouen"},"share_on_mastodon":{"url":"https:\/\/pubeurope.com\/@fr\/115537768912836833","error":""},"_links":{"self":[{"href":"https:\/\/www.europesays.com\/fr\/wp-json\/wp\/v2\/posts\/529392","targetHints":{"allow":["GET"]}}],"collection":[{"href":"https:\/\/www.europesays.com\/fr\/wp-json\/wp\/v2\/posts"}],"about":[{"href":"https:\/\/www.europesays.com\/fr\/wp-json\/wp\/v2\/types\/post"}],"author":[{"embeddable":true,"href":"https:\/\/www.europesays.com\/fr\/wp-json\/wp\/v2\/users\/2"}],"replies":[{"embeddable":true,"href":"https:\/\/www.europesays.com\/fr\/wp-json\/wp\/v2\/comments?post=529392"}],"version-history":[{"count":0,"href":"https:\/\/www.europesays.com\/fr\/wp-json\/wp\/v2\/posts\/529392\/revisions"}],"wp:featuredmedia":[{"embeddable":true,"href":"https:\/\/www.europesays.com\/fr\/wp-json\/wp\/v2\/media\/529393"}],"wp:attachment":[{"href":"https:\/\/www.europesays.com\/fr\/wp-json\/wp\/v2\/media?parent=529392"}],"wp:term":[{"taxonomy":"category","embeddable":true,"href":"https:\/\/www.europesays.com\/fr\/wp-json\/wp\/v2\/categories?post=529392"},{"taxonomy":"post_tag","embeddable":true,"href":"https:\/\/www.europesays.com\/fr\/wp-json\/wp\/v2\/tags?post=529392"}],"curies":[{"name":"wp","href":"https:\/\/api.w.org\/{rel}","templated":true}]}}