{"id":529394,"date":"2025-11-12T16:53:14","date_gmt":"2025-11-12T16:53:14","guid":{"rendered":"https:\/\/www.europesays.com\/fr\/529394\/"},"modified":"2025-11-12T16:53:14","modified_gmt":"2025-11-12T16:53:14","slug":"le-docteur-dominique-parain-est-mort-le-neuropediatre-rouennais-avait-pratique-des-avortements-avant-la-loi-veil","status":"publish","type":"post","link":"https:\/\/www.europesays.com\/fr\/529394\/","title":{"rendered":"Le docteur Dominique Parain est mort\u00a0: le neurop\u00e9diatre rouennais avait pratiqu\u00e9 des avortements avant la loi Veil"},"content":{"rendered":"<p>Le docteur Dominique Parain est mort vendredi \u00e0 79 ans des suites d&rsquo;un cancer du pancr\u00e9as. Le neurop\u00e9diatre a \u00e9t\u00e9 l&rsquo;un des premiers m\u00e9decins rouennais \u00e0 pratiquer des avortements, pour aider les femmes qui voulaient interrompre une grossesse avant l&rsquo;entr\u00e9e en vigueur de la loi Veil.<\/p>\n<p>Il a \u00e9t\u00e9 l&rsquo;un des premiers m\u00e9decins \u00e0 pratiquer des avortements \u00e0 Rouen, avant la loi Veil.\u00a0<a target=\"_blank\" rel=\"nofollow noopener noreferrer\" class=\"IciLink ici-link IciArticleLink g-ici-body-regular-1 underline brand svelte-lu7k6w\" href=\"http:\/\/drparain.fr\/about.htm\">Le Docteur Dominique Parain<\/a>,\u00a0neurop\u00e9diatre au CHU de Rouen et \u00e0 la clinique de l&rsquo;Europe, est mort vendredi dernier \u00e0 79 ans des suites d&rsquo;un cancer du pancr\u00e9as.<\/p>\n<p>\u00ab\u00a0On savait qu&rsquo;on prenait des risques [&#8230;] c&rsquo;\u00e9tait important qu&rsquo;on fasse \u00e7a\u00a0\u00bb<\/p>\n<p>En 1973, avant l&rsquo;entr\u00e9e en vigueur &#8211; le 17 janvier 1975 &#8211; de la loi Veil qui d\u00e9p\u00e9nalisait l&rsquo;avortement et l\u00e9galisait l&rsquo;interruption volontaire de grossesse en France, le docteur <strong>Dominique Parain a d\u00e9cid\u00e9 de se former<\/strong> dans des appartements clandestins \u00e0 Paris, pour pratiquer des avortements \u00e0 Rouen. Un cabinet m\u00e9dical clandestin avait \u00e9t\u00e9 cr\u00e9\u00e9 dans les locaux de l&rsquo;association le Planning familial sur l&rsquo;\u00eele Lacroix \u00e0 Rouen. Dominique Parain nous avait racont\u00e9, en janvier dernier,\u00a0<a class=\"IciLink ici-link IciArticleLink g-ici-body-regular-1 underline brand svelte-lu7k6w\" href=\"https:\/\/www.francebleu.fr\/infos\/societe\/c-etait-important-qu-on-fasse-ca-des-medecins-rouennais-pratiquaient-des-avortements-illegaux-avant-la-loi-veil-4642518\" rel=\"nofollow noopener\" target=\"_blank\">\u00e0 l&rsquo;occasion des 50 ans de la loi Veil.<\/a><\/p>\n<p>loading<\/p>\n<p>\u00ab\u00a0J&rsquo;\u00e9tais avec un coll\u00e8gue m\u00e9decin, on a pu avoir de l&rsquo;argent pour acheter \u00e0 la fois le mat\u00e9riel de r\u00e9animation et le mat\u00e9riel d&rsquo;aspiration, parce que la m\u00e9thode d&rsquo;aspiration, \u00e7a a \u00e9t\u00e9 un progr\u00e8s tr\u00e8s important. On savait qu&rsquo;on prenait des risques, mais quand je pensais qu&rsquo;une chose \u00e9tait justifi\u00e9e, j&rsquo;avais tendance \u00e0 le faire, expliquait alors Dominique Parain. Moi, ce qui m&rsquo;inqui\u00e9tait beaucoup, c&rsquo;\u00e9tait qu&rsquo;il y ait un accident au cours d&rsquo;un avortement, c&rsquo;est pour \u00e7a que le fait que je sois form\u00e9 \u00e0 la r\u00e9animation me donnait une s\u00e9curit\u00e9, pour pouvoir intuber et ventiler la patiente, s&rsquo;il y avait un accident. C&rsquo;\u00e9tait absolument indispensable qu&rsquo;on ne laisse pas les femmes se faire des avortements clandestins par des personnes, hors de structure m\u00e9dicale ou m\u00e9dicalis\u00e9e, sans s\u00e9curit\u00e9. C&rsquo;\u00e9tait important qu&rsquo;on fasse \u00e7a\u00a0\u00bb.<\/p>\n<p>\u00ab\u00a0C&rsquo;\u00e9tait un homme, un m\u00e9decin et un p\u00e8re hors normes\u00a0\u00bb, confie sa fille Marie. La c\u00e9r\u00e9monie religieuse sera c\u00e9l\u00e9br\u00e9e vendredi (14 novembre 2025) \u00e0 10h45, en l\u2019\u00e9glise de la Sainte-Trinit\u00e9 \u00e0 Bois-Guillaume, une c\u00e9r\u00e9monie ouverte \u00e0 tous ceux qui voudront lui rendre un dernier hommage. La famille de Dominique Parain ne souhaite pas de fleurs, mais encourage \u00e0 <strong>faire un don<\/strong> \u00e0 la\u00a0<a target=\"_blank\" rel=\"nofollow noopener noreferrer\" class=\"IciLink ici-link IciArticleLink g-ici-body-regular-1 underline brand svelte-lu7k6w\" href=\"https:\/\/www.fondation-charlesnicolle.fr\/\">Fondation Charles Nicolle<\/a>, pour la recherche contre le cancer du pancr\u00e9as.<\/p>\n","protected":false},"excerpt":{"rendered":"Le docteur Dominique Parain est mort vendredi \u00e0 79 ans des suites d&rsquo;un cancer du pancr\u00e9as. Le neurop\u00e9diatre&hellip;\n","protected":false},"author":2,"featured_media":529395,"comment_status":"","ping_status":"","sticky":false,"template":"","format":"standard","meta":{"footnotes":""},"categories":[9587],"tags":[1111,11,1777,674,1011,27,12,5161,25,9590],"class_list":{"0":"post-529394","1":"post","2":"type-post","3":"status-publish","4":"format-standard","5":"has-post-thumbnail","7":"category-rouen","8":"tag-actu","9":"tag-actualites","10":"tag-eu","11":"tag-europe","12":"tag-fr","13":"tag-france","14":"tag-news","15":"tag-normandie","16":"tag-republique-francaise","17":"tag-rouen"},"share_on_mastodon":{"url":"https:\/\/pubeurope.com\/@fr\/115537772881640298","error":""},"_links":{"self":[{"href":"https:\/\/www.europesays.com\/fr\/wp-json\/wp\/v2\/posts\/529394","targetHints":{"allow":["GET"]}}],"collection":[{"href":"https:\/\/www.europesays.com\/fr\/wp-json\/wp\/v2\/posts"}],"about":[{"href":"https:\/\/www.europesays.com\/fr\/wp-json\/wp\/v2\/types\/post"}],"author":[{"embeddable":true,"href":"https:\/\/www.europesays.com\/fr\/wp-json\/wp\/v2\/users\/2"}],"replies":[{"embeddable":true,"href":"https:\/\/www.europesays.com\/fr\/wp-json\/wp\/v2\/comments?post=529394"}],"version-history":[{"count":0,"href":"https:\/\/www.europesays.com\/fr\/wp-json\/wp\/v2\/posts\/529394\/revisions"}],"wp:featuredmedia":[{"embeddable":true,"href":"https:\/\/www.europesays.com\/fr\/wp-json\/wp\/v2\/media\/529395"}],"wp:attachment":[{"href":"https:\/\/www.europesays.com\/fr\/wp-json\/wp\/v2\/media?parent=529394"}],"wp:term":[{"taxonomy":"category","embeddable":true,"href":"https:\/\/www.europesays.com\/fr\/wp-json\/wp\/v2\/categories?post=529394"},{"taxonomy":"post_tag","embeddable":true,"href":"https:\/\/www.europesays.com\/fr\/wp-json\/wp\/v2\/tags?post=529394"}],"curies":[{"name":"wp","href":"https:\/\/api.w.org\/{rel}","templated":true}]}}