{"id":529396,"date":"2025-11-12T16:54:19","date_gmt":"2025-11-12T16:54:19","guid":{"rendered":"https:\/\/www.europesays.com\/fr\/529396\/"},"modified":"2025-11-12T16:54:19","modified_gmt":"2025-11-12T16:54:19","slug":"les-salaries-de-mvelo-en-greve-apres-la-fin-des-tarifs-solidaires","status":"publish","type":"post","link":"https:\/\/www.europesays.com\/fr\/529396\/","title":{"rendered":"les salari\u00e9s de M\u2019V\u00e9lo + en gr\u00e8ve apr\u00e8s la fin des tarifs solidaires"},"content":{"rendered":"<p itemprop=\"description\"><strong>Les salari\u00e9s de M\u2019V\u00e9lo +, le service de location de v\u00e9los g\u00e9r\u00e9 par l\u2019entreprise Cykleo pour le SMMAG, seront en gr\u00e8ve ce jeudi \u00e0 Grenoble.<\/strong><\/p>\n<p>En cause : la suppression des tarifs solidaires pour les foyers modestes, une d\u00e9cision jug\u00e9e \u00ab\u00a0incompr\u00e9hensible\u00a0\u00bb par les employ\u00e9s et leur syndicat Sud Solidaires.<\/p>\n<p>Depuis le 1er novembre, la tarification sp\u00e9ciale \u201cv\u00e9lo d\u00e9couverte\u201d, qui permettait aux personnes au quotient familial inf\u00e9rieur \u00e0 900 ainsi qu\u2019aux \u00e9tudiants de louer un v\u00e9lo \u00e0 14 euros par mois ou 42 euros pour quatre mois, a \u00e9t\u00e9 supprim\u00e9e. Cette formule concernait les v\u00e9los-cargos, tandems et v\u00e9los \u00e0 assistance \u00e9lectrique (VAE).<\/p>\n<p>Le syndicat d\u00e9nonce une d\u00e9cision prise sans concertation et demande \u00e0 \u00eatre re\u00e7u par Sylvain Laval, pr\u00e9sident du SMMAG.<\/p>\n<p>Les salari\u00e9s en gr\u00e8ve pointent \u00e9galement une d\u00e9gradation des conditions de travail au sein de M\u2019V\u00e9lo +.<\/p>\n<p>Le mouvement ne devrait pas impacter l\u2019accueil du public \u00e0 l\u2019agence M\u2019V\u00e9lo +, situ\u00e9e sur le parvis de la gare de Grenoble.<\/p>\n","protected":false},"excerpt":{"rendered":"Les salari\u00e9s de M\u2019V\u00e9lo +, le service de location de v\u00e9los g\u00e9r\u00e9 par l\u2019entreprise Cykleo pour le SMMAG,&hellip;\n","protected":false},"author":2,"featured_media":529397,"comment_status":"","ping_status":"","sticky":false,"template":"","format":"standard","meta":{"footnotes":""},"categories":[9566],"tags":[1111,11,7733,8279,2430,7736,650,7734,2889,2263,1777,674,1011,27,2731,8280,6417,1114,108,4662,12,3725,1825,25,7737],"class_list":{"0":"post-529396","1":"post","2":"type-post","3":"status-publish","4":"format-standard","5":"has-post-thumbnail","7":"category-grenoble","8":"tag-actu","9":"tag-actualites","10":"tag-alpes","11":"tag-alpes1","12":"tag-auvergne-rhone-alpes","13":"tag-cds","14":"tag-cinema","15":"tag-ecoute","16":"tag-emission","17":"tag-equipe","18":"tag-eu","19":"tag-europe","20":"tag-fr","21":"tag-france","22":"tag-grenoble","23":"tag-haute","24":"tag-information","25":"tag-infos","26":"tag-isere","27":"tag-journal","28":"tag-news","29":"tag-podcast","30":"tag-radio","31":"tag-republique-francaise","32":"tag-winamp"},"share_on_mastodon":{"url":"https:\/\/pubeurope.com\/@fr\/115537776747846685","error":""},"_links":{"self":[{"href":"https:\/\/www.europesays.com\/fr\/wp-json\/wp\/v2\/posts\/529396","targetHints":{"allow":["GET"]}}],"collection":[{"href":"https:\/\/www.europesays.com\/fr\/wp-json\/wp\/v2\/posts"}],"about":[{"href":"https:\/\/www.europesays.com\/fr\/wp-json\/wp\/v2\/types\/post"}],"author":[{"embeddable":true,"href":"https:\/\/www.europesays.com\/fr\/wp-json\/wp\/v2\/users\/2"}],"replies":[{"embeddable":true,"href":"https:\/\/www.europesays.com\/fr\/wp-json\/wp\/v2\/comments?post=529396"}],"version-history":[{"count":0,"href":"https:\/\/www.europesays.com\/fr\/wp-json\/wp\/v2\/posts\/529396\/revisions"}],"wp:featuredmedia":[{"embeddable":true,"href":"https:\/\/www.europesays.com\/fr\/wp-json\/wp\/v2\/media\/529397"}],"wp:attachment":[{"href":"https:\/\/www.europesays.com\/fr\/wp-json\/wp\/v2\/media?parent=529396"}],"wp:term":[{"taxonomy":"category","embeddable":true,"href":"https:\/\/www.europesays.com\/fr\/wp-json\/wp\/v2\/categories?post=529396"},{"taxonomy":"post_tag","embeddable":true,"href":"https:\/\/www.europesays.com\/fr\/wp-json\/wp\/v2\/tags?post=529396"}],"curies":[{"name":"wp","href":"https:\/\/api.w.org\/{rel}","templated":true}]}}