{"id":529398,"date":"2025-11-12T16:55:11","date_gmt":"2025-11-12T16:55:11","guid":{"rendered":"https:\/\/www.europesays.com\/fr\/529398\/"},"modified":"2025-11-12T16:55:11","modified_gmt":"2025-11-12T16:55:11","slug":"grenoble-une-polemique-eclate-autour-de-ce-lieu-emblematique-squatte-le-repreneur-renonce","status":"publish","type":"post","link":"https:\/\/www.europesays.com\/fr\/529398\/","title":{"rendered":"Grenoble. Une pol\u00e9mique \u00e9clate autour de ce lieu embl\u00e9matique squatt\u00e9, le repreneur renonce"},"content":{"rendered":"<p>                    Par<br \/>\n        <strong><br \/>\n            <a href=\"https:\/\/actu.fr\/auteur\/julien-sournies\" title=\"Consulter tous les articles de Julien Sournies\" target=\"_blank\" rel=\"noopener\">Julien Sournies<\/a><br \/>\n                    <\/strong><\/p>\n<p>        Publi\u00e9 le<\/p>\n<p>            12 nov. 2025 \u00e0 17h33        <\/p>\n<p>Elle s\u2019est <a href=\"https:\/\/actu.fr\/auvergne-rhone-alpes\/grenoble_38185\/grenoble-un-nouveau-projet-choisi-pour-relancer-cette-salle-de-spectacle-occupee-illegalement_63337255.html\" target=\"_blank\" rel=\"noopener\">imagin\u00e9e pouvoir redonner vie \u00e0 La Bobine<\/a>, occup\u00e9e ill\u00e9galement par des personnes issues du mouvement \u00ab\u00a0Bloquons tout\u00a0\u00bb depuis le 18 septembre, mais ce r\u00eave n\u2019a dur\u00e9 qu\u2019un (court) temps. D\u00e9sign\u00e9e fin septembre par le tribunal de commerce de <a href=\"https:\/\/actu.fr\/grenoble\/\" target=\"_blank\" rel=\"noopener\">Grenoble<\/a> (<a href=\"https:\/\/actu.fr\/auvergne-rhone-alpes\/isere_38\" target=\"_blank\" rel=\"noopener\">Is\u00e8re<\/a>) pour reprendre les r\u00eanes de la salle, le groupe \u00ab\u00a0L\u2019Autre Asso\u00a0\u00bb annonce que ce projet <strong>ne verra finalement pas le jour<\/strong>, n\u2019ayant \u00ab\u00a0pas r\u00e9ussi \u00e0 inspirer la confiance autour de nous\u00a0\u00bb. <br \/>Pour l\u2019association ann\u00e9cienne, cette d\u00e9cision de r\u00e9trop\u00e9daler s\u2019av\u00e8re tr\u00e8s \u00ab\u00a0difficile, mais n\u00e9cessaire\u00a0\u00bb. Explications.<\/p>\n<p class=\" wall-content\">\u00ab\u00a0Nous n\u2019avons pas su f\u00e9d\u00e9rer les personnes qui auraient pu s\u2019impliquer \u00e0 nos c\u00f4t\u00e9s\u00a0\u00bb, regrette encore le collectif dans un communiqu\u00e9 publi\u00e9 sur les r\u00e9seaux sociaux en fin de semaine derni\u00e8re. Mais pourquoi a-t-on droit \u00e0 ce d\u00e9sistement soudain ?<\/p>\n<p>\u00ab\u00a0Nous refusons cette r\u00e9cup\u00e9ration\u00a0\u00bb<\/p>\n<p class=\" wall-content\">Alors qu\u2019elle se disait int\u00e9ress\u00e9e pour les int\u00e9grer dans son programme social et politique, l\u2019association a post\u00e9, la veille, un sondage sur les r\u00e9seaux sociaux, lequel \u00e9voquait la possibilit\u00e9 de <strong>d\u00e9loger les squatteurs<\/strong> en faisant notamment appel aux forces de l\u2019ordre. Forc\u00e9ment, cette consultation aupr\u00e8s de leur communaut\u00e9 n\u2019a pas manqu\u00e9 de provoquer la col\u00e8re noire de l\u2019association \u00ab\u00a0La Bobine Occup\u00e9e\u00a0\u00bb.\u00a0<\/p>\n<p class=\" wall-content\">Cette derni\u00e8re d\u00e9nonce dans un communiqu\u00e9 \u00ab\u00a0une logique de rentabilit\u00e9 et de gentrification incompatible avec l\u2019esprit d\u2019un lieu libre et populaire\u00a0\u00bb. En plus d\u2019une communication \u00ab\u00a0inclusive qui <strong>s\u2019approprie les codes de nos luttes<\/strong> sans en assumer les valeurs\u00a0\u00bb, l\u2019association d\u00e9plore par ailleurs \u00ab\u00a0une tentative de transformer un espace de r\u00e9sistances en vitrine bien propre du capitalisme responsable\u00a0\u00bb.<\/p>\n<blockquote class=\"ac-article-quote wall-content\">\n<p>Nous refusons cette r\u00e9cup\u00e9ration. Nous refusons que la lutte, la culture et la solidarit\u00e9 soient instrumentalis\u00e9es pour du marketing social.<\/p>\n<p>    <strong>La Bobine Occup\u00e9e<\/strong>\n            <\/p><\/blockquote>\n<p>\u00ab\u00a0Ce d\u00e9bat est l\u00e9gitime, mais nous l\u2019avons mal pr\u00e9sent\u00e9\u00a0\u00bb<\/p>\n<p class=\" wall-content\">De son c\u00f4t\u00e9, \u00ab\u00a0L\u2019autre Asso\u00a0\u00bb reconnait avoir \u00e9t\u00e9 auteur d\u2019un post \u00ab\u00a0maladroit\u00a0\u00bb. \u00ab\u00a0Notre intention \u00e9tait de questionner deux visions : celle d\u2019une occupation militante, ancr\u00e9e dans la lutte sociale, et celle d\u2019un projet de relance p\u00e9renne, ouvert et structur\u00e9 dans le temps long. Ce d\u00e9bat est <strong>l\u00e9gitime<\/strong>, mais nous l\u2019avons mal pr\u00e9sent\u00e9\u00a0\u00bb, explique le collectif.<\/p>\n<blockquote class=\"ac-article-quote wall-content\">\n<p>Nous comprenons que cela ait pu blesser et nous en assumons l&rsquo;enti\u00e8re responsabilit\u00e9. Aujourd&rsquo;hui, nous faisons le choix de la coh\u00e9rence. Nous pr\u00e9f\u00e9rons renoncer plut\u00f4t que d&rsquo;agir \u00e0 l&rsquo;encontre de nos convictions.<\/p>\n<p>    <strong>L&rsquo;Autre Asso<\/strong>\n            <\/p><\/blockquote>\n<p>Votre r\u00e9gion, votre actu !<\/p>\n<p>Recevez chaque jour les infos qui comptent pour vous.<\/p>\n<p>\t<a href=\"https:\/\/actu.fr\/newsletter\" class=\"ac-btn ac-btn--corner ac-btn--medium ac-btn--blue800\" target=\"_blank\" rel=\"noopener\">S&rsquo;incrire<\/a><\/p>\n<p class=\" wall-content\">Pour mener \u00e0 bien son projet de reprise, l\u2019association avait, pour rappel, sollicit\u00e9 des dons afin de reprendre le fonds de commerce et r\u00e9alis\u00e9 quelques travaux int\u00e9rieurs. \u00ab\u00a0Toutes les personnes ayant donn\u00e9 ou pr\u00eat\u00e9 de l\u2019argent viennent d\u2019\u00eatre rembours\u00e9es\u00a0\u00bb, assure-t-elle.<\/p>\n<p class=\" wall-content\">Avec ce retour \u00e0 la case d\u00e9part, l\u2019avenir des lieux est donc plus que jamais fragilis\u00e9. Reste ainsi \u00e0 savoir si le tribunal de commerce de Grenoble d\u00e9signera un nouveau repreneur. Sinon, La Bobine sera inexorablement plac\u00e9e en <strong>liquidation judiciaire<\/strong>, apr\u00e8s 27 ans d\u2019activit\u00e9 dans le Parc Paul-Mistral.<\/p>\n<p class=\" wall-content\">Personnalisez votre actualit\u00e9 en ajoutant vos villes et m\u00e9dias en favori avec <a href=\"https:\/\/moncompte.actu.fr\" title=\"D\u00e9couvez Mon Actu\" rel=\"nofollow noopener\" data-trk=\"{&quot;cta&quot;:{&quot;action&quot;:&quot;https:\\\/\\\/moncompte.actu.fr&quot;,&quot;category&quot;:&quot;mon compte&quot;,&quot;from&quot;:&quot;article footer&quot;,&quot;name&quot;:&quot;Mon actu&quot;,&quot;type&quot;:&quot;cta&quot;}}\" target=\"_blank\">Mon Actu<\/a>.<\/p>\n","protected":false},"excerpt":{"rendered":"Par Julien Sournies Publi\u00e9 le 12 nov. 2025 \u00e0 17h33 Elle s\u2019est imagin\u00e9e pouvoir redonner vie \u00e0 La&hellip;\n","protected":false},"author":2,"featured_media":529399,"comment_status":"","ping_status":"","sticky":false,"template":"","format":"standard","meta":{"footnotes":""},"categories":[9566],"tags":[1111,11,2430,47212,1777,674,1011,27,2731,12,25,104,853],"class_list":{"0":"post-529398","1":"post","2":"type-post","3":"status-publish","4":"format-standard","5":"has-post-thumbnail","7":"category-grenoble","8":"tag-actu","9":"tag-actualites","10":"tag-auvergne-rhone-alpes","11":"tag-bloquons-tout","12":"tag-eu","13":"tag-europe","14":"tag-fr","15":"tag-france","16":"tag-grenoble","17":"tag-news","18":"tag-republique-francaise","19":"tag-societe","20":"tag-spectacles"},"share_on_mastodon":{"url":"https:\/\/pubeurope.com\/@fr\/115537780770035188","error":""},"_links":{"self":[{"href":"https:\/\/www.europesays.com\/fr\/wp-json\/wp\/v2\/posts\/529398","targetHints":{"allow":["GET"]}}],"collection":[{"href":"https:\/\/www.europesays.com\/fr\/wp-json\/wp\/v2\/posts"}],"about":[{"href":"https:\/\/www.europesays.com\/fr\/wp-json\/wp\/v2\/types\/post"}],"author":[{"embeddable":true,"href":"https:\/\/www.europesays.com\/fr\/wp-json\/wp\/v2\/users\/2"}],"replies":[{"embeddable":true,"href":"https:\/\/www.europesays.com\/fr\/wp-json\/wp\/v2\/comments?post=529398"}],"version-history":[{"count":0,"href":"https:\/\/www.europesays.com\/fr\/wp-json\/wp\/v2\/posts\/529398\/revisions"}],"wp:featuredmedia":[{"embeddable":true,"href":"https:\/\/www.europesays.com\/fr\/wp-json\/wp\/v2\/media\/529399"}],"wp:attachment":[{"href":"https:\/\/www.europesays.com\/fr\/wp-json\/wp\/v2\/media?parent=529398"}],"wp:term":[{"taxonomy":"category","embeddable":true,"href":"https:\/\/www.europesays.com\/fr\/wp-json\/wp\/v2\/categories?post=529398"},{"taxonomy":"post_tag","embeddable":true,"href":"https:\/\/www.europesays.com\/fr\/wp-json\/wp\/v2\/tags?post=529398"}],"curies":[{"name":"wp","href":"https:\/\/api.w.org\/{rel}","templated":true}]}}